{"id":291866,"date":"2025-12-16T22:30:12","date_gmt":"2025-12-16T22:30:12","guid":{"rendered":"https:\/\/www.europesays.com\/es\/291866\/"},"modified":"2025-12-16T22:30:12","modified_gmt":"2025-12-16T22:30:12","slug":"clasificaciones-completas-de-la-5a-etapa-de-la-vuelta-a-costa-rica-2025","status":"publish","type":"post","link":"https:\/\/www.europesays.com\/es\/291866\/","title":{"rendered":"Clasificaciones completas de la 5\u00aa etapa de la Vuelta a Costa Rica 2025"},"content":{"rendered":"<p>\t\t\t&#13;<br \/>\n&#13;<\/p>\n<p><img loading=\"lazy\" decoding=\"async\" src=\"https:\/\/www.europesays.com\/es\/wp-content\/uploads\/2025\/12\/vuelta-costa-rica-et5-clasificaciones-2025-es-ciclismo.jpg\" width=\"556\" height=\"418\" class=\"setborder\" alt=\"Clasificaciones completas de la 5\u00aa etapa de la Vuelta a Costa Rica 2025\" title=\"Clasificaciones completas de la 5\u00aa etapa de la Vuelta a Costa Rica 2025\"\/><br \/>\n&#13;<br \/>\n&#13;<br \/>\n&#13;<br \/>\n<a href=\"https:\/\/www.esciclismo.com\/actualidad\/esciclismo\/\" rel=\"nofollow noopener\" target=\"_blank\">EsCiclismo.com<\/a> \u00b7 <a href=\"https:\/\/www.esciclismo.com\/actualidad\/carretera\/\" rel=\"nofollow noopener\" target=\"_blank\">Competici\u00f3n Carretera<\/a>  \u00b7 16\/12\/2025<\/p>\n<p>\u00c9stas son las clasificaciones completas tras la 5\u00aa etapa de la 59\u00aa Vuelta Ciclista Internacional a Costa Rica 2025, una jornada de alta monta\u00f1a de 127 kil\u00f3metros disputada este martes, 16 de diciembre, entre San Jos\u00e9 y P\u00e9rez Zeled\u00f3n, con el paso decisivo por el emblem\u00e1tico Cerro de la Muerte.<\/p>\n<p>&#13;<\/p>\n<p><b id=\"P1\"\/><a href=\"https:\/\/www.esciclismo.com\/actualidad\/carretera\/88955.html\" rel=\"nofollow noopener\" target=\"_blank\">La victoria de etapa se la adjudic\u00f3 al sprint el ciclista ecuatoriano Wilson Haro<\/a> (Giant Toscana Mitsubishi), que fue el m\u00e1s r\u00e1pido en un reducido grupo cabecero tras una jornada marcada por los continuos ataques y un vertiginoso descenso final. El costarricense Donovan Ram\u00edrez (Colono Bikestation K\u00f6lbi) y su compatriota Alejandro Granados (Colono Bikestation K\u00f6lbi) completaron el podio de la etapa.<\/p>\n<p>&#13;<\/p>\n<p>En la clasificaci\u00f3n general individual, el vigente campe\u00f3n Luis Daniel Oses (7C Economy Hyundai) asumi\u00f3 el liderato de la <a href=\"https:\/\/www.esciclismo.com\/especiales\/vuelta-costa-rica\/\" rel=\"nofollow noopener\" target=\"_blank\">Vuelta a Costa Rica<\/a> tras una s\u00f3lida actuaci\u00f3n en la monta\u00f1a, aprovechando las diferencias generadas en el Cerro de la Muerte para situarse al frente de la carrera.<\/p>\n<p>&#13;<br \/>\nClasificaciones de la Vuelta a Costa Rica 2025 &#8211; Etapa 5&#13;<\/p>\n<p><b>Clasificaci\u00f3n de la 5\u00aa etapa:<\/b><br \/>&#13;<br \/>\n1. Wilson Haro (ECU\/Giant Toscana Mitsubishi) &#8211; 3:22:10<br \/>&#13;<br \/>\n2. Donovan Ram\u00edrez (CRC\/Colono Bikestation K\u00f6lbi) &#8211; m.t.<br \/>&#13;<br \/>\n3. Alejandro Granados (CRC\/Colono Bikestation K\u00f6lbi) &#8211; m.t.<br \/>&#13;<br \/>\n4. Sebasti\u00e1n Moya (CRC\/Manzat\u00e9 La Selva-Scott) a 0:21<br \/>&#13;<br \/>\n5. Luis Daniel Oses (CRC\/7C Economy Hyundai) a 0:21<br \/>&#13;<br \/>\n6. Richard Roland Huera (ECU\/Movistar Best PC) a 0:21<br \/>&#13;<br \/>\n7. Luis Aguilar (CRC\/7C Economy Hyundai) a 1:19<br \/>&#13;<br \/>\n8. Nixon Rosero (ECU\/Movistar Best PC) a 1:19<br \/>&#13;<br \/>\n9. Gabriel Rojas (CRC\/Manzat\u00e9 La Selva-Scott) a 1:19<br \/>&#13;<br \/>\n10. Erik Pozo (ECU\/Movistar Best PC) a 1:19<br \/>&#13;<br \/>\n11. Daniel Bonilla (CRC\/Colono Bikestation K\u00f6lbi) a 2:36<br \/>&#13;<br \/>\n12. Joseph Ram\u00edrez (CRC\/Colono Bikestation K\u00f6lbi) a 2:36<br \/>&#13;<br \/>\n13. Leandro Varela (CRC\/7C Economy Hyundai) a 2:36<br \/>&#13;<br \/>\n14. Alexander Gil (COL\/Canel\u2019s-Java) a 2:36<br \/>&#13;<br \/>\n15. Alexis Quinteros (ECU\/Giant Toscana Mitsubishi) a 2:36<br \/>&#13;<br \/>\n16. Sergio Arias (CRC\/Colono Bikestation K\u00f6lbi) a 2:36<br \/>&#13;<br \/>\n17. Jymmi Santiago Montenegro (ECU\/Movistar Best PC) a 2:36<br \/>&#13;<br \/>\n18. Rodolfo Villalobos (CRC\/Ciclo Caf\u00e9-Repuestos Mena) a 2:36<br \/>&#13;<br \/>\n19. Kenny Nijssen (NED\/Universe Cycling) a 2:36<br \/>&#13;<br \/>\n20. Bryan Salas (CRC\/Costafrut-Giant-AC Marriott) a 2:36<br \/>&#13;<br \/>\n21. Jexon Jos\u00e9 Ledezma (CRC\/Sel. de Costa Rica) a 2:36<br \/>&#13;<br \/>\n22. Gabriel Pacheco (CRC\/Manzat\u00e9 La Selva-Scott) a 3:32<br \/>&#13;<br \/>\n23. Daniel G\u00f3mez (CRC\/Ciclo Caf\u00e9-Repuestos Mena) a 4:08<br \/>&#13;<br \/>\n24. Efr\u00e9n Santos (MEX\/Canel\u2019s-Java) a 4:11<br \/>&#13;<br \/>\n25. H\u00e9ctor \u00c1lvarez (ECU\/Movistar Best PC) a 5:21<br \/>&#13;<br \/>\n26. Fredd Matute (HON\/Momentum Racing-GCS-Quici) a 6:02<br \/>&#13;<br \/>\n27. Kendall Fern\u00e1ndez (CRC\/Sel. de Costa Rica) a 7:45<br \/>&#13;<br \/>\n28. Kevin Rivera (CRC\/7C Economy Hyundai) a 7:46<br \/>&#13;<br \/>\n29. Dorian Monterroso (GUA\/Sel. de Guatemala) a 7:46<br \/>&#13;<br \/>\n30. Brayan Vargas (CRC\/Distribuidora Cruz-Tecnoforest) a 9:18<br \/>&#13;<br \/>\n31. Diego del Campo (CHI\/Plus Performance-ZEO Sport) a 9:18<br \/>&#13;<br \/>\n32. Boud Greefs (BEL\/Flanders Region) a 9:18<br \/>&#13;<br \/>\n33. Alejandro Pati\u00f1o (CRC\/Distribuidora Cruz-Tecnoforest) a 9:18<br \/>&#13;<br \/>\n34. Alejandro Pita (ECU\/Giant Toscana Mitsubishi) a 9:18<br \/>&#13;<br \/>\n35. Juan Oviedo (CRC\/Distribuidora Cruz-Tecnoforest) a 9:18<br \/>&#13;<br \/>\n36. Heiner Parra (COL\/Canel\u2019s-Java) a 9:18<br \/>&#13;<br \/>\n37. Anthony Travez (ECU\/Giant Toscana Mitsubishi) a 9:22<br \/>&#13;<br \/>\n38. Alex Rony Julajuj (GUA\/Sel. de Guatemala) a 9:25<br \/>&#13;<br \/>\n39. Cormac McGeough (IRL\/Canel\u2019s-Java) a 13:16<br \/>&#13;<br \/>\n40. Luis Monteros (ECU\/Movistar Best PC) a 13:32<br \/>&#13;<br \/>\n41. Christian Albarrac\u00edn (ECU\/Giant Toscana Mitsubishi) a 13:32<br \/>&#13;<br \/>\n42. Sebasti\u00e1n Brenes (CRC\/Canel\u2019s-Java) a 13:32<br \/>&#13;<br \/>\n43. Sebasti\u00e1n Calder\u00f3n (CRC\/7C Economy Hyundai) a 13:32<br \/>&#13;<br \/>\n44. Brandon Aguilar (CRC\/Manzat\u00e9 La Selva-Scott) a 13:32<br \/>&#13;<br \/>\n45. Edgar Grave (GUA\/Sel. de Guatemala) a 14:39<br \/>&#13;<br \/>\n46. Ernesto Fern\u00e1ndez (CRC\/Manzat\u00e9 La Selva-Scott) a 18:12<br \/>&#13;<br \/>\n47. Alejandro Coto (CRC\/Ciclo Caf\u00e9-Repuestos Mena) a 19:19<br \/>&#13;<br \/>\n48. Jos\u00e9 Sancho (CRC\/Colono Bikestation K\u00f6lbi) a 20:10<br \/>&#13;<br \/>\n49. Jonathan Aguilar (CRC\/Sel. de Costa Rica) a 20:14<br \/>&#13;<br \/>\n50. Crist\u00f3bal Baeza (CHI\/Plus Performance-ZEO Sport) a 20:16<br \/>&#13;<br \/>\n51. Pablo Mudarra (CRC\/Colono Bikestation K\u00f6lbi) a 20:16<br \/>&#13;<br \/>\n52. Bayron Guam\u00e1 (ECU\/Movistar Best PC) a 20:16<br \/>&#13;<br \/>\n53. Francisco Kotsakis (CHI\/Plus Performance-ZEO Sport) a 20:33<br \/>&#13;<br \/>\n54. Tom\u00e1s Quir\u00f3z (CHI\/Plus Performance-ZEO Sport) a 20:33<br \/>&#13;<br \/>\n55. H\u00e9ctor Quintana (CHI\/Plus Performance-ZEO Sport) a 20:33<br \/>&#13;<br \/>\n56. Derrick Chavarr\u00eda (BIZ\/Momentum Racing-GCS-Quici) a 21:14<br \/>&#13;<br \/>\n57. Dylan Jim\u00e9nez (CRC\/7C Economy Hyundai) a 21:14<br \/>&#13;<br \/>\n58. Marcos S\u00e1nchez (CRC\/Distribuidora Cruz-Tecnoforest) a 21:14<br \/>&#13;<br \/>\n59. Jason Huertas (CRC\/Manzat\u00e9 La Selva-Scott) a 21:14<br \/>&#13;<br \/>\n60. Cas Hermans (BEL\/Flanders Region) a 22:07<br \/>&#13;<br \/>\n61. Luis L\u00f3pez (HON\/Manzat\u00e9 La Selva-Scott) a 22:07<br \/>&#13;<br \/>\n62. Brayan R\u00edos (GUA\/Sel. de Guatemala) a 22:56<br \/>&#13;<br \/>\n63. Niels Matthys (BEL\/Flanders Region) a 23:21<br \/>&#13;<br \/>\n64. Kevin Murillo (CRC\/Distribuidora Cruz-Tecnoforest) a 23:21<br \/>&#13;<br \/>\n65. Owen Wright (USA\/Canel\u2019s-Java) a 24:18<br \/>&#13;<br \/>\n66. Ignacio Prado (MEX\/Canel\u2019s-Java) a 24:18<br \/>&#13;<br \/>\n67. Jeen De Jong (NED\/Universe Cycling) a 25:00<br \/>&#13;<br \/>\n68. Timothy Rugg (USA\/Momentum Racing-GCS-Quici) a 25:36<br \/>&#13;<br \/>\n69. Nikos Casto (USA\/Momentum Racing-GCS-Quici) a 25:36<br \/>&#13;<br \/>\n70. Henry Huinac (GUA\/Sel. de Guatemala) a 25:36<br \/>&#13;<br \/>\n71. Darren Soto (CRC\/Ciclo Caf\u00e9-Repuestos Mena) a 26:08<br \/>&#13;<br \/>\n72. Cristopher Cruz (CRC\/Sel. de Costa Rica) a 28:39<br \/>&#13;<br \/>\n73. Gr\u00e9goire Lemaire (BEL\/Flanders Region) a 29:17<br \/>&#13;<br \/>\n74. Stefan Verhoeff (NED\/Universe Cycling) a 29:48<br \/>&#13;<br \/>\n75. Wessel Lange (NED\/Universe Cycling) a 32:32<br \/>&#13;<br \/>\n76. Felipe Aros (USA\/Momentum Racing-GCS-Quici) a 32:33<br \/>&#13;<br \/>\n77. \u00d3scar Arroyo (CRC\/Costafrut-Giant-AC Marriott) a 33:40<br \/>&#13;<br \/>\n78. Rodrigo Hern\u00e1ndez (CRC\/Costafrut-Giant-AC Marriott) a 35:38<br \/>&#13;<br \/>\n79. Jos\u00e9 Castro (CRC\/Ciclo Caf\u00e9-Repuestos Mena) a 36:21<br \/>&#13;<br \/>\n80. Derek G\u00f3mez (CRC\/Ciclo Caf\u00e9-Repuestos Mena) a 36:21<br \/>&#13;<br \/>\n81. Kyvan Ast\u00faa (CRC\/Sel. de Costa Rica) a 36:44<br \/>&#13;<br \/>\n82. Pablo C\u00e9sar Cascante (CRC\/7C Economy Hyundai) a 36:45<br \/>&#13;<br \/>\n83. John Borstelman (USA\/Momentum Racing-GCS-Quici) a 36:45<br \/>&#13;<br \/>\n84. Rudy Matzar (GUA\/Sel. de Guatemala) a 38:32<br \/>&#13;<br \/>\n85. Dani Bonilla Bola\u00f1os (CRC\/Costafrut-Giant-AC Marriott) a 39:06<br \/>&#13;<br \/>\n86. Diego Loaiza (CRC\/Ciclo Caf\u00e9-Repuestos Mena) a 40:01<br \/>&#13;<br \/>\n87. Jaylen Brice\u00f1o (BIZ\/Momentum Racing-GCS-Quici) a 40:01<br \/>&#13;<br \/>\n88. Niels Van Beurden (NED\/Universe Cycling) a 40:03<\/p>\n<p>Fuera de control: Wannes Verschuere (BEL\/Flanders Region)<br \/>&#13;<br \/>\nFuera de control: Luuk Van de Meer (NED\/Universe Cycling)<br \/>&#13;<br \/>\nFuera de control: William Ch\u00e1vez (CRC\/Distribuidora Cruz-Tecnoforest)<\/p>\n<p>No termin\u00f3: Camilo Mart\u00ed Silva (CHI\/Plus Performance-ZEO Sport)<\/p>\n<p>&#13;<\/p>\n<p><b id=\"P3\"\/><b>Clasificaci\u00f3n general tras la 5\u00aa etapa:<\/b><br \/>&#13;<br \/>\n1. Luis Daniel Oses (CRC\/7C Economy Hyundai)<br \/>&#13;<br \/>\n2. Alejandro Granados (CRC\/Colono Bikestation K\u00f6lbi) a 1:37<br \/>&#13;<br \/>\n3. Gabriel Rojas (CRC\/Manzat\u00e9 La Selva-Scott) a 1:39<br \/>&#13;<br \/>\n4. Richard Roland Huera (ECU\/Movistar Best PC) a 1:55<br \/>&#13;<br \/>\n5. Luis Aguilar (CRC\/7C Economy Hyundai) a 1:57<br \/>&#13;<br \/>\n6. Leandro Varela (CRC\/7C Economy Hyundai) a 2:07<br \/>&#13;<br \/>\n7. Nixon Rosero (ECU\/Movistar Best PC) a 2:15<br \/>&#13;<br \/>\n8. Daniel Bonilla Bola\u00f1os (CRC\/Costafrut-Giant-AC Marriott) a 3:26<br \/>&#13;<br \/>\n9. Gabriel Pacheco (CRC\/Manzat\u00e9 La Selva-Scott) a 4:24<br \/>&#13;<br \/>\n10. Rodolfo Villalobos (CRC\/Ciclo Caf\u00e9-Repuestos Mena) a 5:07<br \/>&#13;<br \/>\n11. Alexander Gil (COL\/Canel\u2019s-Java) a 5:31<br \/>&#13;<br \/>\n12. Jymmi Santiago Montenegro (ECU\/Movistar Best PC) a 6:31<br \/>&#13;<br \/>\n13. Bryan Salas (CRC\/Costafrut-Giant-AC Marriott) a 6:35<br \/>&#13;<br \/>\n14. Efr\u00e9n Santos (MEX\/Canel\u2019s-Java) a 7:34<br \/>&#13;<br \/>\n15. Joseph Ram\u00edrez (CRC\/Colono Bikestation K\u00f6lbi) a 8:08<br \/>&#13;<br \/>\n16. Daniel G\u00f3mez (CRC\/Ciclo Caf\u00e9-Repuestos Mena) a 9:32<br \/>&#13;<br \/>\n17. Wilson Haro (ECU\/Giant Toscana Mitsubishi) a 10:34<br \/>&#13;<br \/>\n18. Jexon Jos\u00e9 Ledezma (CRC\/Sel. de Costa Rica) a 12:47<br \/>&#13;<br \/>\n19. Sebasti\u00e1n Moya (CRC\/Manzat\u00e9 La Selva-Scott) a 13:00<br \/>&#13;<br \/>\n20. Kenny Nijssen (NED\/Universe Cycling) a 14:03<br \/>&#13;<br \/>\n21. Erik Pozo (ECU\/Movistar Best PC) a 17:37<br \/>&#13;<br \/>\n22. Alexis Quinteros (ECU\/Giant Toscana Mitsubishi) a 19:05<br \/>&#13;<br \/>\n23. Sergio Arias (CRC\/Colono Bikestation K\u00f6lbi) a 20:34<br \/>&#13;<br \/>\n24. Heiner Parra (COL\/Canel\u2019s-Java) a 21:26<br \/>&#13;<br \/>\n25. Kevin Rivera (CRC\/7C Economy Hyundai) a 23:16<br \/>&#13;<br \/>\n26. H\u00e9ctor \u00c1lvarez (ECU\/Movistar Best PC) a 24:30<br \/>&#13;<br \/>\n27. Dylan Jim\u00e9nez (CRC\/7C Economy Hyundai) a 25:35<br \/>&#13;<br \/>\n28. Sebasti\u00e1n Calder\u00f3n (CRC\/7C Economy Hyundai) a 26:18<br \/>&#13;<br \/>\n29. Fredd Matute (HON\/Momentum Racing-GCS-Quici) a 27:47<br \/>&#13;<br \/>\n30. Alex Rony Julajuj (GUA\/Sel. de Guatemala) a 28:23<br \/>&#13;<br \/>\n31. Pablo Mudarra (CRC\/Colono Bikestation K\u00f6lbi) a 28:57<br \/>&#13;<br \/>\n32. Luis Monteros (ECU\/Movistar Best PC) a 29:52<br \/>&#13;<br \/>\n33. Bayron Guam\u00e1 (ECU\/Movistar Best PC) a 36:42<br \/>&#13;<br \/>\n34. Sebasti\u00e1n Brenes (CRC\/Canel\u2019s-Java) a 41:20<br \/>&#13;<br \/>\n35. Diego del Campo (CHI\/Plus Performance-ZEO Sport) a 42:16<br \/>&#13;<br \/>\n36. Donovan Ram\u00edrez (CRC\/Colono Bikestation K\u00f6lbi) a 43:36<br \/>&#13;<br \/>\n37. Boud Greefs (BEL\/Flanders Region) a 43:55<br \/>&#13;<br \/>\n38. Alejandro Pita (ECU\/Giant Toscana Mitsubishi) a 49:06<br \/>&#13;<br \/>\n39. H\u00e9ctor Quintana (CHI\/Plus Performance-ZEO Sport) a 49:44<br \/>&#13;<br \/>\n40. Crist\u00f3bal Baeza (CHI\/Plus Performance-ZEO Sport) a 49:54<br \/>&#13;<br \/>\n41. Brandon Aguilar (CRC\/Manzat\u00e9 La Selva-Scott) a 54:25<br \/>&#13;<br \/>\n42. Luis L\u00f3pez (HON\/Manzat\u00e9 La Selva-Scott) a 55:07<br \/>&#13;<br \/>\n43. Kendall Fern\u00e1ndez (CRC\/Sel. de Costa Rica) a 58:48<br \/>&#13;<br \/>\n44. Jason Huertas (CRC\/Manzat\u00e9 La Selva-Scott) a 1:00:42<br \/>&#13;<br \/>\n45. Brayan Vargas (CRC\/Distribuidora Cruz-Tecnoforest) a 1:01:37<br \/>&#13;<br \/>\n46. Jeen De Jong (NED\/Universe Cycling) a 1:03:05<br \/>&#13;<br \/>\n47. Dorian Monterroso (GUA\/Sel. de Guatemala) a 1:03:40<br \/>&#13;<br \/>\n48. Christian Albarrac\u00edn (ECU\/Giant Toscana Mitsubishi) a 1:05:00<br \/>&#13;<br \/>\n49. Jos\u00e9 Sancho (CRC\/Colono Bikestation K\u00f6lbi) a 1:09:42<br \/>&#13;<br \/>\n50. Francisco Kotsakis (CHI\/Plus Performance-ZEO Sport) a 1:10:13<br \/>&#13;<br \/>\n51. Ignacio Prado (MEX\/Canel\u2019s-Java) a 1:10:41<br \/>&#13;<br \/>\n52. Kevin Murillo (CRC\/Distribuidora Cruz-Tecnoforest) a 1:11:43<br \/>&#13;<br \/>\n53. Tom\u00e1s Quir\u00f3z (CHI\/Plus Performance-ZEO Sport) a 1:13:24<br \/>&#13;<br \/>\n54. Alejandro Pati\u00f1o (CRC\/Distribuidora Cruz-Tecnoforest) a 1:16:54<br \/>&#13;<br \/>\n55. Marcos S\u00e1nchez (CRC\/Distribuidora Cruz-Tecnoforest) a 1:17:25<br \/>&#13;<br \/>\n56. Alejandro Coto (CRC\/Ciclo Caf\u00e9-Repuestos Mena) a 1:17:54<br \/>&#13;<br \/>\n57. Timothy Rugg (USA\/Momentum Racing-GCS-Quici) a 1:18:28<br \/>&#13;<br \/>\n58. Edgar Grave (GUA\/Sel. de Guatemala) a 1:19:15<br \/>&#13;<br \/>\n59. Jonathan Aguilar (CRC\/Sel. de Costa Rica) a 1:23:15<br \/>&#13;<br \/>\n60. Anthony Travez (ECU\/Giant Toscana Mitsubishi) a 1:23:17<br \/>&#13;<br \/>\n61. Derrick Chavarr\u00eda (BIZ\/Momentum Racing-GCS-Quici) a 1:23:53<br \/>&#13;<br \/>\n62. Owen Wright (USA\/Canel\u2019s-Java) a 1:25:30<br \/>&#13;<br \/>\n63. Niels Matthys (BEL\/Flanders Region) a 1:27:07<br \/>&#13;<br \/>\n64. Juan Oviedo (CRC\/Distribuidora Cruz-Tecnoforest) a 1:29:52<br \/>&#13;<br \/>\n65. Brayan R\u00edos (GUA\/Sel. de Guatemala) a 1:30:09<br \/>&#13;<br \/>\n66. Cormac McGeough (IRL\/Canel\u2019s-Java) a 1:30:55<br \/>&#13;<br \/>\n67. Ernesto Fern\u00e1ndez (CRC\/Manzat\u00e9 La Selva-Scott) a 1:34:19<br \/>&#13;<br \/>\n68. Jos\u00e9 Castro (CRC\/Ciclo Caf\u00e9-Repuestos Mena) a 1:35:53<br \/>&#13;<br \/>\n69. Darren Soto (CRC\/Ciclo Caf\u00e9-Repuestos Mena) a 1:42:45<br \/>&#13;<br \/>\n70. Stefan Verhoeff (NED\/Universe Cycling) a 1:42:52<br \/>&#13;<br \/>\n71. Wessel Lange (NED\/Universe Cycling) a 1:44:37<br \/>&#13;<br \/>\n72. John Borstelman (USA\/Momentum Racing-GCS-Quici) a 1:46:26<br \/>&#13;<br \/>\n73. Rodrigo Hern\u00e1ndez (CRC\/Costafrut-Giant-AC Marriott) a 1:48:02<br \/>&#13;<br \/>\n74. Pablo C\u00e9sar Cascante (CRC\/7C Economy Hyundai) a 1:51:09<br \/>&#13;<br \/>\n75. Cas Hermans (BEL\/Flanders Region) a 1:54:47<br \/>&#13;<br \/>\n76. Gr\u00e9goire Lemaire (BEL\/Flanders Region) a 2:00:12<br \/>&#13;<br \/>\n77. Felipe Aros (USA\/Momentum Racing-GCS-Quici) a 2:00:30<br \/>&#13;<br \/>\n78. Henry Huinac (GUA\/Sel. de Guatemala) a 2:01:12<br \/>&#13;<br \/>\n79. Nikos Casto (USA\/Momentum Racing-GCS-Quici) a 2:06:34<br \/>&#13;<br \/>\n80. Rudy Matzar (GUA\/Sel. de Guatemala) a 2:09:52<br \/>&#13;<br \/>\n81. Derek G\u00f3mez (CRC\/Ciclo Caf\u00e9-Repuestos Mena) a 2:19:40<br \/>&#13;<br \/>\n82. Kyvan Ast\u00faa (CRC\/Sel. de Costa Rica) a 2:23:02<br \/>&#13;<br \/>\n83. Cristopher Cruz (CRC\/Sel. de Costa Rica) a 2:31:21<br \/>&#13;<br \/>\n84. Jaylen Brice\u00f1o (BIZ\/Momentum Racing-GCS-Quici) a 2:38:46<br \/>&#13;<br \/>\n85. \u00d3scar Arroyo (CRC\/Costafrut-Giant-AC Marriott) a 2:38:56<br \/>&#13;<br \/>\n86. Daniel Bonilla Bola\u00f1os (CRC\/Costafrut-Giant-AC Marriott) a 2:40:40<br \/>&#13;<br \/>\n87. Diego Loaiza (CRC\/Ciclo Caf\u00e9-Repuestos Mena) a 2:54:15<br \/>&#13;<br \/>\n88. Niels Van Beurden (NED\/Universe Cycling) a 2:56:04<\/p>\n<p>&#13;<\/p>\n<p><b>Clasificaci\u00f3n general de los Puntos (Top-10):<\/b><br \/>&#13;<br \/>\n1. Jason Huertas (CRC\/Manzat\u00e9 La Selva-Scott) &#8211; 31<br \/>&#13;<br \/>\n2. Alejandro Granados (CRC\/Colono Bikestation K\u00f6lbi) &#8211; 28<br \/>&#13;<br \/>\n3. Leandro Varela (CRC\/7C Economy Hyundai) &#8211; 25<br \/>&#13;<br \/>\n4. Wilson Haro (ECU\/Giant Toscana Mitsubishi) &#8211; 24<br \/>&#13;<br \/>\n5. Gabriel Rojas (CRC\/Manzat\u00e9 La Selva-Scott) &#8211; 24<br \/>&#13;<br \/>\n6. Luis Daniel Oses (CRC\/7C Economy Hyundai) &#8211; 22<br \/>&#13;<br \/>\n7. Luis Aguilar (CRC\/7C Economy Hyundai) &#8211; 20<br \/>&#13;<br \/>\n8. Daniel Bonilla (CRC\/Colono Bikestation K\u00f6lbi) &#8211; 20<br \/>&#13;<br \/>\n9. Jymmi Santiago Montenegro (ECU\/Movistar Best PC) &#8211; 19<br \/>&#13;<br \/>\n10. Jexon Jos\u00e9 Ledezma (CRC\/Sel. de Costa Rica) &#8211; 15<\/p>\n<p>&#13;<\/p>\n<p><b id=\"P4\"\/><b>Clasificaci\u00f3n general de la Monta\u00f1a (Top-10):<\/b><br \/>&#13;<br \/>\n1. Jymmi Santiago Montenegro (ECU\/Movistar Best PC) &#8211; 40<br \/>&#13;<br \/>\n2. Luis Daniel Oses (CRC\/7C Economy Hyundai) &#8211; 22<br \/>&#13;<br \/>\n3. Wilson Haro (ECU\/Giant Toscana Mitsubishi) &#8211; 22<br \/>&#13;<br \/>\n4. Luis Aguilar (CRC\/7C Economy Hyundai) &#8211; 20<br \/>&#13;<br \/>\n5. Fredd Matute (HON\/Momentum Racing-GCS-Quici) &#8211; 20<br \/>&#13;<br \/>\n6. Sebasti\u00e1n Moya (CRC\/Manzat\u00e9 La Selva-Scott) &#8211; 19<br \/>&#13;<br \/>\n7. Leandro Varela (CRC\/7C Economy Hyundai) &#8211; 19<br \/>&#13;<br \/>\n8. Sergio Arias (CRC\/Colono Bikestation K\u00f6lbi) &#8211; 16<br \/>&#13;<br \/>\n9. Richard Roland Huera (ECU\/Movistar Best PC) &#8211; 14<br \/>&#13;<br \/>\n10. Gabriel Rojas (CRC\/Manzat\u00e9 La Selva-Scott) &#8211; 12<\/p>\n<p>&#13;<\/p>\n<p><b>Clasificaci\u00f3n general de los J\u00f3venes (Top-10):<\/b><br \/>&#13;<br \/>\n1. Alejandro Granados (CRC\/Colono Bikestation K\u00f6lbi) &#8211; 14:26:44<br \/>&#13;<br \/>\n2. Luis Aguilar (CRC\/7C Economy Hyundai) a 0:20<br \/>&#13;<br \/>\n3. Gabriel Pacheco (CRC\/Manzat\u00e9 La Selva-Scott) a 2:47<br \/>&#13;<br \/>\n4. Daniel G\u00f3mez (CRC\/Ciclo Caf\u00e9-Repuestos Mena) a 7:55<br \/>&#13;<br \/>\n5. Jexon Jos\u00e9 Ledezma (CRC\/Sel. de Costa Rica) a 11:10<br \/>&#13;<br \/>\n6. Erik Pozo (ECU\/Movistar Best PC) a 16:00<br \/>&#13;<br \/>\n7. H\u00e9ctor \u00c1lvarez (ECU\/Movistar Best PC) a 22:53<br \/>&#13;<br \/>\n8. Sebasti\u00e1n Calder\u00f3n (CRC\/7C Economy Hyundai) a 24:41<br \/>&#13;<br \/>\n9. Luis Monteros (ECU\/Movistar Best PC) a 28:15<br \/>&#13;<br \/>\n10. Boud Greefs (BEL\/Flanders Region) a 42:18<\/p>\n<p>&#13;<\/p>\n<p><b id=\"P5\"\/><b>Clasificaci\u00f3n general por Equipos (Top-10):<\/b><br \/>&#13;<br \/>\n1. 7C Economy Hyundai &#8211; 43:19:30<br \/>&#13;<br \/>\n2. Movistar Best PC a 1:46<br \/>&#13;<br \/>\n3. Colono Bikestation K\u00f6lbi a 5:45<br \/>&#13;<br \/>\n4. Manzat\u00e9 La Selva-Scott a 15:00<br \/>&#13;<br \/>\n5. Canel\u2019s-Java a 30:22<br \/>&#13;<br \/>\n6. Giant Toscana Mitsubishi a 1:14:19<br \/>&#13;<br \/>\n7. Ciclo Caf\u00e9-Repuestos Mena a 1:25:12<br \/>&#13;<br \/>\n8. Plus Performance-ZEO Sport a 2:17:49<br \/>&#13;<br \/>\n9. Sel. de Costa Rica a 2:30:51<br \/>&#13;<br \/>\n10. Sel. de Guatemala a 2:41:37<\/p>\n<p>&#13;<br \/>\n&#13;<br \/>\n&#13;<br \/>\nEsCiclismo &#8211; Todos los derechos reservados. Est\u00e1 prohibido todo tipo de reproducci\u00f3n sin autorizaci\u00f3n expresa escrita.<br \/>&#13;<br \/>\n&#13;<\/p>\n<blockquote class=\"style-3\"><p>\ud83d\udce3<\/p>\n<p>Sigue toda la actualidad del mundo del ciclismo en nuestros canales de <a href=\"https:\/\/bit.ly\/WhatsappEsCiclismo\" target=\"_blank\" rel=\"noopener nofollow\"><b>WhatsApp<\/b><\/a> y <a href=\"https:\/\/bit.ly\/EsciclismoTelegram\" target=\"_blank\" rel=\"noopener nofollow\"><b>Telegram<\/b><\/a>, donde recibiras las noticias m\u00e1s destacadas.<\/p>\n<\/blockquote>\n","protected":false},"excerpt":{"rendered":"&#13; &#13; &#13; &#13; &#13; EsCiclismo.com \u00b7 Competici\u00f3n Carretera \u00b7 16\/12\/2025 \u00c9stas son las clasificaciones completas tras la&hellip;\n","protected":false},"author":2,"featured_media":291867,"comment_status":"","ping_status":"","sticky":false,"template":"","format":"standard","meta":{"footnotes":""},"categories":[273],"tags":[10605,517,53172,5593,18791,12528,313,1757,12652,55199,2828,312,38325,168,35329,7368,3953,25,24,53841,314,48998,61,293,2467,5215,7797,5329,4920,4191,738,68609,2228,23,167,69928,1261,1357,16834],"class_list":{"0":"post-291866","1":"post","2":"type-post","3":"status-publish","4":"format-standard","5":"has-post-thumbnail","7":"category-ciclismo","8":"tag-a","9":"tag-actualidad","10":"tag-adjudico","11":"tag-alta","12":"tag-carretera","13":"tag-cerro","14":"tag-ciclismo","15":"tag-ciclista","16":"tag-clasificaciones","17":"tag-completas","18":"tag-costa","19":"tag-cycling","20":"tag-decisivo","21":"tag-deportes","22":"tag-diciembre","23":"tag-disputada","24":"tag-emblematico","25":"tag-es","26":"tag-espana","27":"tag-estas","28":"tag-etapa","29":"tag-html","30":"tag-internacional","31":"tag-jornada","32":"tag-jose","33":"tag-kilometros","34":"tag-martes","35":"tag-montana","36":"tag-muerte","37":"tag-paso","38":"tag-perez","39":"tag-rica","40":"tag-san","41":"tag-spain","42":"tag-sports","43":"tag-spri","44":"tag-victoria","45":"tag-vuelta","46":"tag-zeledon"},"share_on_mastodon":{"url":"https:\/\/pubeurope.com\/@es\/115731616584912172","error":""},"_links":{"self":[{"href":"https:\/\/www.europesays.com\/es\/wp-json\/wp\/v2\/posts\/291866","targetHints":{"allow":["GET"]}}],"collection":[{"href":"https:\/\/www.europesays.com\/es\/wp-json\/wp\/v2\/posts"}],"about":[{"href":"https:\/\/www.europesays.com\/es\/wp-json\/wp\/v2\/types\/post"}],"author":[{"embeddable":true,"href":"https:\/\/www.europesays.com\/es\/wp-json\/wp\/v2\/users\/2"}],"replies":[{"embeddable":true,"href":"https:\/\/www.europesays.com\/es\/wp-json\/wp\/v2\/comments?post=291866"}],"version-history":[{"count":0,"href":"https:\/\/www.europesays.com\/es\/wp-json\/wp\/v2\/posts\/291866\/revisions"}],"wp:featuredmedia":[{"embeddable":true,"href":"https:\/\/www.europesays.com\/es\/wp-json\/wp\/v2\/media\/291867"}],"wp:attachment":[{"href":"https:\/\/www.europesays.com\/es\/wp-json\/wp\/v2\/media?parent=291866"}],"wp:term":[{"taxonomy":"category","embeddable":true,"href":"https:\/\/www.europesays.com\/es\/wp-json\/wp\/v2\/categories?post=291866"},{"taxonomy":"post_tag","embeddable":true,"href":"https:\/\/www.europesays.com\/es\/wp-json\/wp\/v2\/tags?post=291866"}],"curies":[{"name":"wp","href":"https:\/\/api.w.org\/{rel}","templated":true}]}}