{"id":291888,"date":"2025-12-16T22:58:13","date_gmt":"2025-12-16T22:58:13","guid":{"rendered":"https:\/\/www.europesays.com\/es\/291888\/"},"modified":"2025-12-16T22:58:13","modified_gmt":"2025-12-16T22:58:13","slug":"roman-burruchaga-y-el-desafio-de-construir-un-nombre-propio-en-el-tenis-argentino-siento-que-tengo-el-nivel-y-confio-mucho-en-mi","status":"publish","type":"post","link":"https:\/\/www.europesays.com\/es\/291888\/","title":{"rendered":"Rom\u00e1n Burruchaga y el desaf\u00edo de construir un nombre propio en el tenis argentino: \u201cSiento que tengo el nivel y conf\u00edo mucho en m\u00ed\u201d"},"content":{"rendered":"<p><img alt=\"Rom\u00e1n Burruchaga fue una de\" class=\"global-image\" decoding=\"async\" fetchpriority=\"high\" height=\"1933\" loading=\"eager\" src=\"https:\/\/www.europesays.com\/es\/wp-content\/uploads\/2025\/12\/FPQJAPHOYBCJ3G4XN7J3RTIDAQ.jpg\" width=\"2900\"\/>Rom\u00e1n Burruchaga fue una de las figuras de Las Finales del Interclubes de la AAT (Fuente: Prensa AAT)<\/p>\n<p class=\"paragraph\">Escribir la propia historia: ese suele ser el anhelo de quienes, por esas iron\u00edas del destino, nacen en familias marcadas por un v\u00ednculo profundo con el deporte. Ese es el camino que hoy transita <b>Rom\u00e1n Burruchaga<\/b>, actual <b>105\u00b0 del ranking ATP<\/b> y una de las proyecciones m\u00e1s firmes del tenis argentino, decidido a dar el salto definitivo hacia la \u00e9lite en <b>2026<\/b>.<\/p>\n<p class=\"paragraph\">Burru, heredero de un apellido cargado de resonancias, es hijo de <b>Jorge Burruchaga<\/b>, campe\u00f3n del mundo con la Selecci\u00f3n Argentina en <b>M\u00e9xico 1986<\/b> y figura emblem\u00e1tica de <b>Independiente<\/b>. Desde chico, bajo la luz solitaria del polvo de ladrillo del <b>Buenos Aires Lawn Tennis Club<\/b>, Rom\u00e1n aprendi\u00f3 a convivir con un desaf\u00edo silencioso: lograr que su apellido dialogara con el presente sin quedar prisionero del pasado.<\/p>\n<p class=\"paragraph\">Lejos de sentirlo como un peso, lo asume con naturalidad. \u201cSiempre digo que me da orgullo que mi pap\u00e1 sea tan reconocido y querido por la gente. Es algo muy lindo\u201d, explic\u00f3 en charla con <b>Infobae<\/b> durante <b>La Semana del Tenis, <\/b>donde integr\u00f3 el plantel que se consagr\u00f3 en<b> Las Finales del Interclubes <\/b>de la <b>Asociaci\u00f3n Argentina de Tenis (AAT).<\/b><\/p>\n<p class=\"paragraph\">Como tantos hijos de figuras p\u00fablicas, atraves\u00f3 en la adolescencia un proceso inevitable: acostumbrarse a ser observado, en primera instancia, bajo la etiqueta de \u201cel hijo de\u201d. Con el tiempo -asegura-, esa condici\u00f3n dej\u00f3 de incomodarlo. <\/p>\n<p><img alt=\"&quot;Con el \u00faltimo Mundial tom\u00e9\" class=\"global-image\" decoding=\"async\" fetchpriority=\"low\" height=\"1933\" loading=\"lazy\" src=\"https:\/\/www.europesays.com\/es\/wp-content\/uploads\/2025\/12\/55QXKQYBKRFYXMXCMMAEEBZI4E.jpg\" width=\"2900\"\/>\u00abCon el \u00faltimo Mundial tom\u00e9 noci\u00f3n de todo lo que hizo mi pap\u00e1\u00bb, dijo Rom\u00e1n Burruchaga (Fuente: Prensa AAT)<\/p>\n<p class=\"paragraph\">Nacido el <b>23 de enero de 2002<\/b>, Rom\u00e1n no fue testigo directo de la carrera de su padre; su v\u00ednculo con la obra de Jorge adentro de una cancha de 11 es audiovisual y narrado a trav\u00e9s de terceros. <b>\u201cEmpec\u00e9 a tomar noci\u00f3n ahora, con el \u00faltimo Mundial<\/b>, que lo viv\u00ed de manera consciente y entend\u00ed bien lo que genera todo eso. <b>Soy muy consciente de lo que hizo\u201d<\/b>, confes\u00f3.<\/p>\n<p class=\"paragraph\">Aunque eligi\u00f3 la raqueta desde temprano, tuvo un paso breve por el f\u00fatbol, deporte dominante en la familia Burruchaga. Adem\u00e1s de su padre, su hermano <b>Mauro<\/b>, de 27 a\u00f1os, milita actualmente en <b>Deportivo Mor\u00f3n<\/b>, en la Primera Nacional. \u201cDe chico jugaba al f\u00fatbol en la escuelita de River y tambi\u00e9n al baby f\u00fatbol. <b>Jugaba bien, sinceramente. Pero empec\u00e9 con el tenis en ese momento<\/b>, iba al colegio y hac\u00eda muchas cosas a la vez\u201d, record\u00f3.<\/p>\n<p class=\"paragraph\">Ese recorrido inicial, entre clases y entrenamientos, deriv\u00f3 con el tiempo en una elecci\u00f3n definitiva. Rom\u00e1n se volc\u00f3 de lleno al tenis, se integr\u00f3 al circuito de Menores y comenz\u00f3 a competir con regularidad. En la etapa Junior llegaron los resultados y tambi\u00e9n el orgullo de representar a la <b>Selecci\u00f3n Argentina<\/b>, al igual que su padre, en un <b>Mundial juvenil<\/b>. En <b>2020<\/b>, cerr\u00f3 esa etapa ubicado en el <b>puesto 25\u00b0 del ranking mundial junior<\/b>.<\/p>\n<p class=\"paragraph\">El respaldo familiar fue clave para sostener el salto al profesionalismo, un privilegio del que muchos de sus pares no gozan. \u201cPor suerte, yo tuve el apoyo de mis padres, pero s\u00e9 que para muchos tenistas argentinos no es f\u00e1cil. Sobre todo para quienes dependen de sponsors\u201d, reconoci\u00f3.<\/p>\n<p><img alt=\"Rom\u00e1n Burruchaga intenta una volea\" class=\"global-image\" decoding=\"async\" fetchpriority=\"low\" height=\"1933\" loading=\"lazy\" src=\"https:\/\/www.europesays.com\/es\/wp-content\/uploads\/2025\/12\/TUSXA2MPU5FA7D4CKDXKUBRDHM.jpg\" width=\"2900\"\/>Rom\u00e1n Burruchaga intenta una volea durante Las Finales del Interclubes (Fuente: Prensa AAT)<\/p>\n<p class=\"paragraph\">La <b>temporada 2025<\/b> fue la m\u00e1s consistente de su incipiente carrera. Con <b>tres t\u00edtulos<\/b>, Burruchaga qued\u00f3 a apenas cinco posiciones del <b>Top 100<\/b> y consolid\u00f3 su crecimiento. \u201cNo s\u00e9 si hay un motivo puntual, pero fui creciendo de a poco. A comienzos de a\u00f1o gan\u00e9 <b>mi primer Challenger, algo que ten\u00eda como una espina clavada. <\/b>Conseguirlo fue sacarme un peso de encima\u201d, explic\u00f3. <\/p>\n<p class=\"paragraph\">Ese logro le abri\u00f3 las puertas a torneos de mayor jerarqu\u00eda: debut\u00f3 y gan\u00f3 partidos en <b>Masters 1000<\/b> \u2014en Roma obtuvo su primer triunfo ante un Top 50\u2014, disput\u00f3 <b>Grand Slams<\/b> y alcanz\u00f3, por primera vez, los <b>cuartos de final de un ATP<\/b>. <b>\u201cSum\u00e9 muchas experiencias que me ayudaron a crecer\u201d<\/b>, resumi\u00f3.<\/p>\n<p class=\"paragraph\">Convencido del proceso, complet\u00f3 la idea con una certeza \u00edntima: <b>\u201cSiempre sent\u00ed que el nivel lo tengo y conf\u00edo mucho en m\u00ed<\/b>, pero eso es consecuencia de much\u00edsimas horas de trabajo, de un gran equipo y de avanzar paso a paso. Fue un a\u00f1o de romper moldes\u201d.<\/p>\n<p class=\"paragraph\">Uno de esos t\u00edtulos tuvo un valor especial: el <b>Challenger de Buenos Aires<\/b>, en el <b>Racket Club de Palermo<\/b>. Parad\u00f3jicamente, su presencia all\u00ed no estaba en los planes iniciales. \u201cVen\u00eda de Europa la semana anterior y sent\u00eda que no eran mis condiciones ideales. Jugar en casa es algo muy lindo, pero viajamos mucho y pasamos gran parte del a\u00f1o afuera; no quer\u00eda desperdiciar una semana de competencia\u201d, explic\u00f3. La decisi\u00f3n, guiada m\u00e1s por la intuici\u00f3n que por la comodidad, termin\u00f3 siendo acertada.<\/p>\n<p class=\"paragraph\">El cierre de la temporada le ofreci\u00f3 una chance concreta de ingresar por primera vez al <b>Top 100<\/b>, objetivo que se le escap\u00f3 al caer en semifinales del <b>Challenger de Montevideo<\/b>. \u201cHubiera sido lindo terminar dentro de los cien, pero no es algo con lo que tenga apuro\u201d, afirm\u00f3.<\/p>\n<p><img alt=\"&quot;Este a\u00f1o sum\u00e9 un mont\u00f3n\" class=\"global-image\" decoding=\"async\" fetchpriority=\"low\" height=\"1933\" loading=\"lazy\" src=\"https:\/\/www.europesays.com\/es\/wp-content\/uploads\/2025\/12\/HFDKJQM5BFH5HPPBJXTKXQUKSI.jpg\" width=\"2900\"\/>\u00abEste a\u00f1o sum\u00e9 un mont\u00f3n de experiencias que me ayudaron a crecer\u00bb, dijo Rom\u00e1n Burruchaga (Fuente: Prensa AAT)<\/p>\n<p class=\"paragraph\">Con la mira puesta en consolidarse en el circuito ATP en <b>2026<\/b>, Burruchaga qued\u00f3 a <b>seis bajas<\/b> de ingresar al cuadro principal del <b>Australian Open<\/b>. Detr\u00e1s de ese objetivo hay un equipo de trabajo encabezado por <b>Leonardo \u201cYacar\u00e9\u201d Mayer<\/b>, integrante del plantel campe\u00f3n de la <b>Copa Davis 2016<\/b>, el \u00fanico t\u00edtulo argentino en la competencia.<\/p>\n<p class=\"paragraph\">El propio Rom\u00e1n destac\u00f3 el valor de ese v\u00ednculo: \u201cMe siento muy c\u00f3modo con Leo. Tambi\u00e9n est\u00e1 el <b>Colo<\/b><b> Pastura <\/b>y formamos un gran equipo. Leo me aporta much\u00edsimo desde su experiencia: se retir\u00f3 hace poco, atraves\u00f3 todas las etapas y tiene vivencias que me sirven para anticipar situaciones. Adem\u00e1s, sabe mucho de tenis, es muy profesional y est\u00e1 atento a cada detalle\u201d.<\/p>\n<p class=\"paragraph\">Rom\u00e1n Burruchaga avanza paso a paso en la construcci\u00f3n de su propio camino. Con un apellido ilustre a cuestas, pero con la convicci\u00f3n de que el futuro se escribe en tiempo presente, el tenis argentino sigue de cerca a uno de sus proyectos m\u00e1s prometedores.<\/p>\n","protected":false},"excerpt":{"rendered":"Rom\u00e1n Burruchaga fue una de las figuras de Las Finales del Interclubes de la AAT (Fuente: Prensa AAT)&hellip;\n","protected":false},"author":2,"featured_media":291889,"comment_status":"","ping_status":"","sticky":false,"template":"","format":"standard","meta":{"footnotes":""},"categories":[274],"tags":[49946,1691,168,25,24,53306,68378,23,167,327,15401,326],"class_list":{"0":"post-291888","1":"post","2":"type-post","3":"status-publish","4":"format-standard","5":"has-post-thumbnail","7":"category-tenis","8":"tag-aat","9":"tag-atp","10":"tag-deportes","11":"tag-es","12":"tag-espana","13":"tag-interclubes","14":"tag-roman-burruchaga","15":"tag-spain","16":"tag-sports","17":"tag-tenis","18":"tag-tenis-argentino","19":"tag-tennis"},"share_on_mastodon":{"url":"https:\/\/pubeurope.com\/@es\/115731727728477759","error":""},"_links":{"self":[{"href":"https:\/\/www.europesays.com\/es\/wp-json\/wp\/v2\/posts\/291888","targetHints":{"allow":["GET"]}}],"collection":[{"href":"https:\/\/www.europesays.com\/es\/wp-json\/wp\/v2\/posts"}],"about":[{"href":"https:\/\/www.europesays.com\/es\/wp-json\/wp\/v2\/types\/post"}],"author":[{"embeddable":true,"href":"https:\/\/www.europesays.com\/es\/wp-json\/wp\/v2\/users\/2"}],"replies":[{"embeddable":true,"href":"https:\/\/www.europesays.com\/es\/wp-json\/wp\/v2\/comments?post=291888"}],"version-history":[{"count":0,"href":"https:\/\/www.europesays.com\/es\/wp-json\/wp\/v2\/posts\/291888\/revisions"}],"wp:featuredmedia":[{"embeddable":true,"href":"https:\/\/www.europesays.com\/es\/wp-json\/wp\/v2\/media\/291889"}],"wp:attachment":[{"href":"https:\/\/www.europesays.com\/es\/wp-json\/wp\/v2\/media?parent=291888"}],"wp:term":[{"taxonomy":"category","embeddable":true,"href":"https:\/\/www.europesays.com\/es\/wp-json\/wp\/v2\/categories?post=291888"},{"taxonomy":"post_tag","embeddable":true,"href":"https:\/\/www.europesays.com\/es\/wp-json\/wp\/v2\/tags?post=291888"}],"curies":[{"name":"wp","href":"https:\/\/api.w.org\/{rel}","templated":true}]}}