{"id":291894,"date":"2025-12-16T23:02:08","date_gmt":"2025-12-16T23:02:08","guid":{"rendered":"https:\/\/www.europesays.com\/es\/291894\/"},"modified":"2025-12-16T23:02:08","modified_gmt":"2025-12-16T23:02:08","slug":"entrenamientos-abiertos-del-barca-masculino-y-femenino-en-navidad","status":"publish","type":"post","link":"https:\/\/www.europesays.com\/es\/291894\/","title":{"rendered":"Entrenamientos abiertos del Bar\u00e7a masculino y femenino en Navidad"},"content":{"rendered":"<p data-gtm-element-container=\"modulo-texto-link\" class=\"paragraph\">Este mi\u00e9rcoles salen a la venta las entradas para los entrenamientos de puertas abiertas con fines solidarios de los primeros equipos masculino y femenino de f\u00fatbol, una iniciativa que la <strong>Fundaci\u00f3n FC Barcelona<\/strong> impulsa cada a\u00f1o coincidiendo con las fechas navide\u00f1as. En esta edici\u00f3n, la principal novedad es la incorporaci\u00f3n, por primera vez, del<strong> Bar\u00e7a femenino<\/strong>, que abrir\u00e1 uno de sus entrenamientos al p\u00fablico.<\/p>\n<p data-gtm-element-container=\"modulo-texto-link\" class=\"paragraph\">La sesi\u00f3n del primer equipo masculino, dirigido por <strong>Hansi Flick<\/strong>, se celebrar\u00e1 el lunes 29 de diciembre a partir de las 17.00 horas, mientras que el entrenamiento del primer equipo femenino tendr\u00e1 lugar el lunes 5 de enero por la ma\u00f1ana. Ambos eventos se desarrollar\u00e1n en el Estadi Johan Cruyff.<\/p>\n<p data-gtm-element-container=\"modulo-texto-link\" class=\"paragraph\">Los socios y socias del club podr\u00e1n adquirir las entradas durante las primeras 24 horas a un precio \u00fanico de 3 euros. Finalizado ese plazo, las localidades se pondr\u00e1n a la venta para el p\u00fablico general por 6 euros. Los gastos de gesti\u00f3n ser\u00e1n de 1,75 euros para socios y socias y de 2,5 euros para el resto de asistentes. Cada socio o socia podr\u00e1 comprar hasta seis entradas, cuatro de ellas con el descuento correspondiente.<\/p>\n<p data-gtm-element-container=\"modulo-texto-link\" class=\"paragraph\">La recaudaci\u00f3n \u00edntegra de ambos entrenamientos se destinar\u00e1 al proyecto <strong>Polseres Blaugranes<\/strong>, una iniciativa de la <strong>Fundaci\u00f3n FC Barcelona<\/strong> orientada a mejorar la estancia de larga duraci\u00f3n de ni\u00f1os, ni\u00f1as y adolescentes hospitalizados o que padecen enfermedades graves.<\/p>\n<p>    Lee tambi\u00e9n<\/p>\n<p data-gtm-element-container=\"modulo-texto-link\" class=\"paragraph\">Este programa se desarrolla en colaboraci\u00f3n con hospitales pedi\u00e1tricos de Catalunya y de distintos puntos del mundo, con el objetivo de humanizar la atenci\u00f3n sanitaria y adaptar las actividades a las necesidades espec\u00edficas de cada centro.<\/p>\n","protected":false},"excerpt":{"rendered":"Este mi\u00e9rcoles salen a la venta las entradas para los entrenamientos de puertas abiertas con fines solidarios de&hellip;\n","protected":false},"author":2,"featured_media":291895,"comment_status":"","ping_status":"","sticky":false,"template":"","format":"standard","meta":{"footnotes":""},"categories":[268],"tags":[168,25,24,280,282,281,23,167],"class_list":{"0":"post-291894","1":"post","2":"type-post","3":"status-publish","4":"format-standard","5":"has-post-thumbnail","7":"category-futbol","8":"tag-deportes","9":"tag-es","10":"tag-espana","11":"tag-football","12":"tag-futbol","13":"tag-soccer","14":"tag-spain","15":"tag-sports"},"share_on_mastodon":{"url":"https:\/\/pubeurope.com\/@es\/115731742369381417","error":""},"_links":{"self":[{"href":"https:\/\/www.europesays.com\/es\/wp-json\/wp\/v2\/posts\/291894","targetHints":{"allow":["GET"]}}],"collection":[{"href":"https:\/\/www.europesays.com\/es\/wp-json\/wp\/v2\/posts"}],"about":[{"href":"https:\/\/www.europesays.com\/es\/wp-json\/wp\/v2\/types\/post"}],"author":[{"embeddable":true,"href":"https:\/\/www.europesays.com\/es\/wp-json\/wp\/v2\/users\/2"}],"replies":[{"embeddable":true,"href":"https:\/\/www.europesays.com\/es\/wp-json\/wp\/v2\/comments?post=291894"}],"version-history":[{"count":0,"href":"https:\/\/www.europesays.com\/es\/wp-json\/wp\/v2\/posts\/291894\/revisions"}],"wp:featuredmedia":[{"embeddable":true,"href":"https:\/\/www.europesays.com\/es\/wp-json\/wp\/v2\/media\/291895"}],"wp:attachment":[{"href":"https:\/\/www.europesays.com\/es\/wp-json\/wp\/v2\/media?parent=291894"}],"wp:term":[{"taxonomy":"category","embeddable":true,"href":"https:\/\/www.europesays.com\/es\/wp-json\/wp\/v2\/categories?post=291894"},{"taxonomy":"post_tag","embeddable":true,"href":"https:\/\/www.europesays.com\/es\/wp-json\/wp\/v2\/tags?post=291894"}],"curies":[{"name":"wp","href":"https:\/\/api.w.org\/{rel}","templated":true}]}}