{"id":291910,"date":"2025-12-16T23:15:11","date_gmt":"2025-12-16T23:15:11","guid":{"rendered":"https:\/\/www.europesays.com\/es\/291910\/"},"modified":"2025-12-16T23:15:11","modified_gmt":"2025-12-16T23:15:11","slug":"ultima-hora-de-la-jornada-politica-del-16-de-diciembre-de-2025-el-alcalde-de-barbadas-deja-el-psoe-tras-la-denuncia-de-acoso-laboral-y-encubrimiento-de-acoso-sexual-de-una-militante-espa","status":"publish","type":"post","link":"https:\/\/www.europesays.com\/es\/291910\/","title":{"rendered":"\u00daltima hora de la jornada pol\u00edtica del 16\u00a0de diciembre\u00a0de 2025 | El alcalde de Barbad\u00e1s deja el PSOE tras la denuncia de acoso laboral y encubrimiento de acoso sexual de una militante | Espa\u00f1a"},"content":{"rendered":"<p class=\"ev-title\">Los partidos de Sumar escenifican su malestar con el PSOE: \u201cEl presidente ha perdido una oportunidad para rendir cuentas\u201d<\/p>\n<p>Representantes de los partidos de Sumar en el Gobierno (Izquierda Unida, Comunes, M\u00e1s Madrid y Movimiento Sumar) han comparecido este martes en el Congreso para reclamar al PSOE un \u201crelanzamiento\u201d del Ejecutivo y escenificar su malestar tras la comparecencia del presidente Pedro S\u00e1nchez. A la misma hora que Enrique Santiago, portavoz parlamentario de IU, reclamaba p\u00fablicamente la reuni\u00f3n de la comisi\u00f3n de seguimiento de la coalici\u00f3n, las formaciones han emitido un comunicado con su posicionamiento. \u201cConsideramos que el presidente del Gobierno ha perdido una oportunidad para rendir cuentas con la claridad y la contundencia necesarias ante los casos de corrupci\u00f3n y ante la falta de respuestas firmes frente a situaciones de acoso sexual y laboral que afectan al PSOE. Esta situaci\u00f3n no puede abordarse desde la inacci\u00f3n ni desde la continuidad sin cambios\u201d, reza el escrito firmado por las cuatro organizaciones.<\/p>\n<p>\u201cReafirmamos nuestro compromiso con impulsar y acelerar la agenda social y democr\u00e1tica del Gobierno. Los avances logrados durante la legislatura han sido fruto del trabajo y de la exigencia de nuestra coalici\u00f3n, y seguiremos actuando con responsabilidad para garantizar que el Ejecutivo cumpla con el mandato recibido en las urnas\u201d, prosigue el texto.\u00a0<\/p>\n<p>En Sumar mantienen su petici\u00f3n de remodelaci\u00f3n de los equipos, pero matizan que hay que ir m\u00e1s all\u00e1 de un cambio de caras, fundamentalmente en vivienda con la pr\u00f3rroga de los contratos de alquiler que vencen en los pr\u00f3ximos meses o la moratoria de los desahucios para familias vulnerables, y en la intervenci\u00f3n de precios en determinados productos b\u00e1sicos. \u201cEstamos convencidos de que en el PSOE hay una clara desorientaci\u00f3n y una par\u00e1lisis, pero estamos acostumbrados a que a la primera el PSOE ponga por delante un no. Despu\u00e9s viene el trabajo sosegado y el s\u00ed, el acuerdo para sacar adelante medidas\u201d, ha se\u00f1alado Santiago en rueda de prensa.\u00a0<\/p>\n<p>\u201cSolicitamos al PSOE una reuni\u00f3n urgente para analizar la situaci\u00f3n actual, conocer las medidas que tiene pensado implementar para hacer frente a la corrupci\u00f3n y los casos de acoso sexual y laboral, as\u00ed como los cambios necesarios en el seno del gobierno para acordar qu\u00e9 medidas sociales y en defensa del derecho a la vivienda impulsaremos de manera inmediata desde el Gobierno de coalici\u00f3n. La ciudadan\u00eda necesita un Ejecutivo que act\u00fae con transparencia, determinaci\u00f3n y compromiso, y que est\u00e9 a la altura de la responsabilidad hist\u00f3rica asumida\u201d, termina el comunicado.<\/p>\n","protected":false},"excerpt":{"rendered":"Los partidos de Sumar escenifican su malestar con el PSOE: \u201cEl presidente ha perdido una oportunidad para rendir&hellip;\n","protected":false},"author":2,"featured_media":291911,"comment_status":"","ping_status":"","sticky":false,"template":"","format":"standard","meta":{"footnotes":""},"categories":[8],"tags":[6069,17,18,4456,6913,25,24,13,14,582,6909,248,11,19,20,6910,9,10,15,16,957,2959,952,1670,956,1699,6914,6912,23,4453,12,21,22,624,6911,4454],"class_list":{"0":"post-291910","1":"post","2":"type-post","3":"status-publish","4":"format-standard","5":"has-post-thumbnail","7":"category-espana","8":"tag-alberto-nunez-feijoo","9":"tag-breaking-news","10":"tag-breakingnews","11":"tag-congreso-diputados","12":"tag-debates-parlamentarios","13":"tag-es","14":"tag-espana","15":"tag-featured-news","16":"tag-featurednews","17":"tag-gobierno","18":"tag-gobierno-de-coalicion","19":"tag-gobierno-de-espana","20":"tag-headlines","21":"tag-latest-news","22":"tag-latestnews","23":"tag-legislaturas-politicas","24":"tag-news","25":"tag-noticias","26":"tag-noticias-destacadas","27":"tag-noticiasdestacadas","28":"tag-partidos-politicos","29":"tag-pedro-sanchez","30":"tag-politica","31":"tag-politicos","32":"tag-pp","33":"tag-psoe","34":"tag-santiago-abascal","35":"tag-senado","36":"tag-spain","37":"tag-sumar","38":"tag-titulares","39":"tag-ultimas-noticias","40":"tag-ultimasnoticias","41":"tag-vox","42":"tag-xv-legislatura-espana","43":"tag-yolanda-diaz"},"share_on_mastodon":{"url":"","error":"Validation failed: Text character limit of 500 exceeded"},"_links":{"self":[{"href":"https:\/\/www.europesays.com\/es\/wp-json\/wp\/v2\/posts\/291910","targetHints":{"allow":["GET"]}}],"collection":[{"href":"https:\/\/www.europesays.com\/es\/wp-json\/wp\/v2\/posts"}],"about":[{"href":"https:\/\/www.europesays.com\/es\/wp-json\/wp\/v2\/types\/post"}],"author":[{"embeddable":true,"href":"https:\/\/www.europesays.com\/es\/wp-json\/wp\/v2\/users\/2"}],"replies":[{"embeddable":true,"href":"https:\/\/www.europesays.com\/es\/wp-json\/wp\/v2\/comments?post=291910"}],"version-history":[{"count":0,"href":"https:\/\/www.europesays.com\/es\/wp-json\/wp\/v2\/posts\/291910\/revisions"}],"wp:featuredmedia":[{"embeddable":true,"href":"https:\/\/www.europesays.com\/es\/wp-json\/wp\/v2\/media\/291911"}],"wp:attachment":[{"href":"https:\/\/www.europesays.com\/es\/wp-json\/wp\/v2\/media?parent=291910"}],"wp:term":[{"taxonomy":"category","embeddable":true,"href":"https:\/\/www.europesays.com\/es\/wp-json\/wp\/v2\/categories?post=291910"},{"taxonomy":"post_tag","embeddable":true,"href":"https:\/\/www.europesays.com\/es\/wp-json\/wp\/v2\/tags?post=291910"}],"curies":[{"name":"wp","href":"https:\/\/api.w.org\/{rel}","templated":true}]}}