{"id":291912,"date":"2025-12-16T23:16:09","date_gmt":"2025-12-16T23:16:09","guid":{"rendered":"https:\/\/www.europesays.com\/es\/291912\/"},"modified":"2025-12-16T23:16:09","modified_gmt":"2025-12-16T23:16:09","slug":"el-1x1-del-triunfo-del-deportivo-ante-el-mallorca-en-la-copa-del-rey","status":"publish","type":"post","link":"https:\/\/www.europesays.com\/es\/291912\/","title":{"rendered":"El \u00ab1&#215;1\u00bb del triunfo del Deportivo ante el Mallorca en la Copa del Rey"},"content":{"rendered":"<p>\t\t\t\t\t\tQuagliata fue el mejor en un partido en el que los canteranos se ganaron una nota alta<br \/>\n\t\t\t\t\t\t\t\t\t\t\t\t<strong>16 dic 2025<\/strong> . Actualizado a las 21:17 h.\t\t\t\t\t\t<\/p>\n<p class=\"first-paragraph txt\">El mejor |\u00a0Quagliata | 9<\/p>\n<p class=\"txt\">Su banda fue la v\u00eda m\u00e1s s\u00f3lida para profundizar, y llev\u00f3 el peligro. Despleg\u00f3 el italiano un gran nivel, impecable arriba y en defensa.<\/p>\n<p class=\"txt\">Eric Puerto | 7<\/p>\n<p class=\"txt\">Poco exigido, poro se mostr\u00f3 con confianza cuando le toc\u00f3 intervenir.<\/p>\n<p class=\"txt\">Lucas Noubi | 7<\/p>\n<p class=\"txt\">Aunque cometi\u00f3 alg\u00fan error puntual, mejor\u00f3 sus prestaciones. Cerr\u00f3 bien y estuvo atento a los cortes.<\/p>\n<p class=\"txt\">Arnau Comas | 9<\/p>\n<p class=\"txt\">Impecable. Cumpli\u00f3 con garant\u00edas, mostr\u00e1ndose s\u00f3lido y correcto.<\/p>\n<p class=\"txt\">Dani Barcia | 8<\/p>\n<p class=\"txt\">Buenos cortes y contundente en los bloqueos. Intervino con criterio, atento a las coberturas.<\/p>\n<p class=\"txt\">Jos\u00e9 Gragera | 5<\/p>\n<p class=\"txt\">Algo impreciso y precipitado a la hora de mover el bal\u00f3n.<\/p>\n<p class=\"txt\">Diego Villares | 7<\/p>\n<p class=\"txt\">Correcto al cruce. Dio un paso adelante en la segunda mitad, en la que tuvo un brillante lanzamiento que estrell\u00f3 en la madera.<\/p>\n<p class=\"txt\">Rub\u00e9n L\u00f3pez | 5<\/p>\n<p class=\"txt\">Lo dio todo como siempre, aunque esta vez cometi\u00f3 algunos errores.<\/p>\n<p class=\"txt\">Mella | 6<\/p>\n<p class=\"txt\">De menos a m\u00e1s. Siempre activo y colaborador atr\u00e1s. Tuvo un testarazo que se march\u00f3 fuera.<\/p>\n<p class=\"txt\">Cristian Herrera | 5<\/p>\n<p class=\"txt\">Suyo fue el primer tiro del D\u00e9por despu\u00e9s de un buen desmarque. Aunque le cost\u00f3 traducir las acciones en ocasiones.\u00a0<\/p>\n<p class=\"txt\">Mulattieri | 5<\/p>\n<p class=\"txt\">Particip\u00f3 poco. Se encerr\u00f3 sin opci\u00f3n de remate en una llegada interesante. Tuvo un cabezazo que se march\u00f3 fuera.<\/p>\n<p class=\"txt\">Luismi Cruz | 7<\/p>\n<p class=\"txt\">Puso el centro del gol. Aport\u00f3 m\u00e1s presencia y llegada en los \u00faltimos metros.<\/p>\n<p class=\"txt\">Mario Soriano | 7<\/p>\n<p class=\"txt\">Dio m\u00e1s movilidad arriba y, desde su entrada, fluy\u00f3 m\u00e1s el equipo.<\/p>\n<p class=\"txt\">Stoichkov | 6<\/p>\n<p class=\"txt\">Cumpli\u00f3 sin grandes alardes.<\/p>\n<p class=\"txt\">Bil Nsongo | 9<\/p>\n<p class=\"txt\">Con personalidad, no le pes\u00f3 Riazor. Tuvo su ocasi\u00f3n y particip\u00f3 en la jugada del gol.<\/p>\n<p class=\"txt\">No\u00e9 Carrillo | 9<\/p>\n<p class=\"txt\">Aprovech\u00f3 con creces su debut, marcando el tanto de la victoria. Una noche para recordar.\u00a0<\/p>\n<p>&#13;<br \/>\n\tArchivado en:&#13;<br \/>\n\t\t\t\t\t<a href=\"https:\/\/www.lavozdegalicia.es\/temas\/deportivo\/\" target=\"_blank\" class=\"mg-l\" rel=\"nofollow noopener\">Deportivo<\/a>&#13;<br \/>\n\t&#13;<\/p>\n","protected":false},"excerpt":{"rendered":"Quagliata fue el mejor en un partido en el que los canteranos se ganaron una nota alta 16&hellip;\n","protected":false},"author":2,"featured_media":291913,"comment_status":"","ping_status":"","sticky":false,"template":"","format":"standard","meta":{"footnotes":""},"categories":[5],"tags":[17,18,412,25,24,13,14,11,19,20,9,10,15,16,23,12,21,22],"class_list":{"0":"post-291912","1":"post","2":"type-post","3":"status-publish","4":"format-standard","5":"has-post-thumbnail","7":"category-titulares","8":"tag-breaking-news","9":"tag-breakingnews","10":"tag-deportivo","11":"tag-es","12":"tag-espana","13":"tag-featured-news","14":"tag-featurednews","15":"tag-headlines","16":"tag-latest-news","17":"tag-latestnews","18":"tag-news","19":"tag-noticias","20":"tag-noticias-destacadas","21":"tag-noticiasdestacadas","22":"tag-spain","23":"tag-titulares","24":"tag-ultimas-noticias","25":"tag-ultimasnoticias"},"share_on_mastodon":{"url":"https:\/\/pubeurope.com\/@es\/115731797337485434","error":""},"_links":{"self":[{"href":"https:\/\/www.europesays.com\/es\/wp-json\/wp\/v2\/posts\/291912","targetHints":{"allow":["GET"]}}],"collection":[{"href":"https:\/\/www.europesays.com\/es\/wp-json\/wp\/v2\/posts"}],"about":[{"href":"https:\/\/www.europesays.com\/es\/wp-json\/wp\/v2\/types\/post"}],"author":[{"embeddable":true,"href":"https:\/\/www.europesays.com\/es\/wp-json\/wp\/v2\/users\/2"}],"replies":[{"embeddable":true,"href":"https:\/\/www.europesays.com\/es\/wp-json\/wp\/v2\/comments?post=291912"}],"version-history":[{"count":0,"href":"https:\/\/www.europesays.com\/es\/wp-json\/wp\/v2\/posts\/291912\/revisions"}],"wp:featuredmedia":[{"embeddable":true,"href":"https:\/\/www.europesays.com\/es\/wp-json\/wp\/v2\/media\/291913"}],"wp:attachment":[{"href":"https:\/\/www.europesays.com\/es\/wp-json\/wp\/v2\/media?parent=291912"}],"wp:term":[{"taxonomy":"category","embeddable":true,"href":"https:\/\/www.europesays.com\/es\/wp-json\/wp\/v2\/categories?post=291912"},{"taxonomy":"post_tag","embeddable":true,"href":"https:\/\/www.europesays.com\/es\/wp-json\/wp\/v2\/tags?post=291912"}],"curies":[{"name":"wp","href":"https:\/\/api.w.org\/{rel}","templated":true}]}}