{"id":291942,"date":"2025-12-16T23:52:24","date_gmt":"2025-12-16T23:52:24","guid":{"rendered":"https:\/\/www.europesays.com\/es\/291942\/"},"modified":"2025-12-16T23:52:24","modified_gmt":"2025-12-16T23:52:24","slug":"listados-tecnificacion-navidades-2025-area-tecnica-programa-de-tecnificacion-fexb","status":"publish","type":"post","link":"https:\/\/www.europesays.com\/es\/291942\/","title":{"rendered":"LISTADOS TECNIFICACI\u00d3N NAVIDADES 2025 &#8211; \u00c1REA T\u00c9CNICA &#8211; PROGRAMA DE TECNIFICACI\u00d3N FEXB"},"content":{"rendered":"<p>&#13;<br \/>\n                    Fechas y listados de entrenamiento&#13;\n                <\/p>\n<p style=\"color: rgb(34, 34, 34); font-style: normal; font-variant-ligatures: normal; font-variant-caps: normal; font-weight: 400; orphans: 2; text-align: start; text-indent: 0px; text-transform: none; widows: 2; word-spacing: 0px; -webkit-text-stroke-width: 0px; white-space: normal; background-color: rgb(255, 255, 255); text-decoration-thickness: initial; text-decoration-style: initial; text-decoration-color: initial; box-sizing: border-box; border-width: 0px; border-style: solid; margin: 1rem 0px 0.5rem; font-family: fkGroteskNeue, ui-sans-serif, system-ui, -apple-system, BlinkMacSystemFont, &quot;Segoe UI&quot;, Roboto, &quot;Helvetica Neue&quot;, Arial, &quot;Noto Sans&quot;, sans-serif, &quot;Apple Color Emoji&quot;, &quot;Segoe UI Emoji&quot;, &quot;Segoe UI Symbol&quot;, &quot;Noto Color Emoji&quot;, &quot;Hiragino Sans&quot;, &quot;PingFang SC&quot;, &quot;Apple SD Gothic Neo&quot;, &quot;Yu Gothic&quot;, &quot;Microsoft YaHei&quot;, &quot;Microsoft JhengHei&quot;, Meiryo; font-size: 16px; letter-spacing: 0.08px;\">Adjuntamos los documentos con las listas de convocados y detalles de las concentraciones de tecnificaci\u00f3n que tendr\u00e1n lugar durante las navidades 2025 para las selecciones cadetes e infantiles, masculinas y femeninas.<\/p>\n<p style=\"color: rgb(34, 34, 34); font-style: normal; font-variant-ligatures: normal; font-variant-caps: normal; font-weight: 400; orphans: 2; text-align: start; text-indent: 0px; text-transform: none; widows: 2; word-spacing: 0px; -webkit-text-stroke-width: 0px; white-space: normal; background-color: rgb(255, 255, 255); text-decoration-thickness: initial; text-decoration-style: initial; text-decoration-color: initial; box-sizing: border-box; border-width: 0px; border-style: solid; margin: 1rem 0px 0.5rem; font-family: fkGroteskNeue, ui-sans-serif, system-ui, -apple-system, BlinkMacSystemFont, &quot;Segoe UI&quot;, Roboto, &quot;Helvetica Neue&quot;, Arial, &quot;Noto Sans&quot;, sans-serif, &quot;Apple Color Emoji&quot;, &quot;Segoe UI Emoji&quot;, &quot;Segoe UI Symbol&quot;, &quot;Noto Color Emoji&quot;, &quot;Hiragino Sans&quot;, &quot;PingFang SC&quot;, &quot;Apple SD Gothic Neo&quot;, &quot;Yu Gothic&quot;, &quot;Microsoft YaHei&quot;, &quot;Microsoft JhengHei&quot;, Meiryo; font-size: 16px; letter-spacing: 0.08px;\">Resumen de fechas y localidades:<\/p>\n<ul style=\"color: rgb(34, 34, 34); font-style: normal; font-variant-ligatures: normal; font-variant-caps: normal; font-weight: 400; orphans: 2; text-align: start; text-indent: 0px; text-transform: none; widows: 2; word-spacing: 0px; -webkit-text-stroke-width: 0px; white-space: normal; background-color: rgb(255, 255, 255); text-decoration-thickness: initial; text-decoration-style: initial; text-decoration-color: initial; box-sizing: border-box; border-width: 0px; border-style: solid; list-style-position: initial; margin: 0px; padding: 0px; font-family: fkGroteskNeue, ui-sans-serif, system-ui, -apple-system, BlinkMacSystemFont, &quot;Segoe UI&quot;, Roboto, &quot;Helvetica Neue&quot;, Arial, &quot;Noto Sans&quot;, sans-serif, &quot;Apple Color Emoji&quot;, &quot;Segoe UI Emoji&quot;, &quot;Segoe UI Symbol&quot;, &quot;Noto Color Emoji&quot;, &quot;Hiragino Sans&quot;, &quot;PingFang SC&quot;, &quot;Apple SD Gothic Neo&quot;, &quot;Yu Gothic&quot;, &quot;Microsoft YaHei&quot;, &quot;Microsoft JhengHei&quot;, Meiryo; font-size: 16px; letter-spacing: 0.08px;\">\n<li style=\"margin-left: 15px; box-sizing: border-box; border-width: 0px; border-style: solid; margin-top: 0px; margin-bottom: 0px; padding-top: 0px; padding-bottom: 0px;\">\n<p style=\"box-sizing: border-box; border-width: 0px; border-style: solid; margin: 0px 0px 0.5rem; padding-top: 0px;\">Cadete Femenina: C\u00e1ceres 21, 27, 29 dic.<\/p>\n<\/li>\n<li style=\"margin-left: 15px; box-sizing: border-box; border-width: 0px; border-style: solid; margin-top: 0px; margin-bottom: 0px; padding-top: 0px; padding-bottom: 0px;\">\n<p style=\"box-sizing: border-box; border-width: 0px; border-style: solid; margin: 0px 0px 0.5rem; padding-top: 0px;\">Cadete Masculina: Badajoz 20-21, 28-29 dic.<\/p>\n<\/li>\n<li style=\"margin-left: 15px; box-sizing: border-box; border-width: 0px; border-style: solid; margin-top: 0px; margin-bottom: 0px; padding-top: 0px; padding-bottom: 0px;\">\n<p style=\"box-sizing: border-box; border-width: 0px; border-style: solid; margin: 0px 0px 0.5rem; padding-top: 0px;\">Infantil Femenina: Don Benito 20-21 dic., C\u00e1ceres 27-28 dic.<\/p>\n<\/li>\n<li style=\"margin-left: 15px; box-sizing: border-box; border-width: 0px; border-style: solid; margin-top: 0px; margin-bottom: 0px; padding-top: 0px; padding-bottom: 0px;\">\n<p style=\"box-sizing: border-box; border-width: 0px; border-style: solid; margin: 0px 0px 0.5rem; padding-top: 0px;\">Infantil Masculina: C\u00e1ceres 21, 28 dic., Don Benito 26 dic.<\/p>\n<\/li>\n<\/ul>\n<p style=\"color: rgb(34, 34, 34); font-style: normal; font-variant-ligatures: normal; font-variant-caps: normal; font-weight: 400; orphans: 2; text-align: start; text-indent: 0px; text-transform: none; widows: 2; word-spacing: 0px; -webkit-text-stroke-width: 0px; white-space: normal; background-color: rgb(255, 255, 255); text-decoration-thickness: initial; text-decoration-style: initial; text-decoration-color: initial; box-sizing: border-box; border-width: 0px; border-style: solid; margin: 0.5rem 0px; font-family: fkGroteskNeue, ui-sans-serif, system-ui, -apple-system, BlinkMacSystemFont, &quot;Segoe UI&quot;, Roboto, &quot;Helvetica Neue&quot;, Arial, &quot;Noto Sans&quot;, sans-serif, &quot;Apple Color Emoji&quot;, &quot;Segoe UI Emoji&quot;, &quot;Segoe UI Symbol&quot;, &quot;Noto Color Emoji&quot;, &quot;Hiragino Sans&quot;, &quot;PingFang SC&quot;, &quot;Apple SD Gothic Neo&quot;, &quot;Yu Gothic&quot;, &quot;Microsoft YaHei&quot;, &quot;Microsoft JhengHei&quot;, Meiryo; font-size: 16px; letter-spacing: 0.08px;\">Quedamos a vuestra disposici\u00f3n para cualquier consulta.<\/p>\n","protected":false},"excerpt":{"rendered":"&#13; Fechas y listados de entrenamiento&#13; Adjuntamos los documentos con las listas de convocados y detalles de las&hellip;\n","protected":false},"author":2,"featured_media":291943,"comment_status":"","ping_status":"","sticky":false,"template":"","format":"standard","meta":{"footnotes":""},"categories":[269],"tags":[45,29167,299,298,3008,168,25,24,19590,2500,56026,68447,34095,2145,23,167,9086,12888],"class_list":{"0":"post-291942","1":"post","2":"type-post","3":"status-publish","4":"format-standard","5":"has-post-thumbnail","7":"category-baloncesto","8":"tag-45","9":"tag-area","10":"tag-baloncesto","11":"tag-basketball","12":"tag-de","13":"tag-deportes","14":"tag-es","15":"tag-espana","16":"tag-extremena","17":"tag-federacion","18":"tag-fexb","19":"tag-listados","20":"tag-navidades","21":"tag-programa","22":"tag-spain","23":"tag-sports","24":"tag-tecnica","25":"tag-tecnificacion"},"share_on_mastodon":{"url":"https:\/\/pubeurope.com\/@es\/115731938977244562","error":""},"_links":{"self":[{"href":"https:\/\/www.europesays.com\/es\/wp-json\/wp\/v2\/posts\/291942","targetHints":{"allow":["GET"]}}],"collection":[{"href":"https:\/\/www.europesays.com\/es\/wp-json\/wp\/v2\/posts"}],"about":[{"href":"https:\/\/www.europesays.com\/es\/wp-json\/wp\/v2\/types\/post"}],"author":[{"embeddable":true,"href":"https:\/\/www.europesays.com\/es\/wp-json\/wp\/v2\/users\/2"}],"replies":[{"embeddable":true,"href":"https:\/\/www.europesays.com\/es\/wp-json\/wp\/v2\/comments?post=291942"}],"version-history":[{"count":0,"href":"https:\/\/www.europesays.com\/es\/wp-json\/wp\/v2\/posts\/291942\/revisions"}],"wp:featuredmedia":[{"embeddable":true,"href":"https:\/\/www.europesays.com\/es\/wp-json\/wp\/v2\/media\/291943"}],"wp:attachment":[{"href":"https:\/\/www.europesays.com\/es\/wp-json\/wp\/v2\/media?parent=291942"}],"wp:term":[{"taxonomy":"category","embeddable":true,"href":"https:\/\/www.europesays.com\/es\/wp-json\/wp\/v2\/categories?post=291942"},{"taxonomy":"post_tag","embeddable":true,"href":"https:\/\/www.europesays.com\/es\/wp-json\/wp\/v2\/tags?post=291942"}],"curies":[{"name":"wp","href":"https:\/\/api.w.org\/{rel}","templated":true}]}}