{"id":291944,"date":"2025-12-16T23:53:05","date_gmt":"2025-12-16T23:53:05","guid":{"rendered":"https:\/\/www.europesays.com\/es\/291944\/"},"modified":"2025-12-16T23:53:05","modified_gmt":"2025-12-16T23:53:05","slug":"aprobados-los-siete-puntos-del-orden-del-dia-de-la-junta-general-con-el-apoyo-mayoritario-de-los-accionistas","status":"publish","type":"post","link":"https:\/\/www.europesays.com\/es\/291944\/","title":{"rendered":"Aprobados los siete puntos del orden del d\u00eda de la Junta General con el apoyo mayoritario de los accionistas"},"content":{"rendered":"<p>Los accionistas del Real Betis han aprobado los siete puntos del orden del d\u00eda sometidos a debate y votaci\u00f3n en la Junta General de Accionistas correspondiente al ejercicio 2024\/25.\u00a0 \u00a0<\/p>\n<p>La asamblea, que qued\u00f3 v\u00e1lidamente constituida con un 70,9% del capital social presente o representado (166.592 acciones -18.912 presentes, 144.025 representadas y 3.655 con votos telem\u00e1ticos-), se desarroll\u00f3 en un ambiente de m\u00e1ximo respeto y cordialidad entre los asistentes que acudieron al Hotel Barcel\u00f3 Renacimiento de Sevilla.\u00a0\u00a0<\/p>\n<p>Tras los habituales proleg\u00f3menos y el protocolario y respetuoso minuto de silencio por los b\u00e9ticos fallecidos en el \u00faltimo a\u00f1o, Jos\u00e9 Mar\u00eda Pagola, consejero del Real Betis responsable del \u00e1rea econ\u00f3mica, tom\u00f3 la palabra en primer lugar para explicar los dos primeros puntos del orden del d\u00eda relativos a la aprobaci\u00f3n de las cuentas anuales de la sociedad.\u00a0 \u00a0<\/p>\n<p>El consejero b\u00e9tico analiz\u00f3 en detalle los resultados y los compar\u00f3 con los del ejercicio anterior. En este contexto, destac\u00f3 que por tercera temporada consecutiva el Real Betis obtiene un resultado positivo antes de impuestos, en este ejercicio de 5,5 millones, con unos ingresos operativos que por vez primera en la historia superan los 150 millones, con una partida creciente por la venta de entradas (de 4,1 a 5,9 millones), de abonos (de 20,6 a 21,6 millones) y del \u00e1rea comercial (de 29,8 a 37,2 millones). A todo ello, hay que sumar los ingresos por competiciones europeas, que ascendieron de los 15,7 a los 20,7 millones por la disputa de la \u00faltima final de la UEFA Conference League.\u00a0<\/p>\n<p>Pagola tambi\u00e9n desgran\u00f3 el presupuesto estimado para la temporada 2025\/26, con unos ingresos de 203,76 millones para atender unos gastos operativos previstos de 187,41 millones, de los cuales 91,58 millones se destinan a la plantilla deportiva.<\/p>\n<p>Antes de iniciar las votaciones del primer y segundo punto del d\u00eda, el presidente del Real Betis, \u00c1ngel Haro, en respuesta a uno de los accionistas, anunci\u00f3 que se retomar\u00e1 la Atenci\u00f3n al B\u00e9tico de manera presencial.\u00a0<\/p>\n<p>En el siguiente punto, de nuevo, el presidente del Real Betis Balompi\u00e9, \u00c1ngel Haro, compareci\u00f3 ante los accionistas para explicar la gesti\u00f3n desarrollada por el \u00f3rgano de administraci\u00f3n durante el \u00faltimo ejercicio, correspondiente al punto tercero del orden del d\u00eda. <\/p>\n<p>En su intervenci\u00f3n, destac\u00f3 que la pasada temporada supuso \u00abun a\u00f1o r\u00e9cord en ingresos ordinarios, cumpliendo dos de los grandes objetivos estrat\u00e9gicos del Club: incrementar los ingresos recurrentes y consolidar la presencia del equipo en competiciones europeas de forma estable\u00bb, subray\u00f3.\u00a0\u00a0<\/p>\n<p>Durante su exposici\u00f3n, el presidente abord\u00f3 tambi\u00e9n el estado actual del proyecto del nuevo Estadio Benito Villamar\u00edn. \u00abLo f\u00e1cil habr\u00eda sido cerrar la financiaci\u00f3n y la constructora hace unos meses, pero hemos preferido involucrarnos directamente. Este modelo (colaborativo) ser\u00e1 m\u00e1s eficiente desde el punto de vista de los costes de la obra y de la financiaci\u00f3n, del mismo modo que ocurri\u00f3 con Gol Sur, donde el resultado fue un \u00e9xito, aunque ahora el desaf\u00edo sea considerablemente mayor\u00bb, se\u00f1al\u00f3.\u00a0<\/p>\n<p>Tras la aprobaci\u00f3n de la gesti\u00f3n, los accionistas tambi\u00e9n votaron a favor de la ratificaci\u00f3n del nombramiento por cooptaci\u00f3n del consejero Joaqu\u00edn S\u00e1nchez Rodr\u00edguez, as\u00ed como la reelecci\u00f3n de \u00c1ngel Haro (presidente), Jos\u00e9 Miguel L\u00f3pez Catal\u00e1n (vicepresidente), Jos\u00e9 Mar\u00eda Pagola (consejero) y Ricardo D\u00edaz (consejero).\u00a0\u00a0<\/p>\n<p>Tambi\u00e9n se aprob\u00f3 el nombramiento del auditor de cuentas para la verificaci\u00f3n de las Cuentas Anuales de la Sociedad correspondientes a los ejercicios sociales que se cerrar\u00e1n a 30 de junio de 2026, 2027 y 2028, as\u00ed como la autorizaci\u00f3n al \u00f3rgano de administraci\u00f3n para el gravamen, la adquisici\u00f3n o la enajenaci\u00f3n de activos esenciales, conforme a lo dispuesto en el art\u00edculo 160.f) de la Ley de Sociedades de Capital.\u00a0<\/p>\n<p>La Junta General de Accionistas la cerr\u00f3 el presidente del Real Betis Balompi\u00e9, \u00c1ngel Haro, agradeciendo \u00abel tono constructivo entre b\u00e9ticos\u00bb y el buen trabajo para construir un Betis m\u00e1s grande. \u00abMirando la vista atr\u00e1s podemos afirmar que estos diez \u00faltimos a\u00f1os han sido un sue\u00f1o hecho realidad: seis clasificaciones europeas, el t\u00edtulo de la Copa del Rey, la primera final europea, la nueva ciudad deportiva y el proyecto nuevo estadio y, en definitiva, el orgullo de estar cumpliendo con nuestra promesa: hacer felices a los b\u00e9ticos\u00bb, concluy\u00f3.\u00a0 \u00a0<\/p>\n<p>RESULTADOS DE LAS VOTACIONES\u00a0<\/p>\n<p>1. Examen y aprobaci\u00f3n, en su caso, de las Cuentas Anuales de la Sociedad, que comprenden el Balance, la Cuenta de P\u00e9rdidas y Ganancias, el Estado de Cambios en el Patrimonio Neto, el Estado de Flujos de Efectivo y la Memoria; as\u00ed como el Informe de Gesti\u00f3n y el Estado de Informaci\u00f3n no Financiera de la Sociedad, correspondientes al ejercicio anual cerrado el 30 de junio de 2025.\u00a0<\/p>\n<p>S\u00cd: 165.446\u00a0<\/p>\n<p>NO: 128\u00a0<\/p>\n<p>Abstenci\u00f3n: 1.017\u00a0<\/p>\n<p>2. Examen y aprobaci\u00f3n, en su caso, de la propuesta de aplicaci\u00f3n del resultado del ejercicio cerrado el 30 de junio de 2025.\u00a0<\/p>\n<p>S\u00cd: 161.798\u00a0<\/p>\n<p>NO: 167\u00a0<\/p>\n<p>Abstenci\u00f3n: 4.626\u00a0<\/p>\n<p>\u00a0<\/p>\n<p>3. Examen y aprobaci\u00f3n, en su caso, de la gesti\u00f3n realizada por el \u00f3rgano de administraci\u00f3n durante el ejercicio cerrado el 30 de junio de 2025.\u00a0<\/p>\n<p>S\u00cd: 165.507\u00a0<\/p>\n<p>NO: 257\u00a0<\/p>\n<p>Abstenci\u00f3n: 827\u00a0<\/p>\n<p>\u00a0<\/p>\n<p>4. Ratificaci\u00f3n del nombramiento por cooptaci\u00f3n del Consejero D. Joaqu\u00edn S\u00e1nchez Rodr\u00edguez.\u00a0<\/p>\n<p>S\u00cd: 165.585\u00a0<\/p>\n<p>NO: 242\u00a0<\/p>\n<p>Abstenci\u00f3n: 764\u00a0<\/p>\n<p>5.A. Reelecci\u00f3n de Consejeros (\u00c1ngel Haro).\u00a0<\/p>\n<p>S\u00cd: 165.700\u00a0<\/p>\n<p>NO: 163\u00a0<\/p>\n<p>Abstenci\u00f3n: 728\u00a0<\/p>\n<p>\u00a0<\/p>\n<p>5.B. Reelecci\u00f3n de Consejeros (Jos\u00e9 Miguel L\u00f3pez Catal\u00e1n).\u00a0<\/p>\n<p>S\u00cd: 165.195\u00a0<\/p>\n<p>NO: 457\u00a0<\/p>\n<p>Abstenci\u00f3n: 939\u00a0<\/p>\n<p>\u00a0<\/p>\n<p>5.C. Reelecci\u00f3n de Consejeros (Jos\u00e9 Mar\u00eda Pagola).\u00a0<\/p>\n<p>S\u00cd: 165.078\u00a0<\/p>\n<p>NO: 183\u00a0<\/p>\n<p>Abstenci\u00f3n: 1.330\u00a0<\/p>\n<p>5.D. Reelecci\u00f3n de Consejeros (Ricardo D\u00edaz).\u00a0<\/p>\n<p>S\u00cd: 165.047\u00a0<\/p>\n<p>NO: 157<\/p>\n<p>Abstenci\u00f3n: 1.387<\/p>\n<p>\u00a0<\/p>\n<p>6. Nombramiento de auditor de cuentas para la verificaci\u00f3n de las Cuentas Anuales de la Sociedad para los ejercicios sociales que se cierren a 30 de junio de 2026, 2027 y 2028.\u00a0<\/p>\n<p>S\u00cd: 163.896\u00a0<\/p>\n<p>NO: 253\u00a0<\/p>\n<p>Abstenci\u00f3n: 2.442\u00a0<\/p>\n<p>7. Autorizaci\u00f3n para el gravamen, la adquisici\u00f3n o la enajenaci\u00f3n de activos esenciales a los efectos de lo dispuesto en el art\u00edculo 160.f) de la Ley de Sociedades de Capital.\u00a0<\/p>\n<p>S\u00cd: 164.619\u00a0<\/p>\n<p>NO: 664\u00a0<\/p>\n<p>Abstenci\u00f3n: 1.308\u00a0<\/p>\n","protected":false},"excerpt":{"rendered":"Los accionistas del Real Betis han aprobado los siete puntos del orden del d\u00eda sometidos a debate y&hellip;\n","protected":false},"author":2,"featured_media":291945,"comment_status":"","ping_status":"","sticky":false,"template":"","format":"standard","meta":{"footnotes":""},"categories":[268],"tags":[14295,291,168,25,24,280,282,798,286,281,23,167],"class_list":{"0":"post-291944","1":"post","2":"type-post","3":"status-publish","4":"format-standard","5":"has-post-thumbnail","7":"category-futbol","8":"tag-balompie","9":"tag-betis","10":"tag-deportes","11":"tag-es","12":"tag-espana","13":"tag-football","14":"tag-futbol","15":"tag-real","16":"tag-real-betis-balompie","17":"tag-soccer","18":"tag-spain","19":"tag-sports"},"share_on_mastodon":{"url":"https:\/\/pubeurope.com\/@es\/115731943012802183","error":""},"_links":{"self":[{"href":"https:\/\/www.europesays.com\/es\/wp-json\/wp\/v2\/posts\/291944","targetHints":{"allow":["GET"]}}],"collection":[{"href":"https:\/\/www.europesays.com\/es\/wp-json\/wp\/v2\/posts"}],"about":[{"href":"https:\/\/www.europesays.com\/es\/wp-json\/wp\/v2\/types\/post"}],"author":[{"embeddable":true,"href":"https:\/\/www.europesays.com\/es\/wp-json\/wp\/v2\/users\/2"}],"replies":[{"embeddable":true,"href":"https:\/\/www.europesays.com\/es\/wp-json\/wp\/v2\/comments?post=291944"}],"version-history":[{"count":0,"href":"https:\/\/www.europesays.com\/es\/wp-json\/wp\/v2\/posts\/291944\/revisions"}],"wp:featuredmedia":[{"embeddable":true,"href":"https:\/\/www.europesays.com\/es\/wp-json\/wp\/v2\/media\/291945"}],"wp:attachment":[{"href":"https:\/\/www.europesays.com\/es\/wp-json\/wp\/v2\/media?parent=291944"}],"wp:term":[{"taxonomy":"category","embeddable":true,"href":"https:\/\/www.europesays.com\/es\/wp-json\/wp\/v2\/categories?post=291944"},{"taxonomy":"post_tag","embeddable":true,"href":"https:\/\/www.europesays.com\/es\/wp-json\/wp\/v2\/tags?post=291944"}],"curies":[{"name":"wp","href":"https:\/\/api.w.org\/{rel}","templated":true}]}}