{"id":291951,"date":"2025-12-16T23:59:15","date_gmt":"2025-12-16T23:59:15","guid":{"rendered":"https:\/\/www.europesays.com\/es\/291951\/"},"modified":"2025-12-16T23:59:15","modified_gmt":"2025-12-16T23:59:15","slug":"la-bola-negra-la-proxima-pelicula-de-javier-calvo-y-javier-ambrossi-ya-tiene-fecha-de-estreno","status":"publish","type":"post","link":"https:\/\/www.europesays.com\/es\/291951\/","title":{"rendered":"&#8216;La bola negra&#8217;: La pr\u00f3xima pel\u00edcula de Javier Calvo y Javier Ambrossi ya tiene fecha de estreno"},"content":{"rendered":"<p>El 11 de novimebre de 2025 <a href=\"https:\/\/www.ecartelera.com\/personas\/javier-calvo\/\" data-mention-type=\"persona\" data-mention-id=\"13143\" rel=\"nofollow noopener\" target=\"_blank\">Javier Calvo<\/a> y <a href=\"https:\/\/www.ecartelera.com\/personas\/javier-ambrossi\/\" data-mention-type=\"persona\" data-mention-id=\"13144\" rel=\"nofollow noopener\" target=\"_blank\">Javier Ambrossi<\/a> <strong>anunciaron <a href=\"https:\/\/www.ecartelera.com\/noticias\/los-javis-se-separan-82394\/\" rel=\"nofollow noopener\" target=\"_blank\">p\u00fablicamente<\/a> el final de su relaci\u00f3n sentimental tras 13 a\u00f1os juntos<\/strong>. Durante m\u00e1s de una d\u00e9cada, los cineastas compartieron m\u00e1s que \u00abte quieros\u00bb. Colaboraban en proyectos art\u00edsticos de gran ambici\u00f3n que han dejado un marcado legado en el p\u00fablico, como la serie &#8216;<a href=\"https:\/\/www.ecartelera.com\/series\/paquita-salas\/\" data-mention-type=\"serie\" data-mention-id=\"565\" rel=\"nofollow noopener\" target=\"_blank\">Paquita Salas<\/a>&#8216; (2016-2919) o su exitoso musical &#8216;<a href=\"https:\/\/www.ecartelera.com\/peliculas\/la-llamada\/\" data-mention-type=\"pelicula\" data-mention-id=\"10427\" rel=\"nofollow noopener\" target=\"_blank\">La llamada<\/a>&#8216; (2017).<\/p>\n<p>Final Concierto de A\u00f1o Nuevo de &#8216;La Mes\u00edas&#8217; con Amaia, Stella Maris, Los Javis y Asier Etxeandia<\/p>\n<p><video id=\"vid-33315\" class=\"video-js vjs-default-skin\" data-title=\"Final Concierto de A\u00f1o Nuevo de 'La Mes\u00edas' con Amaia, Stella Maris, Los Javis y Asier Etxeandia\" poster=\"https:\/\/www.ecartelera.com\/images\/videos\/33300\/f33315.jpg\" controls=\"\" preload=\"auto\" width=\"640\" height=\"360\" playsinline=\"\" data-vtt=\"\/\/v1.ecartelera.com\/video\/33300\/33315_sprite.vtt\" data-stream=\"1\">El navegador no soporta el tag de v\u00eddeo.<\/video><\/p>\n<p>X<\/p>\n<p>A pesar de encontrarse en <a href=\"https:\/\/www.ecartelera.com\/noticias\/mensaje-javier-calvo-ruptura-javier-amrbossi-82406\/\" rel=\"nofollow noopener\" target=\"_blank\">proceso de ruptura<\/a> y caminos individuales, en el <a href=\"https:\/\/www.ecartelera.com\/noticias\/javis-ponen-venta-mansion-5-millones-euros-82475\/\" target=\"_blank\" rel=\"nofollow noopener\">\u00e1mbito profesional<\/a> no se iban a dejar ir tan f\u00e1cilmente. Actualmente se encuentran trabajando juntos en un nuevo proyecto: &#8216;<a href=\"https:\/\/www.ecartelera.com\/peliculas\/bola-negra\/\" data-mention-type=\"pelicula\" data-mention-id=\"19594\" rel=\"nofollow noopener\" target=\"_blank\">La bola negra<\/a>&#8216;. <strong>El largometraje ya cuenta con fecha programada de estreno y ahora solo queda iniciar una cuenta atr\u00e1s: su estreno ser\u00e1 el 2 de octubre de 2026 en cines<\/strong>.<\/p>\n<p>Con palabras en may\u00fascula sobre un fondo liso y sobrio, junto al anuncio de la fecha de estreno, <strong>Atresmedia ha publicado un nuevo p\u00f3ster promocional de la pel\u00edcula<\/strong>.<\/p>\n<p>\t\t\t\t\t\t\t<img decoding=\"async\" loading=\"lazy\" src=\"https:\/\/www.europesays.com\/es\/wp-content\/uploads\/2025\/12\/249866_la-bola-negra-de-javier-calvo-y-javier-ambrossi-ya-tiene-fecha-de-estreno.jpg\" alt=\"Cartel promocional de 'La bola negra' \" width=\"1200\" height=\"1500\"\/><\/p>\n<p>\t\t\t\t\t\tCartel promocional de &#8216;La bola negra&#8217;  (Atresmedia)<\/p>\n<p>El d\u00fao de cineastas trae a la gran pantalla una obra que le <strong>rinde homenaje y cargada de admiraci\u00f3n hacia un poeta ilustre: Federico Garc\u00eda Lorca<\/strong>. La pel\u00edcula rescata una obra inacabada del autor que, adem\u00e1s, centrar\u00e1 su trama en un protagonista abiertamente homosexual.<\/p>\n<p>Narra un trenzado de historias, tres vertientes que se funden en una sola historia. Tres hombres en tres \u00e9pocas distintas, viven sus vidas interconectadas sin saberlo entre s\u00ed. <strong>La sexualidad y el deseo, el dolor y la herencia; ser\u00e1n los pilares sobre los que se sustentar\u00e1n<\/strong>.<\/p>\n<p>\t\t\t\t\t\t\t<img decoding=\"async\" loading=\"lazy\" src=\"https:\/\/www.europesays.com\/es\/wp-content\/uploads\/2025\/12\/249867_la-bola-negra-de-javier-calvo-y-javier-ambrossi-ya-tiene-fecha-de-estreno.jpg\" alt=\"Rodaje de 'La bola negra' \" width=\"1200\" height=\"800\"\/><\/p>\n<p>\t\t\t\t\t\tRodaje de &#8216;La bola negra&#8217;  (Atresmedia)<\/p>\n<p>El elenco del nuevo proyecto se compone por <strong>caras que debutan en el mundo de la interpretaci\u00f3n<\/strong> como <strong>Guitarricadelafuente<\/strong> o MIlo Quifes, aunque tambi\u00e9n con otros ya conocidos en el mundo de las pelis y el cine como <a href=\"https:\/\/www.ecartelera.com\/personas\/miguel-bernardeau\/\" data-mention-type=\"persona\" data-mention-id=\"21881\" rel=\"nofollow noopener\" target=\"_blank\">Miguel Bernardeau<\/a> . Adem\u00e1s de contar con actores premiados como <a href=\"https:\/\/www.ecartelera.com\/personas\/lola-duenas\/\" data-mention-type=\"persona\" data-mention-id=\"4326\" rel=\"nofollow noopener\" target=\"_blank\">Lola Due\u00f1as<\/a> , <a href=\"https:\/\/www.ecartelera.com\/personas\/penelope-cruz\/\" data-mention-type=\"persona\" data-mention-id=\"1039\" rel=\"nofollow noopener\" target=\"_blank\">Pen\u00e9lope Cruz<\/a>  y la mism\u00edsima\u00a0<a href=\"https:\/\/www.ecartelera.com\/personas\/glenn-close\/\" data-mention-type=\"persona\" data-mention-id=\"3823\" rel=\"nofollow noopener\" target=\"_blank\">Glenn Close<\/a>.<\/p>\n<p><strong>Otros nombres conocidos tambi\u00e9n formar\u00e1n parte del proyecto son<\/strong>\u00a0<a href=\"https:\/\/www.ecartelera.com\/personas\/natalia-de-molina\/\" data-mention-type=\"persona\" data-mention-id=\"7578\" rel=\"nofollow noopener\" target=\"_blank\">Natalia de Molina<\/a> (&#8216;<a href=\"https:\/\/www.ecartelera.com\/peliculas\/vivir-es-facil-con-los-ojos-cerrados\/\" data-mention-type=\"pelicula\" data-mention-id=\"7019\" rel=\"nofollow noopener\" target=\"_blank\">Vivir es f\u00e1cil con los ojos cerrados<\/a>&#8216;), <a href=\"https:\/\/www.ecartelera.com\/personas\/albert-pla\/\" data-mention-type=\"persona\" data-mention-id=\"30698\" rel=\"nofollow noopener\" target=\"_blank\">Albert Pla<\/a> (&#8216;<a href=\"https:\/\/www.ecartelera.com\/series\/la-mesias\/\" data-mention-type=\"serie\" data-mention-id=\"2062\" rel=\"nofollow noopener\" target=\"_blank\">La Mes\u00edas<\/a>&#8216;), <a href=\"https:\/\/www.ecartelera.com\/personas\/yenesi\/\" data-mention-type=\"persona\" data-mention-id=\"31659\" rel=\"nofollow noopener\" target=\"_blank\">Yenesi<\/a> (&#8216;<a href=\"https:\/\/www.ecartelera.com\/series\/mariliendre\/\" data-mention-type=\"serie\" data-mention-id=\"2137\" rel=\"nofollow noopener\" target=\"_blank\">Mariliendre<\/a>&#8216;), <a href=\"https:\/\/www.ecartelera.com\/personas\/antonio-de-la-torre\/\" data-mention-type=\"persona\" data-mention-id=\"1108\" rel=\"nofollow noopener\" target=\"_blank\">Antonio de la Torre<\/a> (&#8216;<a href=\"https:\/\/www.ecartelera.com\/peliculas\/la-isla-minima\/\" data-mention-type=\"pelicula\" data-mention-id=\"7196\" rel=\"nofollow noopener\" target=\"_blank\">La isla m\u00ednima<\/a>&#8216;), <a href=\"https:\/\/www.ecartelera.com\/personas\/maria-morales\/\" data-mention-type=\"persona\" data-mention-id=\"7494\" rel=\"nofollow noopener\" target=\"_blank\">Mar\u00eda Morales<\/a> (&#8216;<a href=\"https:\/\/www.ecartelera.com\/series\/cuentame-como-paso\/\" data-mention-type=\"serie\" data-mention-id=\"11\" rel=\"nofollow noopener\" target=\"_blank\">Cu\u00e9ntame c\u00f3mo pas\u00f3<\/a>&#8216;) o <a href=\"https:\/\/www.ecartelera.com\/personas\/daniel-ibanez\/\" data-mention-type=\"persona\" data-mention-id=\"30165\" rel=\"nofollow noopener\" target=\"_blank\">Daniel Ib\u00e1\u00f1ez<\/a> (&#8216;<a href=\"https:\/\/www.ecartelera.com\/peliculas\/segundo-premio\/\" data-mention-type=\"pelicula\" data-mention-id=\"18469\" rel=\"nofollow noopener\" target=\"_blank\">Segundo premio<\/a>&#8216;).<\/p>\n<p>Aunque los Javis no se han basado solo en la reputaci\u00f3n o reconocimiento de los actores. Tambi\u00e9n <strong>han incorporado nuevos talentos de su propio descubrimiento<\/strong> como Javier Butler, Manuel Gareno, Teo Lucadamo, Valent\u00edn Mart\u00ednez, Mateo Medina, Miguel Moreno, Joaqu\u00edn Ruiz, Mario Silva y Gio Torino.<\/p>\n<p>No solo la carrera art\u00edstica evoluciona<\/p>\n<p>Aunque a ojos del p\u00fablico la ruptura no tiene apenas un mes, para la ahora expareja se trata de un asunto que llevan zanjando durante meses desde junio de 2025. La vida personal de cada uno se separa de la del otro y <strong>los rumores y habladur\u00edas sobre nuevos amores resurgen<\/strong>.<\/p>\n<p>\t\t\t\t\t\t\t<img decoding=\"async\" loading=\"lazy\" src=\"https:\/\/www.europesays.com\/es\/wp-content\/uploads\/2025\/12\/249869_la-bola-negra-de-javier-calvo-y-javier-ambrossi-ya-tiene-fecha-de-estreno.jpg\" alt=\"Rodaje de 'La bola negra' \" width=\"1200\" height=\"800\"\/><\/p>\n<p>\t\t\t\t\t\tRodaje de &#8216;La bola negra&#8217;  (Atresmedia)<\/p>\n<p>Por un lado, Ambrossi, se ha visto involucrado en rumores sobre haberse visto implicado sentimentalmente con un t\u00e9cnico de la industria audiovisual. Aunque, esto no ha sido confirmado por el cineasta en ning\u00fan momento.<\/p>\n<p>Por otro lado, Calvo tampoco se libra de los rumores sin fundamento sobre estar en una relaci\u00f3n con Guitarricadelafuente. \u00ab<strong>Es completamente falso que tengan o hayan tenido una relaci\u00f3n sentimental<\/strong>. Son buenos amigos. Se admiran, se respetan y se quieren\u00bb, desminti\u00f3 una fuente cercana a Javier Calvo.<\/p>\n","protected":false},"excerpt":{"rendered":"El 11 de novimebre de 2025 Javier Calvo y Javier Ambrossi anunciaron p\u00fablicamente el final de su relaci\u00f3n&hellip;\n","protected":false},"author":2,"featured_media":291952,"comment_status":"","ping_status":"","sticky":false,"template":"","format":"standard","meta":{"footnotes":""},"categories":[169],"tags":[1014,1015,1013,177,1011,146,147,25,24,782,176,1019,1016,175,753,1012,23,1017,1018],"class_list":{"0":"post-291951","1":"post","2":"type-post","3":"status-publish","4":"format-standard","5":"has-post-thumbnail","7":"category-cine","8":"tag-actores","9":"tag-actrices","10":"tag-cartelera","11":"tag-cine","12":"tag-ecartelera","13":"tag-entertainment","14":"tag-entretenimiento","15":"tag-es","16":"tag-espana","17":"tag-estrellas","18":"tag-film","19":"tag-fotogramas","20":"tag-fotos","21":"tag-movies","22":"tag-peliculas","23":"tag-pelis","24":"tag-spain","25":"tag-trailers","26":"tag-videos"},"share_on_mastodon":{"url":"https:\/\/pubeurope.com\/@es\/115731967744340473","error":""},"_links":{"self":[{"href":"https:\/\/www.europesays.com\/es\/wp-json\/wp\/v2\/posts\/291951","targetHints":{"allow":["GET"]}}],"collection":[{"href":"https:\/\/www.europesays.com\/es\/wp-json\/wp\/v2\/posts"}],"about":[{"href":"https:\/\/www.europesays.com\/es\/wp-json\/wp\/v2\/types\/post"}],"author":[{"embeddable":true,"href":"https:\/\/www.europesays.com\/es\/wp-json\/wp\/v2\/users\/2"}],"replies":[{"embeddable":true,"href":"https:\/\/www.europesays.com\/es\/wp-json\/wp\/v2\/comments?post=291951"}],"version-history":[{"count":0,"href":"https:\/\/www.europesays.com\/es\/wp-json\/wp\/v2\/posts\/291951\/revisions"}],"wp:featuredmedia":[{"embeddable":true,"href":"https:\/\/www.europesays.com\/es\/wp-json\/wp\/v2\/media\/291952"}],"wp:attachment":[{"href":"https:\/\/www.europesays.com\/es\/wp-json\/wp\/v2\/media?parent=291951"}],"wp:term":[{"taxonomy":"category","embeddable":true,"href":"https:\/\/www.europesays.com\/es\/wp-json\/wp\/v2\/categories?post=291951"},{"taxonomy":"post_tag","embeddable":true,"href":"https:\/\/www.europesays.com\/es\/wp-json\/wp\/v2\/tags?post=291951"}],"curies":[{"name":"wp","href":"https:\/\/api.w.org\/{rel}","templated":true}]}}