{"id":291974,"date":"2025-12-17T00:18:11","date_gmt":"2025-12-17T00:18:11","guid":{"rendered":"https:\/\/www.europesays.com\/es\/291974\/"},"modified":"2025-12-17T00:18:11","modified_gmt":"2025-12-17T00:18:11","slug":"ruth-asawa-y-jasper-john-protagonizan-la-primavera-y-verano-en-el-guggenheim-bilbao","status":"publish","type":"post","link":"https:\/\/www.europesays.com\/es\/291974\/","title":{"rendered":"Ruth Asawa y Jasper John protagonizan la primavera y verano en el Guggenheim Bilbao"},"content":{"rendered":"<p>\n        <strong>Durante <\/strong><a href=\"https:\/\/www.deia.eus\/cultura\/2025\/12\/16\/guggenheim-urdaibai-desarrollo-comarca-proyecto-10478066.html\" title=\"el Patronato que se ha celebrado este martes 16 de diciembre en el Guggenheim Bilbao\" class=\"link copy\" rel=\"nofollow noopener\" target=\"_blank\"><strong>el Patronato que se ha celebrado este martes 16 de diciembre en el Guggenheim Bilbao<\/strong><\/a><strong>,<\/strong> se ha dado a conocer tambi\u00e9n la programaci\u00f3n para el pr\u00f3ximo a\u00f1o. <strong>El museo presentar\u00e1 en primavera una exposici\u00f3n dedicada a Ruth Asawa (California, 1926 \u2013 San Francisco, 2013),<\/strong> <strong>una de las m\u00e1ximas representantes del arte americano-japon\u00e9s, y del arte moderno de posguerra. Fue una escultora visionaria cuyo trabajo transform\u00f3 el arte moderno<\/strong>, pero cuya contribuci\u00f3n permaneci\u00f3 en gran medida invisible durante su vida. Asawa se destac\u00f3 en un campo dominado por hombres, creando impresionantes esculturas de alambre que desafiaron las convenciones tradicionales de la escultura.\u00a0\n<\/p>\n<p class=\"article-body__text \">\n        J<strong>unto a su familia pas\u00f3 18 meses encerrados en un centro de trabajo de Arkansas,<\/strong> una experiencia que la marcar\u00eda de por vida e influir\u00eda en su obra art\u00edstica\n<\/p>\n<p class=\"article-body__text \">\n        <strong>La muestra que llega a Bilbao est\u00e1 organizada por el San Francisco Museum of Modern Art y el Museum of Modern Art de Nueva York, <\/strong>y ser\u00e1 la primera gran exposici\u00f3n en un museo en incluir todos los aspectos de la exquisita, variada e innovadora producci\u00f3n de esta autora.\n<\/p>\n<p>  120 obras de Jasper Johns<\/p>\n<p class=\"article-body__text \">\n        <strong>El otro gran protagonista de la primavera ser\u00e1 el creador norteamericano Jasper Johns, <\/strong>un artista que no solo renov\u00f3 la escena art\u00edstica americana de los a\u00f1os cincuenta, sesenta y setenta, sino que se convirti\u00f3 en fuente de inspiraci\u00f3n tanto para sus coet\u00e1neos como para nuevas generaciones de creadores.\n<\/p>\n<p class=\"article-body__text \">\n        <strong>La retrospectiva incluir\u00e1 unas 120 piezas, <\/strong>con obras de sus series m\u00e1s famosas, prestadas de colecciones privadas y museos de todo el mundo.\n<\/p>\n<p>  Steve McQueen y Dan Flavin<\/p>\n<p class=\"article-body__text \">\n        <strong>La programaci\u00f3n art\u00edstica continuar\u00e1 con dos exposiciones que se presentar\u00e1n en oto\u00f1o<\/strong>. La primera, que se inaugurar\u00e1 en octubre, estar\u00e1 dedicada al artista, cineasta y guionista<strong> Steve M c Queen<\/strong>, conocido por su exploraci\u00f3n de temaspersonales y colectivos a trav\u00e9s de la imagen en movimiento.<strong> Ya en noviembre dar\u00e1 comienzo la exposici\u00f3n Dan Flavin, artista que ide\u00f3 una nueva forma de arte radica<\/strong>l que elud\u00eda los l\u00edmites impuestos por el marco, el pedestal y dem\u00e1s convenciones expositivas. Se trata de una nueva muestra bienal integrada por fondos procedentes del Solomon R. Guggenheim Museum.\n<\/p>\n<p class=\"article-body__text \">\n        L<strong>a programaci\u00f3n se complementar\u00e1 con una nueva presentaci\u00f3n dedicada a la imagen en movimiento dentro del ciclo Film  and Video<\/strong> protagonizada por una videoinstalaci\u00f3n de la artista suiza <strong>Pipilotti Rist; y nuevas iteraciones de la nueva serie in situ<\/strong>, que exhibe obras concebidas expresamente para la sala 208 del Museo, en esta ocasi\u00f3n a cargo del artista sudafricano<strong> Igshaan Adams en mayo y de la canadiense Zadie Xa, q<\/strong>ue se inaugurar\u00e1 en noviembre.<\/p>\n","protected":false},"excerpt":{"rendered":"Durante el Patronato que se ha celebrado este martes 16 de diciembre en el Guggenheim Bilbao, se ha&hellip;\n","protected":false},"author":2,"featured_media":291975,"comment_status":"","ping_status":"","sticky":false,"template":"","format":"standard","meta":{"footnotes":""},"categories":[173],"tags":[229,233,231,230,69927,232,234,146,147,25,24,11954,25472,3556,62698,23],"class_list":{"0":"post-291974","1":"post","2":"type-post","3":"status-publish","4":"format-standard","5":"has-post-thumbnail","7":"category-arte-y-diseno","8":"tag-arte","9":"tag-arte-y-diseno","10":"tag-arts","11":"tag-arts-and-design","12":"tag-asawa","13":"tag-design","14":"tag-diseno","15":"tag-entertainment","16":"tag-entretenimiento","17":"tag-es","18":"tag-espana","19":"tag-jasper","20":"tag-john","21":"tag-protagonizan","22":"tag-ruth","23":"tag-spain"},"share_on_mastodon":{"url":"https:\/\/pubeurope.com\/@es\/115732041157879931","error":""},"_links":{"self":[{"href":"https:\/\/www.europesays.com\/es\/wp-json\/wp\/v2\/posts\/291974","targetHints":{"allow":["GET"]}}],"collection":[{"href":"https:\/\/www.europesays.com\/es\/wp-json\/wp\/v2\/posts"}],"about":[{"href":"https:\/\/www.europesays.com\/es\/wp-json\/wp\/v2\/types\/post"}],"author":[{"embeddable":true,"href":"https:\/\/www.europesays.com\/es\/wp-json\/wp\/v2\/users\/2"}],"replies":[{"embeddable":true,"href":"https:\/\/www.europesays.com\/es\/wp-json\/wp\/v2\/comments?post=291974"}],"version-history":[{"count":0,"href":"https:\/\/www.europesays.com\/es\/wp-json\/wp\/v2\/posts\/291974\/revisions"}],"wp:featuredmedia":[{"embeddable":true,"href":"https:\/\/www.europesays.com\/es\/wp-json\/wp\/v2\/media\/291975"}],"wp:attachment":[{"href":"https:\/\/www.europesays.com\/es\/wp-json\/wp\/v2\/media?parent=291974"}],"wp:term":[{"taxonomy":"category","embeddable":true,"href":"https:\/\/www.europesays.com\/es\/wp-json\/wp\/v2\/categories?post=291974"},{"taxonomy":"post_tag","embeddable":true,"href":"https:\/\/www.europesays.com\/es\/wp-json\/wp\/v2\/tags?post=291974"}],"curies":[{"name":"wp","href":"https:\/\/api.w.org\/{rel}","templated":true}]}}