{"id":291976,"date":"2025-12-17T00:21:10","date_gmt":"2025-12-17T00:21:10","guid":{"rendered":"https:\/\/www.europesays.com\/es\/291976\/"},"modified":"2025-12-17T00:21:10","modified_gmt":"2025-12-17T00:21:10","slug":"veronica-echegui-estrella-morente-o-el-primavera-sound-entre-los-galardonados-con-la-medalla-de-oro-al-merito-en-las-bellas-artes","status":"publish","type":"post","link":"https:\/\/www.europesays.com\/es\/291976\/","title":{"rendered":"Ver\u00f3nica Echegui, Estrella Morente o el Primavera Sound, entre los galardonados con la Medalla de Oro al M\u00e9rito en las Bellas Artes"},"content":{"rendered":"<p>El Gobierno ha concedido este martes 35 medallas al M\u00e9rito en las Bellas Artes en su categor\u00eda de oro a artistas como las cantantes Estrella Morente y Mar\u00eda del Monte, el grupo Los Chichos, al festival de m\u00fasica Primavera Sound, al actor Luis Tosar y a la escritora y fil\u00f3loga Irene Vallejo.<\/p>\n<p>La librer\u00eda Rafael Alberti o el grafitero Jes\u00fas Manuel Pinto Garc\u00eda, que es com\u00fanmente conocido como &#8216;Suso 33&#8217;, tambi\u00e9n est\u00e1n entre los galardonados a propuesta del ministro de Cultura, Ernest Urtasun, ha anunciado la ministra portavoz, Pilar Alegr\u00eda, en la rueda de prensa tras el Consejo de Ministros.<\/p>\n<p>La Medalla de Oro al M\u00e9rito en las Bellas Artes es un reconocimiento que distingue a las personas y entidades que hayan destacado en el campo de la creaci\u00f3n art\u00edstica y cultural o hayan prestado notorios servicios en el fomento, desarrollo o difusi\u00f3n del arte y la cultura o en la conservaci\u00f3n del patrimonio art\u00edstico.<\/p>\n<p>Del \u00e1mbito de la m\u00fasica han sido galardonados la cantautora Christina Rosenvinge; el productor y DJ \u00d3scar Mulero; las cantantes Karina y Mar\u00eda del Monte; la cantaora Estrella Morente; el grupo musical Los Chichos; la entidad m\u00fasico social Fundaci\u00f3n Vozes y el Festival de m\u00fasica Primavera Sound.<\/p>\n<p>En cine y teatro, han sido distinguidos el actor Luis Tosar, la actriz Emma Vilarasau; la directora y guionista Alauda Ruiz de Az\u00faa por pel\u00edculas como Los domingos; y la familia de c\u00f3micos Pla-Solina (uno de cuyos miembros es el actor Oriol Pla, reciente ganador de un Emmy a mejor actor internacional por Yo, adicto).<\/p>\n<p>Tambi\u00e9n han sido reconocidas en el \u00e1mbito de las artes esc\u00e9nicas las gestoras culturales y core\u00f3grafas Laura Kumin y Margaret Jova; y el core\u00f3grafo Marcos Morau.<\/p>\n<p>Las Medallas de Oro al M\u00e9rito en las Bellas Artes destacan en esta edici\u00f3n a diversas personalidades de la literatura, en concreto al escritor Manuel Vicent; a la dibujante de c\u00f3mic e ilustradora Ana Miralles; y a la fil\u00f3loga y escritora Irene Vallejo. En este mismo campo ha sido galardonada la librer\u00eda Rafael Alberti.<\/p>\n<p>Del \u00e1mbito de las bellas artes y el patrimonio cultural se ha reconocido al grafitero y artista multidisciplinar Suso 33; a la arque\u00f3loga Teresa Chapa; al antrop\u00f3logo forense Francisco Etxeberria; y al arquitecto y gestor cultural Juan Miguel Hern\u00e1ndez.<\/p>\n<p>Adem\u00e1s, han recibido la distinci\u00f3n el mecenas Antonio Gallardo Ballart; la desarrolladora de videojuegos Tatiana Delgado; el dise\u00f1ador Andr\u00e9 Ricard; la entidad cultural comunitaria Ateneu Popular 9 Barris; y los gestores culturales Daniel Giralt-Miracle, Miren Bego\u00f1a Arzalluz, Manuel Jes\u00fas Borja-Villel, y Jos\u00e9 Manuel Garrido.<\/p>\n<p>A t\u00edtulo p\u00f3stumo, se ha reconocido a la artista pl\u00e1stica Roberta Marrero; al periodista y dibujante Andr\u00e9s V\u00e1zquez de Sola; al gestor cultural Jos\u00e9 Luis Cienfuegos Marcello; y a la actriz Ver\u00f3nica Echegui.<\/p>\n<p>La Medalla de Oro al M\u00e9rito en las Bellas Artes es un reconocimiento que distingue a las personas y entidades que hayan destacado en el campo de la creaci\u00f3n art\u00edstica y cultural o hayan prestado notorios servicios en el fomento, desarrollo o difusi\u00f3n del arte y la cultura o en la conservaci\u00f3n del patrimonio art\u00edstico.<\/p>\n","protected":false},"excerpt":{"rendered":"El Gobierno ha concedido este martes 35 medallas al M\u00e9rito en las Bellas Artes en su categor\u00eda de&hellip;\n","protected":false},"author":2,"featured_media":291977,"comment_status":"","ping_status":"","sticky":false,"template":"","format":"standard","meta":{"footnotes":""},"categories":[170],"tags":[146,147,25,24,29891,69949,184,185,21977,23,28225],"class_list":{"0":"post-291976","1":"post","2":"type-post","3":"status-publish","4":"format-standard","5":"has-post-thumbnail","7":"category-musica","8":"tag-entertainment","9":"tag-entretenimiento","10":"tag-es","11":"tag-espana","12":"tag-estrella-morente","13":"tag-medalla-de-oro-al-merito-en-bellas-artes","14":"tag-music","15":"tag-musica","16":"tag-primavera-sound","17":"tag-spain","18":"tag-veronica-echegui"},"share_on_mastodon":{"url":"https:\/\/pubeurope.com\/@es\/115732053038374089","error":""},"_links":{"self":[{"href":"https:\/\/www.europesays.com\/es\/wp-json\/wp\/v2\/posts\/291976","targetHints":{"allow":["GET"]}}],"collection":[{"href":"https:\/\/www.europesays.com\/es\/wp-json\/wp\/v2\/posts"}],"about":[{"href":"https:\/\/www.europesays.com\/es\/wp-json\/wp\/v2\/types\/post"}],"author":[{"embeddable":true,"href":"https:\/\/www.europesays.com\/es\/wp-json\/wp\/v2\/users\/2"}],"replies":[{"embeddable":true,"href":"https:\/\/www.europesays.com\/es\/wp-json\/wp\/v2\/comments?post=291976"}],"version-history":[{"count":0,"href":"https:\/\/www.europesays.com\/es\/wp-json\/wp\/v2\/posts\/291976\/revisions"}],"wp:featuredmedia":[{"embeddable":true,"href":"https:\/\/www.europesays.com\/es\/wp-json\/wp\/v2\/media\/291977"}],"wp:attachment":[{"href":"https:\/\/www.europesays.com\/es\/wp-json\/wp\/v2\/media?parent=291976"}],"wp:term":[{"taxonomy":"category","embeddable":true,"href":"https:\/\/www.europesays.com\/es\/wp-json\/wp\/v2\/categories?post=291976"},{"taxonomy":"post_tag","embeddable":true,"href":"https:\/\/www.europesays.com\/es\/wp-json\/wp\/v2\/tags?post=291976"}],"curies":[{"name":"wp","href":"https:\/\/api.w.org\/{rel}","templated":true}]}}