{"id":291984,"date":"2025-12-17T00:25:09","date_gmt":"2025-12-17T00:25:09","guid":{"rendered":"https:\/\/www.europesays.com\/es\/291984\/"},"modified":"2025-12-17T00:25:09","modified_gmt":"2025-12-17T00:25:09","slug":"la-fiscalia-acusa-a-nick-reiner-de-dos-cargos-de-asesinato-por-matar-a-sus-padres-cultura","status":"publish","type":"post","link":"https:\/\/www.europesays.com\/es\/291984\/","title":{"rendered":"La fiscal\u00eda acusa a Nick Reiner de dos cargos de asesinato por matar a sus padres | Cultura"},"content":{"rendered":"<p class=\"\">Casi dos d\u00edas despu\u00e9s de<a href=\"https:\/\/elpais.com\/cultura\/2025-12-15\/rob-reiner-actor-y-director-y-su-esposa-hallados-acuchillados-en-su-mansion-de-los-angeles.html\" target=\"_self\" rel=\"nofollow noopener\" title=\"https:\/\/elpais.com\/cultura\/2025-12-15\/rob-reiner-actor-y-director-y-su-esposa-hallados-acuchillados-en-su-mansion-de-los-angeles.html\"> encontrar a Rob Reiner y su esposa Michele apu\u00f1alados en su casa de Los \u00c1ngeles<\/a>, este martes la fiscal\u00eda y las autoridades han dado actualizaciones sobre el caso del asesinato del director y la fot\u00f3grafa. El fiscal general del distrito de Los \u00c1ngeles, Nathan Hochman, ha afirmado que<a href=\"https:\/\/elpais.com\/cultura\/2025-12-15\/el-hijo-de-michele-y-rob-reiner-nick-reiner-detenido-por-la-muerte-de-sus-padres.html\" target=\"_self\" rel=\"nofollow noopener\" title=\"https:\/\/elpais.com\/cultura\/2025-12-15\/el-hijo-de-michele-y-rob-reiner-nick-reiner-detenido-por-la-muerte-de-sus-padres.html\"> la fiscal\u00eda acusar\u00e1 a Nick Reiner, el hijo mediano del matrimonio,<\/a> de dos cargos de asesinato en primer grado con agravante, puesto que son m\u00faltiples asesinatos. \u201cAdem\u00e1s, tiene un cargo especial por usar un arma peligrosa y mortal, un cuchillo\u201d, ha afirmado el fiscal. Los cargos conllevan la pena de muerte o cadena perpetua sin posibilidad de libertad condicional.<\/p>\n<p class=\"\">En la concurrida rueda de prensa, el fiscal ha estado acompa\u00f1ado por el jefe de la polic\u00eda de Los \u00c1ngeles, Jim McDonnell, as\u00ed como por diversos investigadores del caso. Ha explicado que una de las preguntas que ha recibido es si Nick sufre alguna enfermedad mental o si esta puede demostrarse. \u201cLas pruebas, si las hay, de enfermedad mental, llegar\u00e1n con el tiempo\u201d, ha afirmado Hochman. \u201cSeguiremos el proceso habitual. Si hay pruebas de enfermedad mental, se presentar\u00e1n en la corte\u201d.<\/p>\n<p><img decoding=\"auto\" class=\"_re lazyload a_m-h\" height=\"277\"  width=\"414\"  src=\"https:\/\/www.europesays.com\/es\/wp-content\/uploads\/2025\/12\/ANN35AVOJJON5H4HBPM6WEXPPA.jpg\" loading=\"lazy\"\/>Nathan J. Hochman, durante una conferencia de prensa en Los Angeles, este martes.Daniel Cole (REUTERS)<\/p>\n<p class=\"\">\u201cEscuchar\u00e1n rumores y especulaciones, pero les pido que se f\u00eden de fuentes de confianza\u201d, ha rogado el fiscal. Hochman ha asegurado que la fiscal\u00eda no ha tomado una decisi\u00f3n respecto a si solicitar\u00e1 la pena capital en este caso. <\/p>\n<p class=\"\">McDonnell ha explicado que los investigadores respondieron a una llamada en Brentwood y descubrieron los cad\u00e1veres de la pareja Reiner e, inmediatamente, iniciaron una investigaci\u00f3n. Pronto detuvieron a su hijo Nick y lo pusieron en custodia policial. \u201cNo solo es un d\u00eda dif\u00edcil para los Reiner y sus allegados, sino para toda la ciudad\u201d, ha afirmado el jefe de la polic\u00eda de la ciudad californiana en su breve comparecencia. Apenas han respondido preguntas.<\/p>\n<p class=\"\">Los cuerpos del aclamado cineasta Rob Reiner<a href=\"https:\/\/elpais.com\/cultura\/cine\/2025-12-15\/las-10-grandes-peliculas-de-rob-reiner-de-cuando-harry-encontro-a-sally-a-la-princesa-prometida-o-algunos-hombres-buenos.html\" target=\"_self\" rel=\"nofollow noopener\" title=\"https:\/\/elpais.com\/cultura\/cine\/2025-12-15\/las-10-grandes-peliculas-de-rob-reiner-de-cuando-harry-encontro-a-sally-a-la-princesa-prometida-o-algunos-hombres-buenos.html\">, director de La princesa prometida y Cuando Harry encontr\u00f3 a Sally,<\/a> entre otra treintena de t\u00edtulos, y de su esposa, la fot\u00f3grafa y productora Michele Reiner, de 68, fueron encontrados sin vida en su casa el pasado domingo sobre las cuatro de la tarde. Su hija peque\u00f1a, Romy, fue quien dio la voz de alarma a la polic\u00eda. <\/p>\n<p class=\"\">Desde un primer momento el principal sospechoso fue su hijo mediano, Nick, y la polic\u00eda le detuvo pasadas las nueve de la noche de ese mismo domingo sin incidentes, han indicado las autoridades este martes. Nick, de 32 a\u00f1os, ha lidiado con las adicciones durante toda su vida, y ha hablado de ello p\u00fablicamente a lo largo de los a\u00f1os. Se alej\u00f3 de sus padres y lleg\u00f3 a vivir en la calle, pero desde hace m\u00e1s de una d\u00e9cada, volvi\u00f3 a estar conectado con su familia. <\/p>\n<p class=\"\">El doble asesinato ha conmovido al mundo de la cultura y la pol\u00edtica estadounidense desde que se encontraron los cuerpos el domingo. <\/p>\n","protected":false},"excerpt":{"rendered":"Casi dos d\u00edas despu\u00e9s de encontrar a Rob Reiner y su esposa Michele apu\u00f1alados en su casa de&hellip;\n","protected":false},"author":2,"featured_media":291985,"comment_status":"","ping_status":"","sticky":false,"template":"","format":"standard","meta":{"footnotes":""},"categories":[91],"tags":[1154,209,146,147,25,24,629,256,1505,3691,69951,69484,23],"class_list":{"0":"post-291984","1":"post","2":"type-post","3":"status-publish","4":"format-standard","5":"has-post-thumbnail","7":"category-entretenimiento","8":"tag-asesinatos","9":"tag-cultura","10":"tag-entertainment","11":"tag-entretenimiento","12":"tag-es","13":"tag-espana","14":"tag-estados-unidos","15":"tag-famosos","16":"tag-hollywood","17":"tag-los-angeles","18":"tag-parricidios","19":"tag-rob-reiner","20":"tag-spain"},"share_on_mastodon":{"url":"https:\/\/pubeurope.com\/@es\/115732068951731481","error":""},"_links":{"self":[{"href":"https:\/\/www.europesays.com\/es\/wp-json\/wp\/v2\/posts\/291984","targetHints":{"allow":["GET"]}}],"collection":[{"href":"https:\/\/www.europesays.com\/es\/wp-json\/wp\/v2\/posts"}],"about":[{"href":"https:\/\/www.europesays.com\/es\/wp-json\/wp\/v2\/types\/post"}],"author":[{"embeddable":true,"href":"https:\/\/www.europesays.com\/es\/wp-json\/wp\/v2\/users\/2"}],"replies":[{"embeddable":true,"href":"https:\/\/www.europesays.com\/es\/wp-json\/wp\/v2\/comments?post=291984"}],"version-history":[{"count":0,"href":"https:\/\/www.europesays.com\/es\/wp-json\/wp\/v2\/posts\/291984\/revisions"}],"wp:featuredmedia":[{"embeddable":true,"href":"https:\/\/www.europesays.com\/es\/wp-json\/wp\/v2\/media\/291985"}],"wp:attachment":[{"href":"https:\/\/www.europesays.com\/es\/wp-json\/wp\/v2\/media?parent=291984"}],"wp:term":[{"taxonomy":"category","embeddable":true,"href":"https:\/\/www.europesays.com\/es\/wp-json\/wp\/v2\/categories?post=291984"},{"taxonomy":"post_tag","embeddable":true,"href":"https:\/\/www.europesays.com\/es\/wp-json\/wp\/v2\/tags?post=291984"}],"curies":[{"name":"wp","href":"https:\/\/api.w.org\/{rel}","templated":true}]}}