{"id":292048,"date":"2025-12-17T01:50:15","date_gmt":"2025-12-17T01:50:15","guid":{"rendered":"https:\/\/www.europesays.com\/es\/292048\/"},"modified":"2025-12-17T01:50:15","modified_gmt":"2025-12-17T01:50:15","slug":"el-intento-de-secuestro-de-elena-furiase","status":"publish","type":"post","link":"https:\/\/www.europesays.com\/es\/292048\/","title":{"rendered":"el intento de secuestro de Elena Furiase"},"content":{"rendered":"<p>Si hay una familia de artistas a la que todos los espa\u00f1oles quieren, esos son <strong>los Flores.<\/strong> Desde que Lola, la matriarca, se convirtiera en una de nuestras estrellas m\u00e1s internacionales, el \u00e9xito de sus hijas y nietos no par\u00f3 de crecer. Y es que la cantante y bailaora fue la primera de un linaje de virtuosos de la canci\u00f3n y la interpretaci\u00f3n. Lolita, Antonio, Rosario o Alba son solo alguno de los miembros que han conquistado a millones de personas.<\/p>\n<p>Pero tambi\u00e9n est\u00e1 <strong>Elena Furiase<\/strong> (37 a\u00f1os), hija de Lolita, que gracias a sus papeles en televisi\u00f3n ha conseguido el cari\u00f1o de millones de seguidores y fans. La actriz, que se gan\u00f3 un huevo en el coraz\u00f3n de millones de personas gracias a su personaje en &#8216;El internado&#8217; y que se hizo viral gracias a su momentazo en &#8216;Password&#8217;, es alguien muy familiar, simp\u00e1tica y que est\u00e1 <strong>alejada de cualquier pol\u00e9mica. <\/strong><\/p>\n<p>Muy celosa de su intimidad, aunque en algunas ocasiones comparte en redes sociales dedicatorias y reflexiones bonitas sobre su chico y sus hijos, Elena ha dejado a todo el mundo sorprendido confesando uno de los momentos m\u00e1s complicados de su vida: <strong>el intento de secuestro que sufri\u00f3. <\/strong><\/p>\n<p><img decoding=\"async\" src=\"https:\/\/www.europesays.com\/es\/wp-content\/uploads\/2025\/12\/carmen-janeiro_00000000_e848dda9_251216125336_800x800.webp.webp\" alt=\"Carmen Janeiro\" class=\"image lazyload\"\/><img loading=\"lazy\" decoding=\"async\" src=\"https:\/\/www.europesays.com\/es\/wp-content\/uploads\/2025\/12\/carmen-janeiro_00000000_e848dda9_251216125341_1280x720.webp.webp\" alt=\"Carmen Janeiro se marcha a M\u00f3naco: as\u00ed es la vida actual de la hermana de Jesul\u00edn de Ubrique\" class=\"image lazyload\" width=\"1280\" height=\"720\" data-aspectratio=\"1280\/720\"\/>El intento de secuestro de Elena Furiase<\/p>\n<p>Adem\u00e1s de apoyar a su prima Alba durante los premios Forqu\u00e9, donde &#8216;Flores para Antonio&#8217; se alz\u00f3 con el premio al mejor documental, Elena dej\u00f3 a todos los presentes totalmente at\u00f3nitos al contar que de adolescente un hombre \u00abintent\u00f3 secuestrarme\u00bb. \u00ab<strong>Me pas\u00f3 una cosa con un se\u00f1or mayor que intent\u00f3 meterme en un coche. Y no lo consigui\u00f3<\/strong>\u00ab, comenz\u00f3 contando la hija de Lolita. Un duro momento del que por primera vez habl\u00f3 en &#8216;Mi casa es la tuya&#8217;.<\/p>\n<p><img loading=\"lazy\" decoding=\"async\"   src=\"https:\/\/www.europesays.com\/es\/wp-content\/uploads\/2025\/12\/guillermo-lolita-alba-fores-ana-y-elena-furiase_b9a79a54_251216120259_1200x800.webp.webp\" alt=\"Guillermo, Lolita, Alba Fores, Ana y Elena Furiase\" class=\"lazyload\" width=\"1200\" height=\"800\" data-aspectratio=\"1200\/800\"\/><\/p>\n<p>La familia Flores posando para presentar &#8216;Flores para Antonio&#8217;, el documental que ha ganado el premio Forqu\u00e9.\u00a0<\/p>\n<p>&#13;Gtres<\/p>\n<p>\u00a0<\/p>\n<p>\u00ab<strong>Yo ten\u00eda 17 a\u00f1os y viv\u00edamos en La Moraleja, no se me olvidar\u00e1.<\/strong> Estaba en la parada del autob\u00fas escuchando m\u00fasica con mis cascos y pas\u00f3 varias veces por delante un coche antiguo color vino. Se par\u00f3 delante de m\u00ed y se baj\u00f3 un se\u00f1or bastante mayor. <strong data-node-id=\"16.3\">Abri\u00f3 la puerta, se me qued\u00f3 mirando y me pregunt\u00f3 si quer\u00eda que me llevase a alg\u00fan sitio. <\/strong>Le dije que no, que estaba esperando al autob\u00fas y a una amiga, aunque era mentira. \u00c9l me abri\u00f3 la puerta del copiloto y me cogi\u00f3 de la cara\u00bb, cont\u00f3 entonces a Bert\u00edn, a\u00f1adiendo que sali\u00f3 corriendo hacia su casa para huir.<\/p>\n<p>Por suerte todo qued\u00f3 en un susto y Elena pudo escapar de aquel se\u00f1or antes de que se la llevara y le hiciera cualquier cosa: \u00ab<strong>Yo no era conocida. Pero por suerte estamos por aqu\u00ed<\/strong>\u00ab, cont\u00f3 sobre aquella traum\u00e1tica experiencia.\u00a0<\/p>\n<p>La Navidad de Elena\u00a0<\/p>\n<p>Aunque la Navidad ya no es como cuando estaba su abuela Lola viva, Elena contin\u00faa viviendo estas fechas muy feliz, sobre todo por la familia que ha formado junto a Gonzalo Sierra.\u00a0<\/p>\n<p><img loading=\"lazy\" decoding=\"async\"   src=\"https:\/\/www.europesays.com\/es\/wp-content\/uploads\/2025\/12\/lola-flores-con-sus-tres-hijos-lolita-rosario-y-antonio_00000000_251216121604_1200x1859.webp.webp\" alt=\"Lola Flores, con sus tres hijos, Lolita, Rosario y Antonio.\" class=\"lazyload\" width=\"1200\" height=\"1859\" data-aspectratio=\"1200\/1859\"\/><\/p>\n<p>Los Flores siempre han sido muy familiares y han disfrutado de las Navidades juntos.\u00a0<\/p>\n<p>&#13;Gtres<\/p>\n<p>\u00a0<\/p>\n<p><strong>\u00abYa no es lo que era antes. Son m\u00e1s tranquilas, pero son muy divertidas tambi\u00e9n. Me gustan mucho estas fechas, las vivo con mucha ilusi\u00f3n.<\/strong> Con mis hijos m\u00e1s todav\u00eda\u00bb, explic\u00f3 la actriz durante la alfombra roja de los premios Forqu\u00e9. \u00abTengo un recuerdo con mi prima, Alba, que \u00edbamos como quitando piernas. \u00cdbamos pasando por piernas, o sea, aquello era laber\u00edntico y era en la casa de mi abuela\u00bb, record\u00f3 con mucho amor.\u00a0<\/p>\n<p>\u00a0<\/p>\n","protected":false},"excerpt":{"rendered":"Si hay una familia de artistas a la que todos los espa\u00f1oles quieren, esos son los Flores. Desde&hellip;\n","protected":false},"author":2,"featured_media":292049,"comment_status":"","ping_status":"","sticky":false,"template":"","format":"standard","meta":{"footnotes":""},"categories":[174],"tags":[255,146,147,25,24,256,23],"class_list":{"0":"post-292048","1":"post","2":"type-post","3":"status-publish","4":"format-standard","5":"has-post-thumbnail","7":"category-famosos","8":"tag-celebrities","9":"tag-entertainment","10":"tag-entretenimiento","11":"tag-es","12":"tag-espana","13":"tag-famosos","14":"tag-spain"},"share_on_mastodon":{"url":"https:\/\/pubeurope.com\/@es\/115732403598875122","error":""},"_links":{"self":[{"href":"https:\/\/www.europesays.com\/es\/wp-json\/wp\/v2\/posts\/292048","targetHints":{"allow":["GET"]}}],"collection":[{"href":"https:\/\/www.europesays.com\/es\/wp-json\/wp\/v2\/posts"}],"about":[{"href":"https:\/\/www.europesays.com\/es\/wp-json\/wp\/v2\/types\/post"}],"author":[{"embeddable":true,"href":"https:\/\/www.europesays.com\/es\/wp-json\/wp\/v2\/users\/2"}],"replies":[{"embeddable":true,"href":"https:\/\/www.europesays.com\/es\/wp-json\/wp\/v2\/comments?post=292048"}],"version-history":[{"count":0,"href":"https:\/\/www.europesays.com\/es\/wp-json\/wp\/v2\/posts\/292048\/revisions"}],"wp:featuredmedia":[{"embeddable":true,"href":"https:\/\/www.europesays.com\/es\/wp-json\/wp\/v2\/media\/292049"}],"wp:attachment":[{"href":"https:\/\/www.europesays.com\/es\/wp-json\/wp\/v2\/media?parent=292048"}],"wp:term":[{"taxonomy":"category","embeddable":true,"href":"https:\/\/www.europesays.com\/es\/wp-json\/wp\/v2\/categories?post=292048"},{"taxonomy":"post_tag","embeddable":true,"href":"https:\/\/www.europesays.com\/es\/wp-json\/wp\/v2\/tags?post=292048"}],"curies":[{"name":"wp","href":"https:\/\/api.w.org\/{rel}","templated":true}]}}