{"id":292078,"date":"2025-12-17T02:12:22","date_gmt":"2025-12-17T02:12:22","guid":{"rendered":"https:\/\/www.europesays.com\/es\/292078\/"},"modified":"2025-12-17T02:12:22","modified_gmt":"2025-12-17T02:12:22","slug":"un-barca-a-pie-de-obra","status":"publish","type":"post","link":"https:\/\/www.europesays.com\/es\/292078\/","title":{"rendered":"Un Bar\u00e7a a pie de obra"},"content":{"rendered":"<p class=\"\">El <b>Bar\u00e7a <\/b>ya sabe que la defensa del t\u00edtulo de <b>Copa <\/b>no ser\u00e1 sencilla. En su toma de contacto con la competici\u00f3n despu\u00e9s de aquella final gloriosa de <b>La Cartuja, <\/b>se encontr\u00f3 <b>un partido trabado en Guadalajara,<\/b> contra un <b>Depor <\/b>valiente y respond\u00f3n, que se orden\u00f3 como un buen equipo y meti\u00f3 la pierna fuerte, pero con honestidad. El Bar\u00e7a, sin embargo, se tom\u00f3 el partido con compromiso y profesionalidad. Posiblemente, s\u00f3lo eso, no abandonarse cuando aparec\u00edan las dificultades, le permiti\u00f3 superarlo.<b> Los goles de Christensen y Rashford<\/b> certificaron la superioridad azulgrana. En Guadalajara siempre podr\u00e1n decir que, para eliminarlo, <b>Flick tuvo que poner a toda la artiller\u00eda<\/b> en el <b>Pedro Escart\u00edn:<\/b> Cubars\u00ed, Balde, Pedri, Kound\u00e9\u2026 El campe\u00f3n estar\u00e1 en el bombo de octavos. <\/p>\n<p class=\"\">Dispuesto a pelear cada tepe de c\u00e9sped de su casa, el Depor le puso <b>un campo de minas al Bar\u00e7a<\/b> en el Pedro Escart\u00edn. Sin disimulo, <b>Pere Mart\u00ed <\/b>par\u00f3 a los alcarre\u00f1os con una defensa casi abrazada a su portero, <b>Vicente.<\/b> El plan funcion\u00f3. Apenas se asom\u00f3 por los dominios de <b>Ter Stegen,<\/b> pero atasc\u00f3 el ataque azulgrana con <b>una espectacular defensa de ayudas.<\/b> Solidaridad y pierna fuerte en la noche fr\u00eda de Guadalajara. <\/p>\n<p><img decoding=\"async\" src=\"https:\/\/www.europesays.com\/es\/wp-content\/uploads\/2025\/12\/364MT45HRNFOHKALMZHXC5NMNM.jpg\" alt=\"Un Bar\u00e7a a pie de obra\" class=\"a_m-h\" height=\"1161\" width=\"1624\"   loading=\"lazy\"\/><\/p>\n<p>El conjunto Hansi Flick consigue la clasificaci\u00f3n en el tramo final del encuentro, 0-2, ante un Depor luchador. Christensen y Rashford, los goleadores del encuentro.<\/p>\n<p class=\"\">Al Bar\u00e7a le cost\u00f3 desperezarse y construir oportunidades reales. Flick hab\u00eda hecho cambios en el once y los automatismos funcionaban demasiado lentos. Por la izquierda, <b>Ferm\u00edn <\/b>y<b> Jofre <\/b>resultaron previsibles. Y por la derecha, <b>Casad\u00f3 <\/b>y <b>Bardghji <\/b>estuvieron poco profundos. Lamine, situado de nuevo en la posici\u00f3n de enlace como en La Cartuja ante el<b> Betis,<\/b> acab\u00f3 tirado en la derecha, desde donde m\u00e1s le gusta generar. Aglutin\u00f3 juego, pero tambi\u00e9n<b> le falt\u00f3 clarividencia.<\/b> No era f\u00e1cil. <b>Hab\u00eda trampas por todas partes. <\/b><\/p>\n<p class=\"\">El Bar\u00e7a se march\u00f3 al descanso 0-0 sin haber sido capaz de crear una opci\u00f3n real de semigol. Rashford y Bardghji lo intentaron en dos faltas directas, Ferm\u00edn se sac\u00f3 un buen golpeo que acab\u00f3 fuera. Y, finalmente, en los \u00faltimos minutos, apareci\u00f3 <b>Eric, <\/b>que cabece\u00f3 dos veces cerca de Vicente. Todo muy tibio. Suficiente para que el Pedro Escart\u00edn despidiese a sus jugadores al descanso con el grito de <b>\u201cS\u00ed, se puede\u201d,<\/b> so\u00f1ando con alguna de esas noches m\u00e1gicas s\u00f3lo posibles en Copa.<\/p>\n<p class=\"\"><b>Flick estaba alerta. <\/b>De entrada, <b>hab\u00eda sorprendido la alineaci\u00f3n de Ter Stegen, <\/b>que llevaba sin ponerse el brazalete de capit\u00e1n del Bar\u00e7a desde el pasado mes de mayo; y hab\u00eda confirmado que en la rueda de prensa iba de farol. Casad\u00f3, al que hab\u00eda descartado para el lateral, jug\u00f3 de \u20182\u2019; y Ferm\u00edn, anunciado como posible nueve, actu\u00f3 acostado en la izquierda, una posici\u00f3n que le penaliza porque no tiene salida por ah\u00ed. Hab\u00eda curiosidad por saber si el alem\u00e1n se inventar\u00eda algo en el descanso. <b>Laporta, <\/b>embutido en un abrigo en la grada junto a su plana mayor <b>(Deco, Alejandro Echevarr\u00eda, Masip), <\/b>tampoco lo ve\u00eda demasiado claro. Era tiempo para Flick.<\/p>\n<p class=\"\">El alem\u00e1n movi\u00f3 relativamente el \u00e1rbol. Meti\u00f3 a<b> Cubars\u00ed<\/b> en el campo. Pero, sobre todo, cambi\u00f3 a todas las piezas del ataque. <b>Lamine pas\u00f3 a la derecha, <\/b>Bardghji, al medio; Ferm\u00edn como \u20189\u2019; y Rashford, a la izquierda. El ingl\u00e9s tuvo las dos primeras de la segunda parte. <b>Vicente estuvo rapid\u00edsimo en ambas. <\/b>Excelente, se dir\u00eda, en la segunda. <\/p>\n<p>Noticias relacionadas<a href=\"https:\/\/as.com\/futbol\/fotorrelato\/el-partido-guadalajara-barcelona-se-retrasa-media-hora-por-problemas-con-la-grada-alta-f202512-f\/\" class=\"s_m_w\" title=\"El partido de Copa del Rey entre Guadalajara y Barcelona retrasar\u00e1 media hora su comienzo debido a que el Ayuntamiento no ha aprobado las gradas supletorias del estadio. 2.000 aficionados podr\u00edan quedarse si poder ver el encuentro.\" data-tb-link=\"\" rel=\"nofollow noopener\" target=\"_blank\"><img decoding=\"async\" src=\"https:\/\/www.europesays.com\/es\/wp-content\/uploads\/2025\/12\/6IMCU22M3NFQ7GZY6ZPV3HGDO4.jpg\" alt=\"El partido Guadalajara-Barcelona se retrasa media hora por problemas con la grada alta\" class=\"\" height=\"9\" width=\"16\"   loading=\"lazy\" data-tb-thumbnail=\"\"\/><\/a><a href=\"https:\/\/as.com\/futbol\/copa_del_rey\/guadalajara-barcelona-en-directo-copa-del-rey-hoy-en-vivo-f202512-d\/\" class=\"s_m_w\" title=\"Guadalajara 0-2 Barcelona: resumen, goles y resultado\" data-tb-link=\"\" rel=\"nofollow noopener\" target=\"_blank\"><img decoding=\"async\" src=\"https:\/\/www.europesays.com\/es\/wp-content\/uploads\/2025\/12\/7B53MOXP7VN3DEQMYDLXNLPDVA.jpg\" alt=\"Guadalajara 0-2 Barcelona: resumen, goles y resultado\" class=\"\" height=\"9\" width=\"16\"   loading=\"lazy\" data-tb-thumbnail=\"\"\/><\/a><\/p>\n<p class=\"\">El Bar\u00e7a no se guard\u00f3 nada. <b>Apareci\u00f3 Balde. Y luego, Pedri. <\/b>Al filo del minuto 70, el Pedro Escart\u00edn herv\u00eda. Lo congel\u00f3, sin embargo, un invitado inesperado. <b>Christensen, con la ayuda de Julio, marc\u00f3 el 0-1. <\/b>El Depor se rebel\u00f3. <b>Salifo <\/b>se sac\u00f3 un tirazo espectacular que puso a prueba la reaparici\u00f3n de Ter Stegen. Fue su \u00faltimo aliento. Con espacios, <b>Rashford cerr\u00f3 el partido con categor\u00eda. <\/b>Aunque por momentos fue exigido, el Bar\u00e7a siempre tuvo la situaci\u00f3n bajo control. En noches como las de Guadalajara, hay que saber estar a pie de obra. <\/p>\n<p class=\"\"><b>\u00a1Tus opiniones importan!<\/b> Comenta en los art\u00edculos y suscr\u00edbete gratis a nuestra <a href=\"https:\/\/asfan.as.com\/newsletters\/\" target=\"_blank\" rel=\"nofollow noopener\" title=\"https:\/\/asfan.as.com\/newsletters\/\">newsletter<\/a> y a las alertas informativas en la <a href=\"https:\/\/as.com\/aplicacion-de-as-n\/\" target=\"_blank\" rel=\"nofollow noopener\" title=\"https:\/\/as.com\/aplicacion-de-as-n\/\">App<\/a> o el canal de <a href=\"https:\/\/www.whatsapp.com\/channel\/0029VaAasdA7j6g745nz9M10\" target=\"_blank\" rel=\"nofollow noopener\" title=\"https:\/\/www.whatsapp.com\/channel\/0029VaAasdA7j6g745nz9M10\">WhatsApp<\/a>. \u00bfBuscas licenciar contenido? Haz clic <a href=\"https:\/\/profesional.elpais.com\/soluciones-sindicacion?utm_medium=interno&amp;utm_source=crosslinking&amp;utm_campaign=sindicacion_as_pie_articulos\" target=\"_blank\" rel=\"nofollow noopener\" title=\"https:\/\/profesional.elpais.com\/soluciones-sindicacion?utm_medium=interno&amp;utm_source=crosslinking&amp;utm_campaign=sindicacion_as_pie_articulos\">aqu\u00ed<\/a><\/p>\n<p>                        <a href=\"https:\/\/as.com\/resultados\/ficha\/equipo\/guadalajara\/889\/\" class=\"team-banner\" rel=\"nofollow noopener\" target=\"_blank\"><br \/>\n                            Guadalajara<\/p>\n<p>                                                                                                                                                                                                                                                                                            <img decoding=\"async\" title=\"Guadalajara\" loading=\"lazy\" src=\"https:\/\/www.europesays.com\/es\/wp-content\/uploads\/2025\/12\/1765937542_673_889.png\"  width=\"80\" height=\"80\" data-error-image=\"https:\/\/static.prisa.com\/aside\/resizer\/resize\/img\/sports\/football\/teams\/default.png?width=160&amp;height=160\"\/><\/p>\n<p>                            <\/a>                        <\/p>\n<ul class=\"team-lup\">\n<li class=\"in-pla\">\n                                            13<\/p>\n<p>                                                Dani Vicente<\/p>\n<\/li>\n<li class=\"in-pla\">\n                                            23<br \/>\n                                            <a href=\"https:\/\/as.com\/resultados\/ficha\/deportista\/casado\/19654\/\" target=\"_blank\" class=\"in-pla-name\" rel=\"nofollow noopener\"><br \/>\n                                                Casado<br \/>\n                                                <\/a>                                                    <\/p>\n<\/li>\n<li class=\"in-pla\">\n                                            4<\/p>\n<p>                                                Ablanque<\/p>\n<\/li>\n<li class=\"in-pla\">\n                                            16<\/p>\n<p>                                                Cera<\/p>\n<p>                (82&#8242;)<\/p>\n<\/li>\n<li class=\"in-pla\">\n                                            18<\/p>\n<p>                                                Julio Mart\u00ednez<\/p>\n<\/li>\n<li class=\"in-pla\">\n                                            3<\/p>\n<p>                                                Agus Moreno<\/p>\n<p>                (61&#8242;)<\/p>\n<\/li>\n<li class=\"in-pla\">\n                                            20<br \/>\n                                            <a href=\"https:\/\/as.com\/resultados\/ficha\/deportista\/borja_diaz\/36963\/\" target=\"_blank\" class=\"in-pla-name\" rel=\"nofollow noopener\"><br \/>\n                                                Borja D\u00edaz<br \/>\n                                                <\/a>                                                                                                                                            <\/p>\n<p>                (61&#8242;)<\/p>\n<\/li>\n<li class=\"in-pla\">\n                                            22<\/p>\n<p>                                                Samu Mayo<\/p>\n<p>                (71&#8242;)<\/p>\n<\/li>\n<li class=\"in-pla\">\n                                            6<\/p>\n<p>                                                Pablo Rojo<\/p>\n<\/li>\n<li class=\"in-pla\">\n                                            21<br \/>\n                                            <a href=\"https:\/\/as.com\/resultados\/ficha\/deportista\/manu_ramirez\/29365\/\" target=\"_blank\" class=\"in-pla-name\" rel=\"nofollow noopener\"><br \/>\n                                                Manu Ram\u00edrez<br \/>\n                                                <\/a>                                                                                                                                                                                            <\/p>\n<p>                (61&#8242;)<\/p>\n<\/li>\n<li class=\"in-pla\">\n                                            9<\/p>\n<p>                                                Alejandro Ca\u00f1izo<\/p>\n<\/li>\n<li class=\"ev-fw-sep\">Banquillo<\/li>\n<li class=\"in-pla\">\n                                    5<br \/>\n                                    <a href=\"https:\/\/as.com\/resultados\/ficha\/deportista\/daniel_gallardo\/40757\/\" target=\"_blank\" class=\"in-pla-name\" rel=\"nofollow noopener\"><br \/>\n                                        Daniel Gallardo<br \/>\n                                        <\/a>                                                                                                                                    <\/p>\n<p>                (61&#8242;)<\/p>\n<\/li>\n<li class=\"in-pla\">\n                                    15<\/p>\n<p>                                        V\u00edctor Rodr\u00edguez<\/p>\n<\/li>\n<li class=\"in-pla\">\n                                    17<\/p>\n<p>                                        Alberto Gil<\/p>\n<\/li>\n<li class=\"in-pla\">\n                                    8<br \/>\n                                    <a href=\"https:\/\/as.com\/resultados\/ficha\/deportista\/tono_calvo\/40467\/\" target=\"_blank\" class=\"in-pla-name\" rel=\"nofollow noopener\"><br \/>\n                                        To\u00f1o Calvo<br \/>\n                                        <\/a>                                                                                                                                    <\/p>\n<p>                (61&#8242;)<\/p>\n<\/li>\n<li class=\"in-pla\">\n                                    10<\/p>\n<p>                                        David Amigo<\/p>\n<\/li>\n<li class=\"in-pla\">\n                                    1<\/p>\n<p>                                        Amador Zarco<\/p>\n<\/li>\n<li class=\"in-pla\">\n                                    11<\/p>\n<p>                                        Unax \u00c1lvarez<\/p>\n<\/li>\n<li class=\"in-pla\">\n                                    14<\/p>\n<p>                                        Ra\u00fal Tavares<\/p>\n<p>                (71&#8242;)<\/p>\n<\/li>\n<li class=\"in-pla\">\n                                    24<\/p>\n<p>                                        Salifo Caropitche<\/p>\n<p>                (61&#8242;)<\/p>\n<\/li>\n<li class=\"in-pla\">\n                                    7<br \/>\n                                    <a href=\"https:\/\/as.com\/resultados\/ficha\/deportista\/alejandro_domingo\/49188\/\" target=\"_blank\" class=\"in-pla-name\" rel=\"nofollow noopener\"><br \/>\n                                        Neeskens<br \/>\n                                        <\/a>                                                                                                                                    <\/p>\n<p>                (82&#8242;)<\/p>\n<\/li>\n<li class=\"in-pla\">\n                                    19<\/p>\n<p>                                        Pablo Mu\u00f1oz<\/p>\n<\/li>\n<\/ul>\n<p class=\"stat-tl ev-fw-tl\"><strong>Cambios<\/strong><\/p>\n<p class=\"ev-text-aux\">\n                            <strong>Pau Cubars\u00ed<\/strong> (45&#8242;, Marc Bernal),                             <strong>Salifo Caropitche Mendes<\/strong> (61&#8242;, Borja D\u00edaz),                             <strong>To\u00f1o Calvo<\/strong> (61&#8242;, Manu Ram\u00edrez),                             <strong>Daniel Gallardo<\/strong> (61&#8242;, Agus Moreno),                             <strong>Alejandro Balde<\/strong> (62&#8242;, Jofre Torrents),                             <strong>Ra\u00fal Tavares<\/strong> (71&#8242;, Samu Mayo),                             <strong>Jules Kound\u00e9<\/strong> (74&#8242;, Marc Casad\u00f3),                             <strong>Pedri<\/strong> (74&#8242;, Roony Bardghji),                             <strong>Neskes<\/strong> (82&#8242;, Cera),                             <strong>Gerard Mart\u00edn<\/strong> (85&#8242;, Andreas Christensen)                        <\/p>\n<p class=\"stat-tl ev-fw-tl\"><strong>Goles<\/strong><\/p>\n<p class=\"ev-text-aux\">\n                                                                                                        0-1, 75&#8242;: <strong>A. Christensen<\/strong>,                                                                                 0-2, 89&#8242;: <strong>Rashford<\/strong>                        <\/p>\n<p class=\"stat-tl ev-fw-tl\"><strong>Tarjetas<\/strong><\/p>\n<p class=\"ev-text-aux\">\n                Arbitro: C\u00e9sar Soto Grado<br \/><strong>Marc Bernal<\/strong> (29&#8242;,Amarilla),                                     <strong>Manu Ram\u00edrez<\/strong> (31&#8242;,Amarilla),                                     <strong>Samu Mayo<\/strong> (53&#8242;,Amarilla),                                     <strong>Ablanque<\/strong> (70&#8242;,Amarilla)                            <\/p>\n","protected":false},"excerpt":{"rendered":"El Bar\u00e7a ya sabe que la defensa del t\u00edtulo de Copa no ser\u00e1 sencilla. En su toma de&hellip;\n","protected":false},"author":2,"featured_media":292079,"comment_status":"","ping_status":"","sticky":false,"template":"","format":"standard","meta":{"footnotes":""},"categories":[268],"tags":[168,25,24,280,282,281,23,167],"class_list":{"0":"post-292078","1":"post","2":"type-post","3":"status-publish","4":"format-standard","5":"has-post-thumbnail","7":"category-futbol","8":"tag-deportes","9":"tag-es","10":"tag-espana","11":"tag-football","12":"tag-futbol","13":"tag-soccer","14":"tag-spain","15":"tag-sports"},"share_on_mastodon":{"url":"https:\/\/pubeurope.com\/@es\/115732490368787506","error":""},"_links":{"self":[{"href":"https:\/\/www.europesays.com\/es\/wp-json\/wp\/v2\/posts\/292078","targetHints":{"allow":["GET"]}}],"collection":[{"href":"https:\/\/www.europesays.com\/es\/wp-json\/wp\/v2\/posts"}],"about":[{"href":"https:\/\/www.europesays.com\/es\/wp-json\/wp\/v2\/types\/post"}],"author":[{"embeddable":true,"href":"https:\/\/www.europesays.com\/es\/wp-json\/wp\/v2\/users\/2"}],"replies":[{"embeddable":true,"href":"https:\/\/www.europesays.com\/es\/wp-json\/wp\/v2\/comments?post=292078"}],"version-history":[{"count":0,"href":"https:\/\/www.europesays.com\/es\/wp-json\/wp\/v2\/posts\/292078\/revisions"}],"wp:featuredmedia":[{"embeddable":true,"href":"https:\/\/www.europesays.com\/es\/wp-json\/wp\/v2\/media\/292079"}],"wp:attachment":[{"href":"https:\/\/www.europesays.com\/es\/wp-json\/wp\/v2\/media?parent=292078"}],"wp:term":[{"taxonomy":"category","embeddable":true,"href":"https:\/\/www.europesays.com\/es\/wp-json\/wp\/v2\/categories?post=292078"},{"taxonomy":"post_tag","embeddable":true,"href":"https:\/\/www.europesays.com\/es\/wp-json\/wp\/v2\/tags?post=292078"}],"curies":[{"name":"wp","href":"https:\/\/api.w.org\/{rel}","templated":true}]}}