{"id":292108,"date":"2025-12-17T02:38:18","date_gmt":"2025-12-17T02:38:18","guid":{"rendered":"https:\/\/www.europesays.com\/es\/292108\/"},"modified":"2025-12-17T02:38:18","modified_gmt":"2025-12-17T02:38:18","slug":"gala-anual-de-la-federacion-navarra-de-ciclismo","status":"publish","type":"post","link":"https:\/\/www.europesays.com\/es\/292108\/","title":{"rendered":"Gala anual de la Federaci\u00f3n Navarra de Ciclismo"},"content":{"rendered":"<p>    <img loading=\"lazy\" decoding=\"async\" src=\"https:\/\/www.europesays.com\/es\/wp-content\/uploads\/2025\/12\/11ea6adc-3450-4a15-a6cc-e2db22f15edd_16-9-discover-aspect-ratio_default_0_x742y611.jpg\" alt=\"Gala anual de la Federaci\u00f3n Navarra de Ciclismo\" width=\"1200\" height=\"675\" title=\"Gala anual de la Federaci\u00f3n Navarra de Ciclismo\" style=\"height:auto;\"\/><\/p>\n<p class=\"article-photo__footer\">\n        Gala anual de la Federaci\u00f3n Navarra de Ciclismo<br \/>\n                    CEDIDA\n            <\/p>\n<p class=\"article-body__text article-body__text--entry article-body__text-middle\">\n        La <strong>Federaci\u00f3n Navarra de Ciclismo celebr\u00f3 su Gala Anual<\/strong>, en la que entreg\u00f3 los premios a los tres mejores clasificados en las diferentes categor\u00edas de Juegos Deportivos de pista, de btt y de ruta cadete y escuelas, as\u00ed como de las challenges de ruta, btt, trial y cx.\n<\/p>\n<p class=\"article-body__text \">\n        En las categor\u00edas absolutas destacaron<strong> Unai Ramos y Laia Puigdef\u00e1bregas<\/strong> (ruta), <strong>\u00cd\u00f1igo Sagardoy y Ainara Elbusto<\/strong> (btt), <strong>Benito Ros<\/strong> (trial) y <strong>Amara Sanz y Ion Rold\u00e1n<\/strong> (cx). En m\u00e1ster 30, los vencedores fueron\u00a0<strong>\u00c1lvaro Nieto<\/strong> (ruta), <strong>Pablo Huici<\/strong> (btt) y <strong>Daniel Armend\u00e1riz<\/strong> (cx). Y en j\u00fanior destacaron <strong>Ane Berastegui y Aitor Igoa<\/strong> (ruta), <strong>Unai I\u00f1arrea y Carlota Berne<\/strong> (btt) y <strong>Aimar Garaioa y Carlota Berne<\/strong> (cx).<\/p>\n","protected":false},"excerpt":{"rendered":"Gala anual de la Federaci\u00f3n Navarra de Ciclismo CEDIDA La Federaci\u00f3n Navarra de Ciclismo celebr\u00f3 su Gala Anual,&hellip;\n","protected":false},"author":2,"featured_media":292109,"comment_status":"","ping_status":"","sticky":false,"template":"","format":"standard","meta":{"footnotes":""},"categories":[273],"tags":[21142,313,312,168,25,24,2500,1649,708,23,167],"class_list":{"0":"post-292108","1":"post","2":"type-post","3":"status-publish","4":"format-standard","5":"has-post-thumbnail","7":"category-ciclismo","8":"tag-anual","9":"tag-ciclismo","10":"tag-cycling","11":"tag-deportes","12":"tag-es","13":"tag-espana","14":"tag-federacion","15":"tag-gala","16":"tag-navarra","17":"tag-spain","18":"tag-sports"},"share_on_mastodon":{"url":"https:\/\/pubeurope.com\/@es\/115732592071550273","error":""},"_links":{"self":[{"href":"https:\/\/www.europesays.com\/es\/wp-json\/wp\/v2\/posts\/292108","targetHints":{"allow":["GET"]}}],"collection":[{"href":"https:\/\/www.europesays.com\/es\/wp-json\/wp\/v2\/posts"}],"about":[{"href":"https:\/\/www.europesays.com\/es\/wp-json\/wp\/v2\/types\/post"}],"author":[{"embeddable":true,"href":"https:\/\/www.europesays.com\/es\/wp-json\/wp\/v2\/users\/2"}],"replies":[{"embeddable":true,"href":"https:\/\/www.europesays.com\/es\/wp-json\/wp\/v2\/comments?post=292108"}],"version-history":[{"count":0,"href":"https:\/\/www.europesays.com\/es\/wp-json\/wp\/v2\/posts\/292108\/revisions"}],"wp:featuredmedia":[{"embeddable":true,"href":"https:\/\/www.europesays.com\/es\/wp-json\/wp\/v2\/media\/292109"}],"wp:attachment":[{"href":"https:\/\/www.europesays.com\/es\/wp-json\/wp\/v2\/media?parent=292108"}],"wp:term":[{"taxonomy":"category","embeddable":true,"href":"https:\/\/www.europesays.com\/es\/wp-json\/wp\/v2\/categories?post=292108"},{"taxonomy":"post_tag","embeddable":true,"href":"https:\/\/www.europesays.com\/es\/wp-json\/wp\/v2\/tags?post=292108"}],"curies":[{"name":"wp","href":"https:\/\/api.w.org\/{rel}","templated":true}]}}