{"id":292112,"date":"2025-12-17T02:41:09","date_gmt":"2025-12-17T02:41:09","guid":{"rendered":"https:\/\/www.europesays.com\/es\/292112\/"},"modified":"2025-12-17T02:41:09","modified_gmt":"2025-12-17T02:41:09","slug":"cuando-riazor-empuja-es-muy-dificil-que-se-escapen-cosas-de-aqui","status":"publish","type":"post","link":"https:\/\/www.europesays.com\/es\/292112\/","title":{"rendered":"Cuando Riazor empuja es muy dif\u00edcil que se escapen cosas de aqu\u00ed"},"content":{"rendered":"<p>El <a href=\"https:\/\/www.riazor.org\/noe-firma-vendetta-mallorca-copa\/\" rel=\"nofollow noopener\" target=\"_blank\"><strong>Deportivo logr\u00f3 avanzar a los octavos de final de la Copa del Rey<\/strong><\/a> en un final heroico que llev\u00f3 la firma de No\u00e9 Carrillo. El canterano fue el causante de la <strong>primera \u00abgran noche\u00bb de Antonio Hidalgo<\/strong> al frente del Deportivo. As\u00ed lo reconoci\u00f3 el t\u00e9cnico catal\u00e1n en rueda de prensa, quien <strong>alab\u00f3 la actitud de un Riazor que \u00abcuando empuja es muy dif\u00edcil que se escapen cosas\u00bb<\/strong>. El catal\u00e1n <strong>ensalz\u00f3 el trabajo de Abegondo<\/strong>, la segunda parte del equipo y la solidez que volvi\u00f3 a mostrar el bloque tras el doble tropiezo en casa.<\/p>\n<p>La primera gran noche del D\u00e9por de Hidalgo<\/p>\n<p>\u00ab<strong>Estoy incre\u00edblemente contento por lo vivido hoy en Riazor, es mi primera gran noche<\/strong>. Ha sido un espect\u00e1culo el estadio. En la segunda hemos estado muy bien, hemos modificado cosas en el entretiempo y hemos estado m\u00e1s c\u00f3modos con bal\u00f3n. Destacar el estadio, <strong>han empujado desde el primer momento y he disfrutado much\u00edsimo<\/strong>. Contento por los chicos, porque en siete d\u00edas hemos pasado emociones de todo tipo. Muy contento por ellos\u00bb.<\/p>\n<p>\u00abUn d\u00eda muy bonito, he disfrutado much\u00edsimo. <strong>Hay un sentimiento de que cuando Riazor empuja es muy dif\u00edcil que se escapen cosas de aqu\u00ed<\/strong>. Cuando las cosas no salen te queda esa pena, pero <strong>hoy ha sido una fiesta<\/strong>. A partir de ahora tranquilidad y esperar el sorteo, quien venga bienvenido ser\u00e1\u00bb.<\/p>\n<p>\u00abLa respuesta ha sido incre\u00edble. Los dos \u00faltimos partidos han supuesto un palo bastante duro, pero ha habido una gran entrada. Yo esperaba menos gente, pero han venido. <strong>Eso quiere decir que tienen ganas, que est\u00e1n con nosotros<\/strong>. Hay d\u00edas que el rival es mejor que tu y lo tienes que aceptar, como el Castell\u00f3n, pero <strong>la comuni\u00f3n entre la grada y el equipo es muy importante para el jugador, siempre da un plus<\/strong>\u00ab.<\/p>\n<p>El golpe sobre la mesa de la cantera<\/p>\n<p>\u00abSabemos que est\u00e1n trabajando muy bien con Manuel y estoy muy contento por ellos, pero no es f\u00e1cil. Han sido protagonistas en el gol, <strong>No\u00e9 se lo ha encontrado. Muy contento por \u00e9l porque llevaba tiempo busc\u00e1ndolo<\/strong>. Seguiremos contando con la cantera, hay que ir paso a paso. Arriba tenemos mucha gente, Bil nos da mucho, No\u00e9 tiene una arrancada diferencial en el ultimo tercio\u2026 <strong>Ellos se lo ganan, nos atrevemos a ponerles y hoy ha salido perfecto<\/strong>. Contento por el trabajo de Abegondo\u00bb.<\/p>\n<p>\u00abEso es un mensaje para Abegondo, la gente est\u00e1 muy preparada, es muy importante tener una cantera s\u00f3lida. <strong>Buscamos los momentos adecuados para que nos ayuden, no es f\u00e1cil con el potencial que tenemos sobre todo arriba<\/strong>. Es el momento de seguir trabajando, muy contento por ellos\u00bb.<\/p>\n<p>La solidez defensiva recuperada<\/p>\n<p>\u00abMuy importante, ya dije que <strong>lo m\u00e1s importante era cerrar la porter\u00eda, ser s\u00f3lidos<\/strong>. Nos han exigido much\u00edsimo y hemos estado muy s\u00f3lidos, entendiendo cuando hacer la presi\u00f3n. Alguna situaci\u00f3n te crean, pero <strong>hemos estado muy bien atr\u00e1s hoy<\/strong>\u00ab.<\/p>\n<p>\u00abEs un golpe an\u00edmico bueno, sobre todo en casa. <strong>Ten\u00edamos que darle la vuelta a las sensaciones y hemos hecho un buen partido<\/strong>\u00ab.<\/p>\n<p>Su an\u00e1lisis del encuentro: una segunda parte \u00abmuy completa\u00bb<\/p>\n<p>\u00abEse equilibrio sin bal\u00f3n lo tienes que tener, nosotros somos un equipo que no robamos mucho. El \u00faltimo partido hemos ido m\u00e1s alto y nos han penalizado en transici\u00f3n. Cuando el rival tiene el bal\u00f3n, el equipo quiere apretar y nos desajustamos. <strong>En ese equilibrio hoy hemos estado mejor<\/strong>, hemos incidido antes del partido. Hay que aceptar que <strong>el rival tambi\u00e9n tiene que tener el bal\u00f3n y que hay veces que tienes que estar en bloque bajo<\/strong>. Tenemos que seguir creciendo y creo que la segunda parte del equipo fue muy completa\u00bb.<\/p>\n<p>\u00abEllos han intentado igualarnos en inicio, por eso hemos modificado la posici\u00f3n de Rub\u00e9n. <strong>Tenemos esa superioridad por dentro y hemos tenido esa pausa para encontrarla.<\/strong> Tenemos que leer los partido para poder cambiarlos sobre el terreno de juego. El equipo ha sido muy s\u00f3lido y <strong>ha competido contra un gran equipo<\/strong>, muy contento por pasar de ronda\u00bb.<\/p>\n","protected":false},"excerpt":{"rendered":"El Deportivo logr\u00f3 avanzar a los octavos de final de la Copa del Rey en un final heroico&hellip;\n","protected":false},"author":2,"featured_media":292113,"comment_status":"","ping_status":"","sticky":false,"template":"","format":"standard","meta":{"footnotes":""},"categories":[268],"tags":[168,25,24,280,282,281,23,167],"class_list":{"0":"post-292112","1":"post","2":"type-post","3":"status-publish","4":"format-standard","5":"has-post-thumbnail","7":"category-futbol","8":"tag-deportes","9":"tag-es","10":"tag-espana","11":"tag-football","12":"tag-futbol","13":"tag-soccer","14":"tag-spain","15":"tag-sports"},"share_on_mastodon":{"url":"https:\/\/pubeurope.com\/@es\/115732603560077687","error":""},"_links":{"self":[{"href":"https:\/\/www.europesays.com\/es\/wp-json\/wp\/v2\/posts\/292112","targetHints":{"allow":["GET"]}}],"collection":[{"href":"https:\/\/www.europesays.com\/es\/wp-json\/wp\/v2\/posts"}],"about":[{"href":"https:\/\/www.europesays.com\/es\/wp-json\/wp\/v2\/types\/post"}],"author":[{"embeddable":true,"href":"https:\/\/www.europesays.com\/es\/wp-json\/wp\/v2\/users\/2"}],"replies":[{"embeddable":true,"href":"https:\/\/www.europesays.com\/es\/wp-json\/wp\/v2\/comments?post=292112"}],"version-history":[{"count":0,"href":"https:\/\/www.europesays.com\/es\/wp-json\/wp\/v2\/posts\/292112\/revisions"}],"wp:featuredmedia":[{"embeddable":true,"href":"https:\/\/www.europesays.com\/es\/wp-json\/wp\/v2\/media\/292113"}],"wp:attachment":[{"href":"https:\/\/www.europesays.com\/es\/wp-json\/wp\/v2\/media?parent=292112"}],"wp:term":[{"taxonomy":"category","embeddable":true,"href":"https:\/\/www.europesays.com\/es\/wp-json\/wp\/v2\/categories?post=292112"},{"taxonomy":"post_tag","embeddable":true,"href":"https:\/\/www.europesays.com\/es\/wp-json\/wp\/v2\/tags?post=292112"}],"curies":[{"name":"wp","href":"https:\/\/api.w.org\/{rel}","templated":true}]}}