{"id":292114,"date":"2025-12-17T02:42:13","date_gmt":"2025-12-17T02:42:13","guid":{"rendered":"https:\/\/www.europesays.com\/es\/292114\/"},"modified":"2025-12-17T02:42:13","modified_gmt":"2025-12-17T02:42:13","slug":"la-hija-de-encarnita-polo-encabeza-el-funeral-de-la-artista-que-ha-reunido-al-mundo-del-espectaculo","status":"publish","type":"post","link":"https:\/\/www.europesays.com\/es\/292114\/","title":{"rendered":"La hija de Encarnita Polo encabeza el funeral de la artista, que ha reunido al mundo del espect\u00e1culo"},"content":{"rendered":"<p id=\"esJG4sBtwhq\" data-wc=\"108\">Su voz se apag\u00f3 para siempre el 14 de noviembre en unas<a class=\"hm-link ho-link\" href=\"https:\/\/www.hola.com\/us\/\" data-mrf-recirculation=\"article-body-link\" rel=\"nofollow noopener\" target=\"_blank\">\u00a0dif\u00edciles circunstancias que est\u00e1n siendo investigadas<\/a>, pero el recuerdo de <strong>Encarnita Polo<\/strong> es eterno, como lo es su legado. Fue una de las artistas m\u00e1s populares de las d\u00e9cadas de los 60 y los 70 gracias a temas como Paco, Paco, Paco y Pepa Bandera, que han acompa\u00f1ado a diferentes generaciones. Adem\u00e1s de su talento, su personalidad la convirti\u00f3 en una persona muy querida entre sus compa\u00f1eros, que se han reunido la tarde de este martes en la Bas\u00edlica de La Milagrosa (Madrid) para recordarla en una misa funeral organizada por su \u00fanica hija, \u00a0Raquel Waitzman.<\/p>\n<p>15<\/p>\n<p>  <img src=\"https:\/\/www.europesays.com\/es\/wp-content\/uploads\/2025\/12\/203d7dbfe87d-dlu596931026.jpg\"   width=\"682\" height=\"1024\" loading=\"lazy\" decoding=\"async\" alt=\"&#10;&#10;\" fetchpriority=\"auto\" class=\"image ho-image\"\/>\u00a9 GTRES<\/p>\n<p> Raquel Waitzman<\/p>\n<p id=\"eA0ElFHwsRRx\">La hija de Encarnita Polo, que en estas dif\u00edciles semanas ha apostado por la m\u00e1xima discreci\u00f3n y solo ha hablado mediante <a class=\"hm-link ho-link\" href=\"https:\/\/www.hola.com\/actualidad\/20251119868456\/encarnita-polo-unica-hija-comunicado-urgente\/\" data-mrf-recirculation=\"article-body-link\" rel=\"nofollow noopener\" target=\"_blank\">un comunicado<\/a>, ha sido la primera en llegar a la iglesia para ultimar los detalles de la emotiva misa. La elecci\u00f3n de la iglesia no ha sido al azar ya que se encuentra en pleno barrio de Chamber\u00ed, muy cerca de la casa en la que vivi\u00f3 la artista, que tambi\u00e9n era muy querida por sus vecinos<\/p>\n<p>25<\/p>\n<p>  <img src=\"https:\/\/www.europesays.com\/es\/wp-content\/uploads\/2025\/12\/db2bd19ffbb6-dlu596931002.jpg\"   width=\"682\" height=\"1024\" loading=\"lazy\" decoding=\"async\" alt=\"&#10;&#10;\" fetchpriority=\"auto\" class=\"image ho-image\"\/>\u00a9 GTRES<\/p>\n<p> Antonio Albella<\/p>\n<p id=\"eNEUcZ8Xsh4\">\u00abVamos a recordar a Encarnita con mucha alegr\u00eda\u00bb, ha dicho a su llegada Antonio Albella, con el que ten\u00eda una relaci\u00f3n pr\u00e1cticamente familiar. De hecho, el integrante de Locom\u00eda ha explicado que considera a Raquel, la hija de la artista, como su hermana y permanecen en contacto permanente<\/p>\n<p>35<\/p>\n<p>  <img src=\"https:\/\/www.europesays.com\/es\/wp-content\/uploads\/2025\/12\/bf852543fe10-dlu596931009.jpg\"   width=\"682\" height=\"1024\" loading=\"lazy\" decoding=\"async\" alt=\"&#10;&#10;\" fetchpriority=\"auto\" class=\"image ho-image\"\/>\u00a9 GTRES<\/p>\n<p> Jos\u00e9 Manuel Parada<\/p>\n<p id=\"eM4EBiQK_4V\">Una de las amistades que conservaba la cantante de su profesi\u00f3n es Jos\u00e9 Manuel Parada, quien se mostr\u00f3 devastado por esta p\u00e9rdida. \u00abNo ha sido una muerte normal. Con los a\u00f1os todos nos tenemos que ir, pero de esta manera&#8230;\u00bb, confes\u00f3 el presentador cuando conoci\u00f3 que su buena amiga \u00a0hab\u00eda perdi\u00f3 la vida tras ser estrangulada presuntamente por un compa\u00f1ero de la residencia en la que estaba en \u00c1vila<\/p>\n<p>45<\/p>\n<p>  <img src=\"https:\/\/www.europesays.com\/es\/wp-content\/uploads\/2025\/12\/5af5cafc5b55-dlu596931015.jpg\"   width=\"682\" height=\"1024\" loading=\"lazy\" decoding=\"async\" alt=\"&#10;&#10;\" fetchpriority=\"auto\" class=\"image ho-image\"\/>\u00a9 GTRES<\/p>\n<p> V\u00edctor Sandoval<\/p>\n<p id=\"e5nVCgMNXr\">En esta cita cargada de recuerdos y nostalgia, V\u00edctor Sandoval ha explicado que conoci\u00f3 a Encarnita gracias a Jos\u00e9 Manuel Parada en Radio Nacional. La conexi\u00f3n fue instant\u00e1nea tambi\u00e9n con Raquel, a la que acompa\u00f1\u00f3 en esta misma iglesia el d\u00eda de su boda y a quien hoy ha encontrado calmada y tranquila\u00a0<\/p>\n<p>55<\/p>\n<p>  <img src=\"https:\/\/www.europesays.com\/es\/wp-content\/uploads\/2025\/12\/d6c5fbbeac09-dlu596931003.jpg\"   width=\"1024\" height=\"682\" loading=\"lazy\" decoding=\"async\" alt=\"Media Image\" fetchpriority=\"auto\" class=\"image ho-image\"\/>\u00a9 GTRES<\/p>\n<p> Pablo Sebastian<\/p>\n<p id=\"eh6qZdmyhtfc\">\u00abMe parece mentira, otra amiga m\u00e1s que no est\u00e1 y de una manera tan triste\u00bb, ha lamentado Pablo Sebastian, quien ha recordado todas las visitas que le hizo a Encarnita cuando viv\u00eda en la misma calle de la iglesia en la que se ha hecho el homenaje. El pianista ha comentado que lo que ha ocurrido \u00abno tiene explicaci\u00f3n\u00bb y ha pedido que se haga \u00abjusticia\u00bb<\/p>\n","protected":false},"excerpt":{"rendered":"Su voz se apag\u00f3 para siempre el 14 de noviembre en unas\u00a0dif\u00edciles circunstancias que est\u00e1n siendo investigadas, pero&hellip;\n","protected":false},"author":2,"featured_media":292115,"comment_status":"","ping_status":"","sticky":false,"template":"","format":"standard","meta":{"footnotes":""},"categories":[174],"tags":[517,255,146,147,25,24,256,23],"class_list":{"0":"post-292114","1":"post","2":"type-post","3":"status-publish","4":"format-standard","5":"has-post-thumbnail","7":"category-famosos","8":"tag-actualidad","9":"tag-celebrities","10":"tag-entertainment","11":"tag-entretenimiento","12":"tag-es","13":"tag-espana","14":"tag-famosos","15":"tag-spain"},"share_on_mastodon":{"url":"https:\/\/pubeurope.com\/@es\/115732608586483389","error":""},"_links":{"self":[{"href":"https:\/\/www.europesays.com\/es\/wp-json\/wp\/v2\/posts\/292114","targetHints":{"allow":["GET"]}}],"collection":[{"href":"https:\/\/www.europesays.com\/es\/wp-json\/wp\/v2\/posts"}],"about":[{"href":"https:\/\/www.europesays.com\/es\/wp-json\/wp\/v2\/types\/post"}],"author":[{"embeddable":true,"href":"https:\/\/www.europesays.com\/es\/wp-json\/wp\/v2\/users\/2"}],"replies":[{"embeddable":true,"href":"https:\/\/www.europesays.com\/es\/wp-json\/wp\/v2\/comments?post=292114"}],"version-history":[{"count":0,"href":"https:\/\/www.europesays.com\/es\/wp-json\/wp\/v2\/posts\/292114\/revisions"}],"wp:featuredmedia":[{"embeddable":true,"href":"https:\/\/www.europesays.com\/es\/wp-json\/wp\/v2\/media\/292115"}],"wp:attachment":[{"href":"https:\/\/www.europesays.com\/es\/wp-json\/wp\/v2\/media?parent=292114"}],"wp:term":[{"taxonomy":"category","embeddable":true,"href":"https:\/\/www.europesays.com\/es\/wp-json\/wp\/v2\/categories?post=292114"},{"taxonomy":"post_tag","embeddable":true,"href":"https:\/\/www.europesays.com\/es\/wp-json\/wp\/v2\/tags?post=292114"}],"curies":[{"name":"wp","href":"https:\/\/api.w.org\/{rel}","templated":true}]}}