{"id":292116,"date":"2025-12-17T02:43:34","date_gmt":"2025-12-17T02:43:34","guid":{"rendered":"https:\/\/www.europesays.com\/es\/292116\/"},"modified":"2025-12-17T02:43:34","modified_gmt":"2025-12-17T02:43:34","slug":"pepe-serra-mnac-el-ministerio-de-cultura-tendra-que-dar-permiso-para-mover-las-pinturas-de-sijena-cultura","status":"publish","type":"post","link":"https:\/\/www.europesays.com\/es\/292116\/","title":{"rendered":"Pepe Serra (MNAC): \u201cEl Ministerio de Cultura tendr\u00e1 que dar permiso para mover las pinturas de Sijena\u201d | Cultura"},"content":{"rendered":"<p class=\"\">Hace tres a\u00f1os, a<a href=\"https:\/\/elpais.com\/espana\/catalunya\/2022-06-01\/el-patronato-del-mnac-acuerda-iniciar-el-proyecto-de-ampliacion-del-museo-y-renovar-por-cinco-anos-a-pepe-serra-como-director.html\" target=\"_self\" rel=\"nofollow noopener\" title=\"https:\/\/elpais.com\/espana\/catalunya\/2022-06-01\/el-patronato-del-mnac-acuerda-iniciar-el-proyecto-de-ampliacion-del-museo-y-renovar-por-cinco-anos-a-pepe-serra-como-director.html\"> Pepe Serra (Barcelona, 55 a\u00f1os) le renovaron el contrato como director del Museo Nacional de Arte de Catalu\u00f1a (MNAC) y le encomendaron el proyecto de ampliaci\u00f3n<\/a>, que deber\u00eda estar concluida en 2029, coincidiendo con el centenario de la Exposici\u00f3n Internacional celebrada en Barcelona y del Palau Nacional. El proyecto va medio a\u00f1o tarde y la pr\u00f3xima ser\u00e1 la \u00faltima temporada que el museo tenga exposiciones temporales, adem\u00e1s de verse obligada a cerrar una planta a la espera de ganar superficie en el renovado Pabell\u00f3n Victoria Eugenia. Serra pide paciencia para conocer qu\u00e9 deparar\u00e1 el relato del ampliado MNAC, que el \u00faltimo medio a\u00f1o ha vivido inmerso en otro marr\u00f3n menos festivo: el litigio de las obras rom\u00e1nicas de Sijena, con una sentencia que ordena su devoluci\u00f3n a Huesca. \u00c9l pone en duda que se pueda ejecutar. <\/p>\n<p class=\"\"><b>Pregunta.<\/b> Estuvo hace nada en el nuevo <a href=\"https:\/\/elpais.com\/cultura\/2025-11-01\/asi-es-el-gran-museo-egipcio-en-imagenes.html\" target=\"_self\" rel=\"nofollow noopener\" title=\"https:\/\/elpais.com\/cultura\/2025-11-01\/asi-es-el-gran-museo-egipcio-en-imagenes.html\">Gran Museo Egipcio de El Cairo<\/a>. \u00bfLos grandes museos son un punto de inspiraci\u00f3n para el MNAC?<\/p>\n<p class=\"\"><b>Respuesta. <\/b>Nos interesa ir a todos. Pero lo peor que le puede pasar a un museo es que se parezca a otro. El <a href=\"https:\/\/elpais.com\/noticias\/mnac-museo-nacional-arte-cataluna\/\" target=\"_self\" rel=\"nofollow noopener\" title=\"https:\/\/elpais.com\/noticias\/mnac-museo-nacional-arte-cataluna\/\">MNAC<\/a> debe hacer dos cosas. Una es hablar del lugar donde est\u00e1, que es Catalu\u00f1a, y desde ese lugar mirar al mundo, porque su mirada ser\u00e1 \u00fanica. No debemos ser el segundo de nada.<\/p>\n<p class=\"\"><b>P. <\/b>\u00bfD\u00f3nde est\u00e1 el MNAC ahora?<\/p>\n<p class=\"\"><b>R.<\/b> En un momento muy bueno, <a href=\"https:\/\/elpais.com\/espana\/catalunya\/2025-12-09\/cuando-como-y-adonde-tres-enigmas-sobre-la-devolucion-de-las-pinturas-de-sijena.html\" target=\"_self\" rel=\"nofollow noopener\" title=\"https:\/\/elpais.com\/espana\/catalunya\/2025-12-09\/cuando-como-y-adonde-tres-enigmas-sobre-la-devolucion-de-las-pinturas-de-sijena.html\">con una cuesti\u00f3n como Sijena, que es compleja<\/a>. En los \u00faltimos ocho a\u00f1os hemos realizado un trabajo muy importante de transformaci\u00f3n orientado, \u00fanica y exclusivamente, al servicio p\u00fablico. Ahora llega una oportunidad \u00fanica de algo que hace muchos a\u00f1os que se pide, que es la ampliaci\u00f3n. No lo hacemos porque sea el centenario [de la Exposici\u00f3n Internacional de 1929, cuando se construy\u00f3 su sede] o por una cuesti\u00f3n de ampliar por ampliar: es culminar un proyecto que la Guerra Civil hizo imposible y que el franquismo interrumpi\u00f3. De 1940 hasta hoy todo lo que ha pasado en este pa\u00eds, la construcci\u00f3n de lo que somos ahora, la pluralidad, las oleadas migratorias, la conquista de los derechos de la democracia\u2026 no se exhibe de forma permanente en ninguna parte. Dos generaciones y media de artistas. Y toda la fotograf\u00eda del pa\u00eds est\u00e1 oculta. No podemos no hacerlo. <\/p>\n<blockquote class=\"a_q\">\n<p>No se trata de ampliar por ampliar: es culminar un proyecto que la Guerra Civil hizo imposible y el franquismo interrumpi\u00f3\u00bb<\/p>\n<\/blockquote>\n<p class=\"\"><b>P. <\/b>\u00bfCon qu\u00e9 relato?<\/p>\n<p class=\"\"><b>R. <\/b>La construcci\u00f3n del relato, que es complej\u00edsima, debe ser muy lenta y estamos justo al principio, en el esqueleto. Vemos un maravilloso potencial, pero somos conscientes de las adversidades y de que <a href=\"https:\/\/elpais.com\/cultura\/2025-11-17\/manuel-borja-villel-fichado-para-revolucionar-los-museos-catalanes-vuelve-a-madrid.html\" target=\"_self\" rel=\"nofollow noopener\" title=\"https:\/\/elpais.com\/cultura\/2025-11-17\/manuel-borja-villel-fichado-para-revolucionar-los-museos-catalanes-vuelve-a-madrid.html\">todo esto no puede ser un proyecto de autor<\/a>, ni del director, ni de los conservadores. Tampoco puede ser un proyecto ensay\u00edstico, ni un proyecto politizado o sesgado. Nadie le pregunta al <a href=\"https:\/\/elpais.com\/cultura\/2025-09-21\/paris-pierde-cinco-anos-a-su-amado-pompidou.html\" target=\"_self\" rel=\"nofollow noopener\" title=\"https:\/\/elpais.com\/cultura\/2025-09-21\/paris-pierde-cinco-anos-a-su-amado-pompidou.html\">Pompidou por el relato ahora que ha empezado las obras<\/a>. <\/p>\n<p class=\"\"><b>P.<\/b> \u00bfLa colecci\u00f3n manda?<\/p>\n<p class=\"\"><b>R. <\/b>Todo lo que haremos s\u00f3lo podemos hacerlo desde la colecci\u00f3n, que son muchas obras que el MNAC no tiene, pero que son la colecci\u00f3n del pa\u00eds, porque este es el museo de Catalu\u00f1a. Hemos trenzado estos a\u00f1os unas alianzas que ahora ser\u00e1n esenciales, desde fundaciones privadas, a grandes colecciones o museos locales. Con estas obras vamos a producir otra obra, que trabajaremos con artistas vivos. Desde aqu\u00ed debemos ser capaces de dar sentido a esta colecci\u00f3n, articular relatos y preguntas, no a pontificar. No tomaremos unas obras y las retorceremos para que digan algo. <a href=\"https:\/\/elpais.com\/cultura\/2025-06-26\/borja-villel-materializa-su-andanada-contra-los-museos-tradicionales-con-la-exposicion-fabular-paisajes.html\" target=\"_self\" rel=\"nofollow noopener\" title=\"https:\/\/elpais.com\/cultura\/2025-06-26\/borja-villel-materializa-su-andanada-contra-los-museos-tradicionales-con-la-exposicion-fabular-paisajes.html\">No puede ser algo ensay\u00edstico, no puede ser un modelo te\u00f3rico<\/a>, porque lo te\u00f3rico no significa nada, no puede haber gestos vac\u00edos. Hablamos con todo el mundo. <\/p>\n<p><img decoding=\"auto\" class=\"_re lazyload a_m-h\" height=\"277\"  width=\"414\"  src=\"https:\/\/www.europesays.com\/es\/wp-content\/uploads\/2025\/12\/BASY5UBHF5DBDGZMKXBP3XNCCE.JPG\" loading=\"lazy\"\/>Pepe Serra, durante un momento de la entrevista en su despacho.Carles Ribas<\/p>\n<p class=\"\"><b>P.<\/b> \u00bfPropondr\u00e1n un cambio en la gobernanza? Por ejemplo, de recursos, \u00bfque entren entidades privadas a financiar el museo?<\/p>\n<p class=\"\"><b>R.<\/b> No, lo pagar\u00e1 la administraci\u00f3n p\u00fablica y es verdad que, en este salto de escala, el museo pide unos instrumentos distintos de generaci\u00f3n de ingresos, una sociedad comercial, otra forma de gestionar los espacios. S\u00ed es verdad que igual encontramos a alg\u00fan compa\u00f1ero de viaje m\u00e1s adelante, pero la financiaci\u00f3n depende de las administraciones. Lo que hacemos es terminar un museo que est\u00e1 inacabado todav\u00eda a d\u00eda de hoy. No puede ser que 80 a\u00f1os de perspectiva est\u00e9n obviados. Somos la \u00fanica ciudad europea a la que llegas y no puedes encontrar los nombres de los a\u00f1os 40 hacia aqu\u00ed.<\/p>\n<p class=\"\"><b>P.<\/b> \u00bfQu\u00e9 se ha hecho mal en los \u00faltimos diez a\u00f1os?<\/p>\n<p class=\"\"><b>R.<\/b> Quiz\u00e1s no guardar m\u00e1s recursos para explicar lo que hemos hecho. Quiz\u00e1s no nos hemos explicado muy bien, como veo que alguien escribe. No hemos sido suficientemente eficaces en comunicar estos cambios. <\/p>\n<p class=\"\"><b>P.<\/b> El museo siempre ha querido bajar a la ciudad\u2026<\/p>\n<p class=\"\"><b>R.<\/b> F\u00edjese en la paradoja: el museo m\u00e1s importante, el m\u00e1s \u00fatil, el que m\u00e1s puede explicar, el que m\u00e1s puede servir a todo el mundo\u2026 es el m\u00e1s inaccesible. La ampliaci\u00f3n permite conectarte a la trama urbana. Aqu\u00ed \u2014se\u00f1ala en un plano el MNAC\u2014 va un mill\u00f3n de personas, aqu\u00ed \u2014fijando el dedo sobre la fuente de Montju\u00efc y el Palacio Victoria Eugenia, donde estar\u00e1 la principal entrada del museo a partir del 2029, a unos pocos centenares de metros del acceso actual\u2014 llegan dos millones cada a\u00f1o. En ese salto [el dedo pica fuerte sobre las escaleras] se pierde un mill\u00f3n de personas. Es mejorar la accesibilidad.<\/p>\n<p class=\"\"><b>P.<\/b> \u00bfEl metro llegar\u00e1?<\/p>\n<p class=\"\"><b>R.<\/b> El metro vuelve a salir en los planos, pero no tiene fecha. No estar\u00e1 en 2029 ni en broma. <\/p>\n<p class=\"\"><b>P.<\/b> \u00bfPuede ser competencia el nuevo museo Thyssen en el Cine Comedia?<\/p>\n<p class=\"\"><b>R.<\/b> Nunca he contemplado el sistema muse\u00edstico en clave de competencia. <a href=\"https:\/\/elpais.com\/espana\/catalunya\/2025-11-20\/los-arquitectos-critican-el-proyecto-del-museo-thyssen-de-barcelona-y-reclaman-al-ayuntamiento-un-proceso-participativo.html\" target=\"_self\" rel=\"nofollow noopener\" title=\"https:\/\/elpais.com\/espana\/catalunya\/2025-11-20\/los-arquitectos-critican-el-proyecto-del-museo-thyssen-de-barcelona-y-reclaman-al-ayuntamiento-un-proceso-participativo.html\">He preguntado si pueden ense\u00f1arme el proyecto<\/a>. La colecci\u00f3n llamada catalana es correcta, digna, buena, pero no suficientemente relevante; aqu\u00ed no se expondr\u00eda.<\/p>\n<p class=\"\"><b>P.<\/b> Estar\u00e1n obligados a cerrar espacios durante la ampliaci\u00f3n, \u00bfc\u00f3mo le afectar\u00e1?<\/p>\n<p class=\"\"><b>R.<\/b> En enero de 2027 cerraremos el primer piso, donde est\u00e1 todo el arte moderno, y creemos que podremos mantener las colecciones medievales abiertas. Pero no tenemos esa informaci\u00f3n, depende de la accesibilidad. Para 2027, 2028 y 2029 no programamos exposiciones temporales.<\/p>\n<p class=\"\"><b>P.<\/b> \u00bfNo llega cansado a los trabajos de la ampliaci\u00f3n, ahora que lleva ya seis meses viviendo el litigio por los murales rom\u00e1nicos de Sijena?<\/p>\n<p class=\"\"><b>R.<\/b> Entre mayo y septiembre, Sijena dio para tener un director que se encargara todo el d\u00eda de eso y otro director diferente para el museo. Ha sido dur\u00edsimo. Pero estamos bien, el equipo es una pi\u00f1a. <\/p>\n<p class=\"\"><b>P.<\/b> Dice que son una pi\u00f1a, pero visto desde fuera, con el patronato, no lo parece. <a href=\"https:\/\/elpais.com\/cultura\/2025-10-06\/el-mnac-pide-al-ministerio-de-cultura-un-informe-sobre-el-riesgo-de-trasladar-los-murales-de-sijena.html\" target=\"_self\" rel=\"nofollow noopener\" title=\"https:\/\/elpais.com\/cultura\/2025-10-06\/el-mnac-pide-al-ministerio-de-cultura-un-informe-sobre-el-riesgo-de-trasladar-los-murales-de-sijena.html\">Le ha pedido al Ministerio de Cultura un informe sobre los riesgos del traslado y no han hecho nada.<\/a> \u00bfSe consideran desamparados?<\/p>\n<p class=\"\"><b>R.<\/b> En la dimensi\u00f3n pol\u00edtica el museo no debe entrar y yo lo \u00fanico que he intentado es proteger a mi equipo. Todo lo que el museo quer\u00eda hacer se ha hecho y el patronato le ha dado el visto bueno por unanimidad. Pero yo a mis gobernantes no puedo decirles qu\u00e9 deben hacer y si el Ministerio ha decidido adherirse a un informe de la Generalitat y el Ayuntamiento antes que hacer el suyo, pues lo respeto. Entiendo sus equilibrios pol\u00edticos.<\/p>\n<blockquote class=\"a_q\">\n<p>En un momento de la complejidad de Sijena, saltar del barco ser\u00eda de rata\u00bb<\/p>\n<\/blockquote>\n<p class=\"\"><b>P.<\/b> \u00bfC\u00f3mo cambia el relato del futuro del MNAC sin Sijena?<\/p>\n<p class=\"\"><b>R.<\/b> En nada. No es nuestra obra, es un dep\u00f3sito. Es una obra que llega aqu\u00ed, durante la guerra, que la he cuidado y que la he puesto en el mapa del mundo. <a href=\"https:\/\/elpais.com\/cultura\/2025-11-10\/desmontar-los-murales-de-sijena-cirugia-de-alto-riesgo-en-pinturas-de-800-anos.html\" target=\"_self\" rel=\"nofollow noopener\" title=\"https:\/\/elpais.com\/cultura\/2025-11-10\/desmontar-los-murales-de-sijena-cirugia-de-alto-riesgo-en-pinturas-de-800-anos.html\">Si hay alguien que, conociendo informaci\u00f3n y evidencia cient\u00edfica, cree que puede moverla y asume las responsabilidades, se podr\u00e1 cumplir<\/a> la sentencia. Si no, la jueza deber\u00e1 decidir si es ejecutable. Empatizo enormemente con alguien que quiere un museo en su casa porque tengo todas las pinturas del Pirineo. Ahora, \u00bfel lugar y las condiciones [del monasterio de Sijena] son los adecuados? No s\u00e9. Nadie lo asegura. \u00bfTiene sentido algo rescatado de la guerra, que ha encontrado aqu\u00ed un lugar y un relato, llevarlo a los Monegros, a una poblaci\u00f3n que se vac\u00eda y que no tiene personal t\u00e9cnico? <\/p>\n<p class=\"\"><b>P.<\/b> Un diario, en 2016, recog\u00eda en un titular unas palabras suyas en las que dec\u00eda que no ser\u00eda director si se trasladaban las obras.<\/p>\n<p class=\"\"><b>R.<\/b> Se interpret\u00f3 mal. La pregunta era \u2018si a ti te obligan a hacer\u2019, pero ah\u00ed no hemos llegado y no creo que ocurra. Tenemos a los mejores historiadores del mundo en arte rom\u00e1nico, pero no en arrancar cosas. Si se dice que se haga, nosotros licitaremos un concurso. En un momento como el de la complejidad de Sijena, saltar del barco ser\u00eda de rata. Y despu\u00e9s hay algo que ser\u00e1 divertido, que es que el Ministerio de Cultura tendr\u00e1 que dar el permiso para moverlas, porque son un Bien de Inter\u00e9s Cultural. Es obligatorio, por ley. Nosotros t\u00e9cnicamente hemos llegado al l\u00edmite.<\/p>\n","protected":false},"excerpt":{"rendered":"Hace tres a\u00f1os, a Pepe Serra (Barcelona, 55 a\u00f1os) le renovaron el contrato como director del Museo Nacional&hellip;\n","protected":false},"author":2,"featured_media":292117,"comment_status":"","ping_status":"","sticky":false,"template":"","format":"standard","meta":{"footnotes":""},"categories":[173],"tags":[69977,229,6477,233,231,230,18044,209,232,234,146,147,25,24,1469,4344,251,3453,6929,3873,69613,23],"class_list":{"0":"post-292116","1":"post","2":"type-post","3":"status-publish","4":"format-standard","5":"has-post-thumbnail","7":"category-arte-y-diseno","8":"tag-ampliaciones-museo","9":"tag-arte","10":"tag-arte-romanico","11":"tag-arte-y-diseno","12":"tag-arts","13":"tag-arts-and-design","14":"tag-colecciones-permanentes","15":"tag-cultura","16":"tag-design","17":"tag-diseno","18":"tag-entertainment","19":"tag-entretenimiento","20":"tag-es","21":"tag-espana","22":"tag-exposiciones-temporales","23":"tag-generalitat-cataluna","24":"tag-ministerio-de-cultura","25":"tag-mnac","26":"tag-monasterio-sijena","27":"tag-museos","28":"tag-pepe-serra","29":"tag-spain"},"share_on_mastodon":{"url":"https:\/\/pubeurope.com\/@es\/115732611442429038","error":""},"_links":{"self":[{"href":"https:\/\/www.europesays.com\/es\/wp-json\/wp\/v2\/posts\/292116","targetHints":{"allow":["GET"]}}],"collection":[{"href":"https:\/\/www.europesays.com\/es\/wp-json\/wp\/v2\/posts"}],"about":[{"href":"https:\/\/www.europesays.com\/es\/wp-json\/wp\/v2\/types\/post"}],"author":[{"embeddable":true,"href":"https:\/\/www.europesays.com\/es\/wp-json\/wp\/v2\/users\/2"}],"replies":[{"embeddable":true,"href":"https:\/\/www.europesays.com\/es\/wp-json\/wp\/v2\/comments?post=292116"}],"version-history":[{"count":0,"href":"https:\/\/www.europesays.com\/es\/wp-json\/wp\/v2\/posts\/292116\/revisions"}],"wp:featuredmedia":[{"embeddable":true,"href":"https:\/\/www.europesays.com\/es\/wp-json\/wp\/v2\/media\/292117"}],"wp:attachment":[{"href":"https:\/\/www.europesays.com\/es\/wp-json\/wp\/v2\/media?parent=292116"}],"wp:term":[{"taxonomy":"category","embeddable":true,"href":"https:\/\/www.europesays.com\/es\/wp-json\/wp\/v2\/categories?post=292116"},{"taxonomy":"post_tag","embeddable":true,"href":"https:\/\/www.europesays.com\/es\/wp-json\/wp\/v2\/tags?post=292116"}],"curies":[{"name":"wp","href":"https:\/\/api.w.org\/{rel}","templated":true}]}}