{"id":292126,"date":"2025-12-17T02:49:09","date_gmt":"2025-12-17T02:49:09","guid":{"rendered":"https:\/\/www.europesays.com\/es\/292126\/"},"modified":"2025-12-17T02:49:09","modified_gmt":"2025-12-17T02:49:09","slug":"los-casos-suben-un-145-en-la-ultima-semana-y-la-tasa-se-dispara-hasta-308","status":"publish","type":"post","link":"https:\/\/www.europesays.com\/es\/292126\/","title":{"rendered":"los casos suben un 14,5% en la \u00faltima semana y la tasa se dispara hasta 308"},"content":{"rendered":"<p>Los casos de gripe siguen subiendo en la Comunidad de Madrid, aunque de forma m\u00e1s moderada, con un incremento del 14,5% en la \u00faltima semana, y la tasa se ha disparo hasta superar los 308 casos por cada 100.000 habitantes en la segunda semana de diciembre, un 11,5% m\u00e1s alta que siete d\u00edas antes.<\/p>\n<p>En concreto, en semana 50 del a\u00f1o, del 8 al 14 de diciembre, se han notificado a trav\u00e9s de la Red de Vigilancia del Sistema de Enfermedades de Declaraci\u00f3n Obligatoria (EDO) un total de 22.110 casos, es decir, 2.809 m\u00e1s con respecto a la semana anterior.<\/p>\n<p>As\u00ed, el acumulado de la temporada 2025\/2026 asciende a 57.670 casos, seg\u00fan el \u00faltimo informe epidemiol\u00f3gico semanal de la Direcci\u00f3n General de Salud P\u00fablica, consultado por Europa Press.<\/p>\n<p>De esta forma, la tasa en la segunda semana de diciembre se sit\u00faa en 308,73 casos por 100.000 habitantes (275 la semana previa), muy por encima del umbral epid\u00e9mico, cuyo valor num\u00e9rico es 22,38 &#8211;ha sido construido a partir de las cinco temporadas anteriores (exceptuando la temporada 2020-2021 y 2021-2022 en las que apenas hubo casos)&#8211;.<\/p>\n<p>En declaraciones a los medios en el Hospital Gregorio Mara\u00f1\u00f3n, la consejera de Sanidad, F\u00e1tima Matute, ha destacado que esa tasa \u00abes mucho mayor que la del a\u00f1o pasado\u00bb. \u00abEstamos aproxim\u00e1ndonos a las tasas de incidencia que hubo en la gripe de hace 15 a\u00f1os\u00bb, ha aclarado.<\/p>\n<p>En Atenci\u00f3n Primaria, la tasa ha sido de 307,51 casos por 100.000 habitantes, un 9,5% mayor que la de la semana anterior. En la campa\u00f1a anterior, el valor semanal m\u00e1s alto fue de 122,5 casos por 100.000 habitantes y se alcanz\u00f3 en la semana 4, es decir, entre el 20 y el 26 de enero.<\/p>\n<p>En concreto, la incidencia ha aumentado en todos los grupos de edad. La m\u00e1s alta se ha dado esta semana en los ni\u00f1os de 0 a 4 a\u00f1os (1.563,55).<\/p>\n<p> En Atenci\u00f3n Hospitalaria, la incidencia ha sido 12,05 casos por 100.000 habitantes, 25,7% mayor que la semana anterior. El grupo de 80 o m\u00e1s a\u00f1os es el que ha mostrado la cifra m\u00e1s alta, 101,4, una cifra un 43,3% m\u00e1s alta que la de la semana anterior.<\/p>\n<p>Se ha detectado la circulaci\u00f3n de virus de gripe A, cepas H3N2, H1N1 y H3, as\u00ed como otros sin subtipar. Desde la semana 40, el 66,1% y el 46,8% de los virus con tipo y subtipo identificados en Atenci\u00f3n Primaria y Atenci\u00f3n Hospitalaria respectivamente ha sido A(H3N2).<\/p>\n<p>En este sentido, la m\u00e1xima responsable de la Sanidad madrile\u00f1a ha explicado que el incremento de casos est\u00e1 relacionado con la circulaci\u00f3n del subclado K de influenza A (H3N2), mucho m\u00e1s contagioso. \u00abEs un virus al que no est\u00e1bamos expuestos previamente y no hay una inmunidad de base de la poblaci\u00f3n\u00bb, ha apuntado Matute.<\/p>\n<p>El cualquier caso, la consejera madrile\u00f1a ha lanzado un mensaje de tranquilidad a la poblaci\u00f3n porque, aunque m\u00e1s contagioso, \u00abno es m\u00e1s grave\u00bb. \u00abNo hay casos de mayor gravedad ni se est\u00e1n identificando complicaciones ni un aumento de mortalidad en la poblaci\u00f3n\u00bb, ha remarcado.<\/p>\n<p>En el caso de la vacunaci\u00f3n, la totalidad de los casos de 80 a\u00f1os o m\u00e1s y el 53,3% de los casos de 65 a 79 a\u00f1os identificados en Atenci\u00f3n Primaria estaban inmunizados, un porcentaje que se sit\u00faa en el 46,4% para el primer grupo y el 51,7% para el segundo en el \u00e1mbito hospitalario. Seg\u00fan la consejera, se ha vacunado a 1,3 millones de personas durante esta campa\u00f1a.<\/p>\n<p> En la \u00faltima semana, adem\u00e1s, se han registrado diez brotes de gripe, nueve de ellos en residencias de personas mayores y el d\u00e9cimo, en una residencia sociosanitaria. En todos los casos, se han aplicado medidas preventivas como aislamiento o uso de mascarilla.<\/p>\n<p>En el acumulado del a\u00f1o, se elevan a 114.434 los casos de gripe notificados, frente a los 45.860 contabilizados en el mismo periodo de 2024, lo que supone un 149,5% m\u00e1s. El \u00cdndice Epid\u00e9mico &#8211;los casos notificados hasta la semana correspondiente en el a\u00f1o actual entre los casos notificados en el mismo periodo del a\u00f1o anterior&#8211; es de 2,5, lo que se considera una incidencia alta.<\/p>\n<p>Campa\u00f1a de vacunaci\u00f3n y mascarilla<\/p>\n<p>Debido a esta incidencia de la gripe, la Comunidad de Madrid recomienda desde este lunes d\u00eda 15 el uso de las mascarillas en todos los hospitales y centros de salud de la regi\u00f3n, que se suman a las residencias donde est\u00e1 aconsejada su utilizaci\u00f3n desde el jueves d\u00eda 11 con el objetivo de aumentar la protecci\u00f3n frente a la gripe.<\/p>\n<p>Adem\u00e1s, se sigue recomendando la vacunaci\u00f3n frente a la gripe, que puede llegar a reducir hasta en un 80% las hospitalizaciones por neumon\u00eda en las personas que tienen 65 y m\u00e1s a\u00f1os de edad \u00absi est\u00e1n bien vacunadas\u00bb.<\/p>\n<p>La campa\u00f1a de inmunizaci\u00f3n frente a la gripe se inici\u00f3 el 15 de octubre y est\u00e1 especialmente dirigida a adultos a partir de 60 a\u00f1os, personal sanitario y sociosanitario, ni\u00f1os desde los 6 meses hasta los 5 a\u00f1os y pacientes cr\u00f3nicos.<\/p>\n<p> Tambi\u00e9n est\u00e1 recomendada para los siguientes perfiles de poblaci\u00f3n: embarazadas, enfermos con patolog\u00eda cr\u00f3nica cardiovascular, respiratoria, renal, diabetes, cuidadores de personas vulnerables, fumadores y docentes de guarder\u00edas y centros de Educaci\u00f3n Infantil.<\/p>\n<p> Esta medida preventiva se aconseja igualmente a personas con exposici\u00f3n laboral directa a aves dom\u00e9sticas o cerdos en granjas, as\u00ed como o explotaciones av\u00edcolas o porcinas, y aquellas que realizan servicios p\u00fablicos esenciales como miembros de las Fuerzas y Cuerpos de Seguridad del Estado, bomberos o servicios de Protecci\u00f3n Civil.<\/p>\n<p>La Comunidad de Madrid ha habilitado el Hospital Enfermera Isabel Zendal para la vacunaci\u00f3n contra la gripe a personas mayores de 18 a\u00f1os. Hasta ahora, en \u00e9l se han vacunado m\u00e1s de 8.000 madrile\u00f1os, con cerca 1.200 vacunados al d\u00eda, seg\u00fan han informado a Europa Press fuentes de la Consejer\u00eda de Sanidad.<\/p>\n<p>La campa\u00f1a se extender\u00e1 hasta el 31 de enero de 2026, salvo que circunstancias epidemiol\u00f3gicas aconsejen prolongarla. Se lleva a cabo en m\u00e1s de 800 puntos, principalmente en los centros de salud y consultorios de Atenci\u00f3n Primaria, hospitales p\u00fablicos y residencias de mayores y de personas con discapacidad.<\/p>\n<p>Igualmente, como medida de prevenci\u00f3n de la transmisi\u00f3n dirigida a la poblaci\u00f3n, la directora general de Salud P\u00fablica de la Comunidad ha insistido en la recomendaci\u00f3n de uso de mascarilla para las personas con s\u00edntomas respiratorios.<\/p>\n","protected":false},"excerpt":{"rendered":"Los casos de gripe siguen subiendo en la Comunidad de Madrid, aunque de forma m\u00e1s moderada, con un&hellip;\n","protected":false},"author":2,"featured_media":292127,"comment_status":"","ping_status":"","sticky":false,"template":"","format":"standard","meta":{"footnotes":""},"categories":[92],"tags":[3582,25,24,165,12643,166,23,25206,1529,21],"class_list":{"0":"post-292126","1":"post","2":"type-post","3":"status-publish","4":"format-standard","5":"has-post-thumbnail","7":"category-salud","8":"tag-comunidades","9":"tag-es","10":"tag-espana","11":"tag-health","12":"tag-noticias-interesantes","13":"tag-salud","14":"tag-spain","15":"tag-t-800","16":"tag-ultima-hora","17":"tag-ultimas-noticias"},"share_on_mastodon":{"url":"","error":""},"_links":{"self":[{"href":"https:\/\/www.europesays.com\/es\/wp-json\/wp\/v2\/posts\/292126","targetHints":{"allow":["GET"]}}],"collection":[{"href":"https:\/\/www.europesays.com\/es\/wp-json\/wp\/v2\/posts"}],"about":[{"href":"https:\/\/www.europesays.com\/es\/wp-json\/wp\/v2\/types\/post"}],"author":[{"embeddable":true,"href":"https:\/\/www.europesays.com\/es\/wp-json\/wp\/v2\/users\/2"}],"replies":[{"embeddable":true,"href":"https:\/\/www.europesays.com\/es\/wp-json\/wp\/v2\/comments?post=292126"}],"version-history":[{"count":0,"href":"https:\/\/www.europesays.com\/es\/wp-json\/wp\/v2\/posts\/292126\/revisions"}],"wp:featuredmedia":[{"embeddable":true,"href":"https:\/\/www.europesays.com\/es\/wp-json\/wp\/v2\/media\/292127"}],"wp:attachment":[{"href":"https:\/\/www.europesays.com\/es\/wp-json\/wp\/v2\/media?parent=292126"}],"wp:term":[{"taxonomy":"category","embeddable":true,"href":"https:\/\/www.europesays.com\/es\/wp-json\/wp\/v2\/categories?post=292126"},{"taxonomy":"post_tag","embeddable":true,"href":"https:\/\/www.europesays.com\/es\/wp-json\/wp\/v2\/tags?post=292126"}],"curies":[{"name":"wp","href":"https:\/\/api.w.org\/{rel}","templated":true}]}}