{"id":292128,"date":"2025-12-17T02:50:35","date_gmt":"2025-12-17T02:50:35","guid":{"rendered":"https:\/\/www.europesays.com\/es\/292128\/"},"modified":"2025-12-17T02:50:35","modified_gmt":"2025-12-17T02:50:35","slug":"manana-miercoles-zambomba-navidena-en-los-olivillos","status":"publish","type":"post","link":"https:\/\/www.europesays.com\/es\/292128\/","title":{"rendered":"Ma\u00f1ana mi\u00e9rcoles, Zambomba Navide\u00f1a en Los Olivillos"},"content":{"rendered":"<p>La Delegaci\u00f3n de Cultura, que dirige la teniente de alcalde Ana Ruiz, ha programado dos zambombas navide\u00f1as en San Roque Ciudad para este mes de diciembre. La primera iba a celebrarse el pasado viernes en Los Olivillos, pero tuvo que suspenderse por lluvia, pero se ha trasladado al mi\u00e9rcoles, cont\u00e1ndose con el cantaor El Berenjeno y su grupo. La otra Zambomba Navide\u00f1a ser\u00e1 el viernes 19 en la Plaza de la Iglesia, protagonizada por \u201cToma Casta\u00f1a\u201d, \u201cSe dan clases de Zambomba\u201d y \u201cLas Rodes\u201d.<\/p>\n<p>La actuaci\u00f3n de Jos\u00e9 \u201cEl Berenjeno\u201d y su grupo ser\u00e1, por lo tanto, en la Plaza Alonso Cano el mi\u00e9rcoles 17 de diciembre a las 20.00 horas. Jos\u00e9 Montoya Carpio \u201cEl Berenjeno\u201d nace en 1994 en Jerez de la Frontera. Joven cantaor de la saga de los Carpio, una de las familias m\u00e1s cantaoras del jerezano barrio de La Plazuela.<\/p>\n<p>En la actualidad Jos\u00e9 \u201cEl Berenjeno\u201d imparte clases de cante en la Fundaci\u00f3n Alal\u00e1, que significa alegr\u00eda. Entre sus galardones se cuenta el primer premio del Concurso Talento Flamenco de Cante \u201cNaranjito de Triana\u201d, que organiza la Fundaci\u00f3n Cristina Heeren.<\/p>\n<p>En cuanto a la Zambomba Navide\u00f1a prevista para el viernes 19 en la Plaza de la Iglesia, se llevar\u00e1 a cabo a partir de las 20.00 horas. Toma Casta\u00f1a se fund\u00f3 en 1999 a partir de una idea de Joaqu\u00edn Linera, Ni\u00f1o de La Leo, conocido guitarrista gaditano que desde entonces dirige art\u00edstica y musicalmente al grupo. Agrupa a j\u00f3venes y artistas consagrados de renombre. En sus zambombas se fusionan lo mejor del flamenco gaditano con una mezcla de ritmos populares y otros g\u00e9neros musicales.<\/p>\n<p>Se Dan Clases de Zambomba es un grupo con una performance c\u00f3mica, amena y muy divertida, pero muy bien cuidada musicalmente. Una complicidad incre\u00edble entre sus miembros, que improvisan cualquier canci\u00f3n que viene al caso, haciendo que la pe\u00f1a no pare de bailar y se lo pase genial concierto tras concierto.<\/p>\n<p>Las Rodes es un d\u00fao musical compuesto por las hermanas Amara y Coral Rodes, originarias de C\u00f3rdoba, que participan en eventos como \u00abNavidad Con las Ni\u00f1as\u00bb, que est\u00e1n relacionados con la tradici\u00f3n de las zambombas.<\/p>\n","protected":false},"excerpt":{"rendered":"La Delegaci\u00f3n de Cultura, que dirige la teniente de alcalde Ana Ruiz, ha programado dos zambombas navide\u00f1as en&hellip;\n","protected":false},"author":2,"featured_media":292129,"comment_status":"","ping_status":"","sticky":false,"template":"","format":"standard","meta":{"footnotes":""},"categories":[91],"tags":[1250,2193,2191,146,147,25,24,2190,2186,2189,2185,2187,23,2192,2188],"class_list":{"0":"post-292128","1":"post","2":"type-post","3":"status-publish","4":"format-standard","5":"has-post-thumbnail","7":"category-entretenimiento","8":"tag-ayuntamiento","9":"tag-cadiz","10":"tag-campamento","11":"tag-entertainment","12":"tag-entretenimiento","13":"tag-es","14":"tag-espana","15":"tag-guadiaro","16":"tag-roque","17":"tag-san-enrique","18":"tag-san-roque","19":"tag-soto-grande","20":"tag-spain","21":"tag-taraguilla","22":"tag-torreguadiaro"},"share_on_mastodon":{"url":"https:\/\/pubeurope.com\/@es\/115732638929353395","error":""},"_links":{"self":[{"href":"https:\/\/www.europesays.com\/es\/wp-json\/wp\/v2\/posts\/292128","targetHints":{"allow":["GET"]}}],"collection":[{"href":"https:\/\/www.europesays.com\/es\/wp-json\/wp\/v2\/posts"}],"about":[{"href":"https:\/\/www.europesays.com\/es\/wp-json\/wp\/v2\/types\/post"}],"author":[{"embeddable":true,"href":"https:\/\/www.europesays.com\/es\/wp-json\/wp\/v2\/users\/2"}],"replies":[{"embeddable":true,"href":"https:\/\/www.europesays.com\/es\/wp-json\/wp\/v2\/comments?post=292128"}],"version-history":[{"count":0,"href":"https:\/\/www.europesays.com\/es\/wp-json\/wp\/v2\/posts\/292128\/revisions"}],"wp:featuredmedia":[{"embeddable":true,"href":"https:\/\/www.europesays.com\/es\/wp-json\/wp\/v2\/media\/292129"}],"wp:attachment":[{"href":"https:\/\/www.europesays.com\/es\/wp-json\/wp\/v2\/media?parent=292128"}],"wp:term":[{"taxonomy":"category","embeddable":true,"href":"https:\/\/www.europesays.com\/es\/wp-json\/wp\/v2\/categories?post=292128"},{"taxonomy":"post_tag","embeddable":true,"href":"https:\/\/www.europesays.com\/es\/wp-json\/wp\/v2\/tags?post=292128"}],"curies":[{"name":"wp","href":"https:\/\/api.w.org\/{rel}","templated":true}]}}