{"id":292150,"date":"2025-12-17T03:05:10","date_gmt":"2025-12-17T03:05:10","guid":{"rendered":"https:\/\/www.europesays.com\/es\/292150\/"},"modified":"2025-12-17T03:05:10","modified_gmt":"2025-12-17T03:05:10","slug":"mi-madre-siempre-me-dijo-que-disfrutara-del-presente-de-una-manera-sana-un-consejo-que-he-tenido-en-consideracion-desde-pequeno","status":"publish","type":"post","link":"https:\/\/www.europesays.com\/es\/292150\/","title":{"rendered":"\u201cMi madre siempre me dijo que disfrutara del presente de una manera sana. Un consejo que he tenido en consideraci\u00f3n desde peque\u00f1o\u201d"},"content":{"rendered":"<p>Aunque <strong>Abraham Mateo<\/strong> solo 27 a\u00f1os, ya lleva 20 a\u00f1os subido a un escenario. Sus primeras canciones las interpret\u00f3 en\u00a0&#8216;Veo, veo&#8217;, de Teresa Rabal. Poco despu\u00e9s, <strong>se convirti\u00f3 en la sensaci\u00f3n de &#8216;Menuda noche&#8217;<\/strong> (Canal Sur). Eso fue solo el principio. A d\u00eda de hoy acumula mucho m\u00e1s que millones de reproducciones. Ha llenado\u00a0el WiZink Center, ha actuado junto a Alejandro Sanz, ha\u00a0sido telonero de One Direction, ha producido a Becky G, ha cantado con 50 Cent\u2026 y un largo etc\u00e9tera.\u00a0<\/p>\n<p>Siempre tuvo claro que <strong>quer\u00eda dedicarse a la m\u00fasica<\/strong>, incluso cuando era un ni\u00f1o. \u00abPara lo que quiz\u00e1 otros amigos m\u00edos del colegio o de la clase era quedar todos para bajarse a la plazoleta a jugar a la pelota o quedar para ir al cine, para m\u00ed el mejor plan era quedarme en mi casa con mis padres, con el karaoke puesto, con mi hermano, y echaba unos ratos brutales\u00bb, cont\u00f3 el cantante a los micr\u00f3fonos de la Cadena SER.<\/p>\n<p><img loading=\"lazy\" decoding=\"async\"   src=\"https:\/\/www.europesays.com\/es\/wp-content\/uploads\/2025\/12\/abraham-mateo_d91c29b3_251216043925_1200x801.webp.webp\" alt=\"Abraham Mateo\" class=\"lazyload\" width=\"1200\" height=\"801\" data-aspectratio=\"1200\/801\"\/><\/p>\n<p>Abraham Mateo comenz\u00f3 su carrera profesional en un concurso de Canal Sur, &#8216;Veo, veo&#8217;, y se convirti\u00f3 en un fen\u00f3meno de &#8216;Menuda noche&#8217; cuando apenas ten\u00eda 7 a\u00f1os<\/p>\n<p>&#13;Gtres<br \/>\nUn \u00fanico sue\u00f1o: cantar<\/p>\n<p>Su infancia y su adolescencia <strong>fueron diferentes a las habituales<\/strong>. \u00abMi madre siempre me dijo que disfrutara del presente de una manera sana. Un consejo que he tenido en consideraci\u00f3n desde peque\u00f1o. Adem\u00e1s, me dijo que fuera paciente\u2026 que no me frustrase ni me desesperase. Cada d\u00eda es una caja de sorpresas\u00bb, cont\u00f3 a &#8216;El Peri\u00f3dico&#8217;.\u00a0<\/p>\n<p>Su madre fue su primera\u00a0preparadora vocal. Desde entonces, le ha acompa\u00f1ado de ciudad en ciudad. \u00abHa sido mi barrera contra las cosas malas. Si no hubiese estado, me habr\u00eda vuelto loco. Nunca he tenido miedo a convertirme en un juguete roto\u00bb, asegura.\u00a0<\/p>\n<p>Muy unido a su madre<\/p>\n<p>Abraham Mateo siempre viaja con su madre. \u00abTengo\u00a0rituales con ella porque <strong>me da mucha tranquilidad y paz<\/strong>. Es la representaci\u00f3n de mi familia en una sola persona y agradezco mucho su presencia. Adem\u00e1s, tiene m\u00e1s de una funci\u00f3n, porque no solo es mi mam\u00e1 sino que <a href=\"https:\/\/www.lecturas.com\/television\/estratosferica-cifra-que-abraham-mateo-factor-confiesa-tener-banco_155337\" target=\"_self\" rel=\"nofollow noopener\">yo le digo es mi \u00abmamanager\u00bb<\/a><strong>\u00a0<\/strong>porque siempre est\u00e1 pendiente de todo y asegur\u00e1ndose de que nunca me falte nada\u00bb, cont\u00f3 en una entrevista con Infobae.<\/p>\n<p><img loading=\"lazy\" decoding=\"async\"   src=\"https:\/\/www.europesays.com\/es\/wp-content\/uploads\/2025\/12\/abraham-mateo_1b75fa68_251216044017_1200x750.webp.webp\" alt=\"Abraham Mateo\" class=\"lazyload\" width=\"1200\" height=\"750\" data-aspectratio=\"1200\/750\"\/><\/p>\n<p>Da igual d\u00f3nde est\u00e9.\u00a0Abraham Mateo tiene un ritual que realiza antes de cada concierto y tiene a su madre como c\u00f3mplice<\/p>\n<p>&#13;GTRES<\/p>\n<p>Incluso tienen su propio ritual, que hacen cada vez que tiene un concierto. \u00abSiempre le gui\u00f1o el ojo y nos damos un beso. <strong>Es una de las cosas que no me pueden faltar<\/strong>. Me ayuda a estar tranquilo, relajado y en paz. No nos hemos despegado en ning\u00fan momento desde los 9 a\u00f1os cuando empec\u00e9 a viajar. Hemos crecido a la par, porque ella tambi\u00e9n adquiri\u00f3 muchos conocimientos referidos a la m\u00fasica\u00bb, a\u00f1ad\u00eda.\u00a0<\/p>\n<p>La canci\u00f3n que lo cambi\u00f3 todo<\/p>\n<p>Abraham ten\u00eda claro que quer\u00eda hacerse un hueco en la m\u00fasica. El apoyo incondicional de su familia fue fundamental para conseguirlo. \u00abRecuerdo salir del colegio y que estuvieran esper\u00e1ndome con un bocadillo de jam\u00f3n para irnos a Sevilla. Fue su amor incondicional lo que hizo que me empezaran a escuchar. Sin ellos no estar\u00eda aqu\u00ed. A partir de ah\u00ed, el objetivo fue dar con las personas indicadas\u00bb, recordaba en &#8216;El Peri\u00f3dico&#8217;.<\/p>\n<p>Hasta que lleg\u00f3 la canci\u00f3n que lo cambi\u00f3 todo. &#8216;Se\u00f1orita&#8217; (2013) acumula m\u00e1s de 190 millones de reproducciones solo en YouTube. Marc\u00f3 un antes y un despu\u00e9s en la carrera de Abraham Mateo. Tambi\u00e9n supuso un cambio para su vida diaria.\u00a0<\/p>\n<p><img loading=\"lazy\" decoding=\"async\"   src=\"https:\/\/www.europesays.com\/es\/wp-content\/uploads\/2025\/12\/abraham-mateo_fdcb7fcf_251216044525_1200x800.webp.webp\" alt=\"Abraham Mateo\" class=\"lazyload\" width=\"1200\" height=\"800\" data-aspectratio=\"1200\/800\"\/><\/p>\n<p>Abraham Mateo se ha posicionado como un referente en la m\u00fasica espa\u00f1ola, pero tambi\u00e9n en los concursos musicales televisivos<\/p>\n<p>&#13;GTRES<br \/>\n<img loading=\"lazy\" decoding=\"async\"   src=\"https:\/\/www.europesays.com\/es\/wp-content\/uploads\/2025\/12\/abraham-mateo_86451577_251216044646_1200x800.webp.webp\" alt=\"Abraham Mateo\" class=\"lazyload\" width=\"1200\" height=\"800\" data-aspectratio=\"1200\/800\"\/><\/p>\n<p>El artista ha\u00a0participado en formatos como &#8216;La Voz&#8217;, &#8216;Factor X&#8217;, &#8216;Mask Singer&#8217; y &#8216;Operaci\u00f3n Triunfo&#8217;<\/p>\n<p>&#13;GTRES<\/p>\n<p>\u00abLa verdad es que era durillo de verdad, porque los ex\u00e1menes era yo haci\u00e9ndolos aparte en una esquina. Siempre, <strong>siempre me pon\u00edan los ex\u00e1menes otros d\u00edas, otras horas<\/strong>,\u00a0y se me acumulaba mucha tarea. Llega un punto en mi carrera donde se puso complicada la cosa en el instituto, sobre todo por amigos m\u00edos que antes de sacar la canci\u00f3n (&#8216;Se\u00f1orita&#8217;) eran mis amigos y ya <strong>despu\u00e9s como que me miraban raro<\/strong>. Ya empezaron muchas ni\u00f1as a pedirme aut\u00f3grafos y eso los otros ni\u00f1os lo miraban como raro. Me tuve que salir del instituto y empec\u00e9 a estudiar a distancia, y as\u00ed me saqu\u00e9 el bachillerato\u00bb, cont\u00f3 el artista en la Cadena SER.<\/p>\n<p>Incluso, tuvo que ir acompa\u00f1ado por un vigilante al instituto \u00abpor si pasaba cualquier cosa\u00bb. \u00abHab\u00eda mucho pesado de turno, como hay siempre, y eso me pon\u00eda un poco nervioso. El d\u00eda a d\u00eda era para m\u00ed mentalmente bastante dif\u00edcil y decid\u00ed estudiar fuera\u00bb, explic\u00f3.\u00a0<\/p>\n","protected":false},"excerpt":{"rendered":"Aunque Abraham Mateo solo 27 a\u00f1os, ya lleva 20 a\u00f1os subido a un escenario. Sus primeras canciones las&hellip;\n","protected":false},"author":2,"featured_media":292151,"comment_status":"","ping_status":"","sticky":false,"template":"","format":"standard","meta":{"footnotes":""},"categories":[174],"tags":[255,146,147,25,24,256,23],"class_list":{"0":"post-292150","1":"post","2":"type-post","3":"status-publish","4":"format-standard","5":"has-post-thumbnail","7":"category-famosos","8":"tag-celebrities","9":"tag-entertainment","10":"tag-entretenimiento","11":"tag-es","12":"tag-espana","13":"tag-famosos","14":"tag-spain"},"share_on_mastodon":{"url":"https:\/\/pubeurope.com\/@es\/115732698119850590","error":""},"_links":{"self":[{"href":"https:\/\/www.europesays.com\/es\/wp-json\/wp\/v2\/posts\/292150","targetHints":{"allow":["GET"]}}],"collection":[{"href":"https:\/\/www.europesays.com\/es\/wp-json\/wp\/v2\/posts"}],"about":[{"href":"https:\/\/www.europesays.com\/es\/wp-json\/wp\/v2\/types\/post"}],"author":[{"embeddable":true,"href":"https:\/\/www.europesays.com\/es\/wp-json\/wp\/v2\/users\/2"}],"replies":[{"embeddable":true,"href":"https:\/\/www.europesays.com\/es\/wp-json\/wp\/v2\/comments?post=292150"}],"version-history":[{"count":0,"href":"https:\/\/www.europesays.com\/es\/wp-json\/wp\/v2\/posts\/292150\/revisions"}],"wp:featuredmedia":[{"embeddable":true,"href":"https:\/\/www.europesays.com\/es\/wp-json\/wp\/v2\/media\/292151"}],"wp:attachment":[{"href":"https:\/\/www.europesays.com\/es\/wp-json\/wp\/v2\/media?parent=292150"}],"wp:term":[{"taxonomy":"category","embeddable":true,"href":"https:\/\/www.europesays.com\/es\/wp-json\/wp\/v2\/categories?post=292150"},{"taxonomy":"post_tag","embeddable":true,"href":"https:\/\/www.europesays.com\/es\/wp-json\/wp\/v2\/tags?post=292150"}],"curies":[{"name":"wp","href":"https:\/\/api.w.org\/{rel}","templated":true}]}}