{"id":292160,"date":"2025-12-17T03:13:06","date_gmt":"2025-12-17T03:13:06","guid":{"rendered":"https:\/\/www.europesays.com\/es\/292160\/"},"modified":"2025-12-17T03:13:06","modified_gmt":"2025-12-17T03:13:06","slug":"lanzan-prep-cerca-de-tu-trabajo-para-prevencion-del-vih","status":"publish","type":"post","link":"https:\/\/www.europesays.com\/es\/292160\/","title":{"rendered":"Lanzan \u00abPrEP cerca de tu trabajo\u00bb para prevenci\u00f3n del VIH"},"content":{"rendered":"<p>El acceso a m\u00e9todos de prevenci\u00f3n altamente efectivos contra el Virus de Inmunodeficiencia Humana (VIH), como la Profilaxis Pre-Exposici\u00f3n (PrEP) y la Profilaxis Post-Exposici\u00f3n (PEP), sigue siendo un desaf\u00edo en M\u00e9xico debido al desconocimiento y, a menudo, al prejuicio dentro del sistema de salud. Para combatir estas barreras, la organizaci\u00f3n <a href=\"https:\/\/www.eleconomista.com.mx\/capital-humano\/proponen-multa-565-700-pesos-tolerar-discriminacion-laboral-personas-vih-20251201-788831.html\" title=\"Proponen multa de hasta 565,700 pesos por tolerar la discriminaci\u00f3n laboral de personas con VIH\" target=\"_blank\" rel=\"nofollow noopener\">Derechohabientes Viviendo con VIH<\/a> del IMSS (DVVIMSS), en colaboraci\u00f3n con el Instituto Mexicano del Seguro Social (IMSS), ha lanzado la innovadora campa\u00f1a \u00abPrEP Cerca de tu Trabajo\u00bb.<\/p>\n<p>En entrevista para El Economista, Luis Adri\u00e1n Quiroz, coordinador general de DVVIMSS, detall\u00f3 que esta estrategia busca acercar la prevenci\u00f3n a la din\u00e1mica de movilidad y vida cotidiana de las personas, superando las limitaciones geogr\u00e1ficas y los tiempos de espera prolongados.<\/p>\n<p>\u00bfQu\u00e9 son PrEP y DoxyPEP?<\/p>\n<p>Los pilares de la prevenci\u00f3n combinada que se promueven en los nuevos modelos de atenci\u00f3n son la PrEP y la DoxyPEP:<\/p>\n<p>PrEP (Profilaxis Pre-Exposici\u00f3n): Es un medicamento antirretroviral que toman personas VIH negativas para reducir dr\u00e1sticamente (hasta un 99% en relaciones sexuales) el riesgo de <a href=\"https:\/\/www.eleconomista.com.mx\/videos\/farmaco-milagroso-combatir-vih-alcance-todos-20251119-787358.html\" title=\"F\u00e1rmaco \u201cmilagroso\u201d para combatir el VIH al alcance de todos\" target=\"_blank\" rel=\"nofollow noopener\">contraer el VIH<\/a>. Funciona como una pastilla diaria (como Emtricitabina\/Tenofovir) o inyecciones cada dos meses, evitando que el virus se establezca en el cuerpo. Importante: No protege contra otras ITS, por lo que se recomienda el uso de cond\u00f3n.<\/p>\n<p>DoxyPEP (Profilaxis Post-exposici\u00f3n con Doxiciclina): Es una estrategia para prevenir ITS bacterianas (s\u00edfilis, clamidia y, en algunos casos, gonorrea). Consiste en tomar una dosis de Doxiciclina (un antibi\u00f3tico) idealmente dentro de las primeras 24 horas y no m\u00e1s de 72 horas despu\u00e9s de tener sexo sin protecci\u00f3n. Funciona como una \u00abp\u00edldora del d\u00eda despu\u00e9s\u00bb para ITS bacterianas y es una capa extra de protecci\u00f3n, especialmente para hombres que tienen sexo con hombres (HSH) y mujeres trans. Importante: No protege contra el VIH ni infecciones virales.<\/p>\n<p>La urgencia de la prevenci\u00f3n combina<\/p>\n<p>Quiroz destac\u00f3 la necesidad de priorizar m\u00e9todos de alta eficacia. Si bien el cond\u00f3n sigue siendo una herramienta de prevenci\u00f3n, su uso inconsistente ha contribuido al aumento de nuevas infecciones, particularmente en poblaciones j\u00f3venes y hombres que tienen sexo con otros hombres (HSH).<\/p>\n<p>El coordinador de DVVIMSS enfatiz\u00f3 que el prejuicio moralista en algunas unidades de salud desalienta el uso de la PrEP, lo que lleva a las personas a esperar hasta cinco meses para acceder a ella. \u00abLa gente no tiene por qu\u00e9 ser cuestionada sobre el ejercicio de su sexualidad. Si lo llevas por el \u00e1rea de la ciencia, vas a generar mayores acciones de prevenci\u00f3n que si lo llevas por el lado del prejuicio moralista\u00bb, afirm\u00f3.<\/p>\n<p>Para sortear estos obst\u00e1culos, DVVIMSS y el Hospital de Infectolog\u00eda del Centro M\u00e9dico Nacional La Raza crearon el modelo \u00abPrEP en 1 Hora\u00bb en marzo de 2024. Este programa es pionero en Am\u00e9rica Latina al no solo otorgar la PrEP r\u00e1pidamente, sino al integrarla con un enfoque de Prevenci\u00f3n Combinada con Retenci\u00f3n dentro de una unidad libre de estigma.<\/p>\n<p>Los elementos clave que hacen a este modelo integral y atractivo para la adherencia son: Atenci\u00f3n sin prejuicios, garantizando un ambiente de confianza con personal sensibilizado; velocidad y eficiencia, redefiniendo los procesos para garantizar el acceso en menos de una hora; vacunaci\u00f3n Integral, incluyendo Hepatitis A, Hepatitis B y la vacuna de VPH, que ahora se garantiza gracias a gestiones con la Subsecretar\u00eda de Salud. Por \u00faltimo, tratamiento de ITS con la integraci\u00f3n de la DoxyPEP y vigilancia de Hepatitis C, creando una oferta de salud robusta.<\/p>\n<p>Este enfoque ha demostrado su \u00e9xito con un 87% de adherencia en La Raza, lo que motiv\u00f3 su expansi\u00f3n a la poblaci\u00f3n estudiantil de la UNAM con la iniciativa \u00ab<b>PrEP Cerca de tu Estudio<\/b>\u00ab.<\/p>\n<p>PrEP Cerca de tu Trabajo<\/p>\n<p>La campa\u00f1a para trabajadores tarta de facilitar el acceso a la PrEP con el mismo modelo de \u00abPrEP en 1 Hora\u00bb y Prevenci\u00f3n Combinada, independientemente del lugar de residencia o adscripci\u00f3n del derechohabiente.<\/p>\n<p>El programa se lleva a cabo en la Unidad de Medicina Familiar (UMF) No. 26, contigua al Hospital General de Zona No. 8, ubicada en la zona de Chilpancingo (atr\u00e1s del Metro Chilpancingo e Insurgentes Sur). El horario de atenci\u00f3n es de lunes a viernes, de 9:00 a 19:00 horas.<\/p>\n<p>Esta unidad fue seleccionada estrat\u00e9gicamente por su alta conectividad, permitiendo a los trabajadores que transitan por el \u00e1rea (aunque vivan en zonas lejanas) pasar por su tratamiento sin limitar su acceso, incorporando la prevenci\u00f3n a su din\u00e1mica de movilidad.<\/p>\n<p>El gran salto de la prevenci\u00f3n: Meta 200 mil pacientes<\/p>\n<p>Quiroz destac\u00f3 el reto que enfrenta el IMSS para escalar la prevenci\u00f3n. Actualmente, la instituci\u00f3n atiende a cerca de 13 mil personas en PrEP. Sin embargo, la meta con la implementaci\u00f3n de estos nuevos modelos es integrar a 200 mil personas en un futuro cercano para lograr \u00abaplanar la curva\u00bb y reducir dr\u00e1sticamente las nuevas infecciones de VIH en M\u00e9xico.<\/p>\n<p>\u00abSi no llegamos a una meta que son 200 mil personas para el pr\u00f3ximo a\u00f1o, nos vamos a ir cada vez m\u00e1s lentos,\u00bb advirti\u00f3 Quiroz, por eso se espera un \u00aba\u00f1o movido\u00bb al respecto.<\/p>\n<p>Un modelo replicable para la salud p\u00fablica<\/p>\n<p>El coordinador de DVVIMSS resalt\u00f3 que este programa no solo busca frenar la epidemia de VIH, sino que sienta un precedente fundamental para la salud p\u00fablica mexicana, gracias a su metodolog\u00eda de servicio \u00e1gil, sensible e integral.<\/p>\n<p>\u00abEste modelo es totalmente transferible. Lo puedes llevar a donde quieras,\u00bb afirm\u00f3 Quiroz. La metodolog\u00eda de identificar cuellos de botella, eliminar el estigma y adaptar los servicios a la din\u00e1mica de la poblaci\u00f3n (ya sea estudiantil o laboral), se convierte en una plantilla para el tratamiento y prevenci\u00f3n de otras enfermedades cr\u00f3nicas o infecciosas.<\/p>\n<p>La organizaci\u00f3n ya est\u00e1 trabajando en expandir este enfoque a otras regiones y contextos, incluyendo:<\/p>\n<ul>\n<li><b>Coahuila<\/b>: Donde el programa, en pocos meses, pas\u00f3 de atender a 4 personas a m\u00e1s de 200.<\/li>\n<li><b>Corredores de Alta Concentraci\u00f3n<\/b>: Se busca crear un corredor PrEP entre el Estado de M\u00e9xico Oriente y la Delegaci\u00f3n Norte (Texcoco a Zaragoza), y otro de Ojo de Agua a Indios Verdes, para atender a millones de trabajadores.<\/li>\n<li><b>Salud Rural<\/b>: Se trabaja con el estado de Chiapas para adaptar la estrategia a la complejidad de los servicios rurales y la orograf\u00eda del estado.<\/li>\n<\/ul>\n<p>Quiroz concluy\u00f3 haciendo un llamado a la participaci\u00f3n ciudadana y a la vigilancia son esenciales para garantizar que la calidad del servicio no decaiga.<\/p>\n<p>Redes Sociales de DVVIMSS:<\/p>\n","protected":false},"excerpt":{"rendered":"El acceso a m\u00e9todos de prevenci\u00f3n altamente efectivos contra el Virus de Inmunodeficiencia Humana (VIH), como la Profilaxis&hellip;\n","protected":false},"author":2,"featured_media":292161,"comment_status":"","ping_status":"","sticky":false,"template":"","format":"standard","meta":{"footnotes":""},"categories":[92],"tags":[25,24,165,166,1452,30402,23],"class_list":{"0":"post-292160","1":"post","2":"type-post","3":"status-publish","4":"format-standard","5":"has-post-thumbnail","7":"category-salud","8":"tag-es","9":"tag-espana","10":"tag-health","11":"tag-salud","12":"tag-salud-publica","13":"tag-sida","14":"tag-spain"},"share_on_mastodon":{"url":"https:\/\/pubeurope.com\/@es\/115732729304198145","error":""},"_links":{"self":[{"href":"https:\/\/www.europesays.com\/es\/wp-json\/wp\/v2\/posts\/292160","targetHints":{"allow":["GET"]}}],"collection":[{"href":"https:\/\/www.europesays.com\/es\/wp-json\/wp\/v2\/posts"}],"about":[{"href":"https:\/\/www.europesays.com\/es\/wp-json\/wp\/v2\/types\/post"}],"author":[{"embeddable":true,"href":"https:\/\/www.europesays.com\/es\/wp-json\/wp\/v2\/users\/2"}],"replies":[{"embeddable":true,"href":"https:\/\/www.europesays.com\/es\/wp-json\/wp\/v2\/comments?post=292160"}],"version-history":[{"count":0,"href":"https:\/\/www.europesays.com\/es\/wp-json\/wp\/v2\/posts\/292160\/revisions"}],"wp:featuredmedia":[{"embeddable":true,"href":"https:\/\/www.europesays.com\/es\/wp-json\/wp\/v2\/media\/292161"}],"wp:attachment":[{"href":"https:\/\/www.europesays.com\/es\/wp-json\/wp\/v2\/media?parent=292160"}],"wp:term":[{"taxonomy":"category","embeddable":true,"href":"https:\/\/www.europesays.com\/es\/wp-json\/wp\/v2\/categories?post=292160"},{"taxonomy":"post_tag","embeddable":true,"href":"https:\/\/www.europesays.com\/es\/wp-json\/wp\/v2\/tags?post=292160"}],"curies":[{"name":"wp","href":"https:\/\/api.w.org\/{rel}","templated":true}]}}