{"id":292166,"date":"2025-12-17T03:16:19","date_gmt":"2025-12-17T03:16:19","guid":{"rendered":"https:\/\/www.europesays.com\/es\/292166\/"},"modified":"2025-12-17T03:16:19","modified_gmt":"2025-12-17T03:16:19","slug":"cierre-del-mercado-de-chicago","status":"publish","type":"post","link":"https:\/\/www.europesays.com\/es\/292166\/","title":{"rendered":"Cierre del Mercado de Chicago"},"content":{"rendered":"<p>El d\u00eda termina ajustes bajistas los tres granos. El trigo se desinfla por la presi\u00f3n de oferta la competitiva producci\u00f3n argentina. El crudo baja en el mercado energ\u00e9tico, aportando sustento a los recortes de la oleaginosa.<\/p>\n<p>  <img decoding=\"async\" src=\"https:\/\/www.europesays.com\/es\/wp-content\/uploads\/2025\/12\/trigo_5.png\" typeof=\"foaf:Image\" class=\"img-responsive\"\/><\/p>\n<p class=\"MsoNormal\">El trigo cerr\u00f3 sus negociaciones con p\u00e9rdidas. El mercado consider\u00f3 la reestimaci\u00f3n alcista para la producci\u00f3n de trigo de la BCR, que prev\u00e9 una cosecha r\u00e9cord de 27,5 Mt de trigo, paralelamente a una incipiente campa\u00f1a holgada en Australia. El contexto de grandes vol\u00famenes de oferta aporta una presi\u00f3n bajista al contrato m\u00e1s cercano. En la misma direcci\u00f3n influy\u00f3 la expectativa por un avance en las negociaciones de paz en el Mar Negro, en vistas de una potencial recuperaci\u00f3n en el dinamismo exportador desde los or\u00edgenes eurasi\u00e1ticos. Por \u00faltimo, Francia recorta su proyecci\u00f3n de exportaciones fuera de la UE, buscando resguardarse frente a competitiva producci\u00f3n argentina.<\/p>\n<p>  <img decoding=\"async\" src=\"https:\/\/www.europesays.com\/es\/wp-content\/uploads\/2025\/12\/maiz_0.png\" typeof=\"foaf:Image\" class=\"img-responsive\"\/><\/p>\n<p class=\"MsoNormal\">El ma\u00edz cerr\u00f3 en rojo el d\u00eda de hoy en Chicago. El cereal grueso enfrent\u00f3 presi\u00f3n indirecta por sustituci\u00f3n con trigo para uso forrajero en raciones animales, especialmente en Europa. Siguiendo noticias desde Europa, FranceAgriMer redujo las existencias finales de ma\u00edz por un ajuste a la baja en la oferta, lo que puso un piso a las bajas. <\/p>\n<p>  <img decoding=\"async\" src=\"https:\/\/www.europesays.com\/es\/wp-content\/uploads\/2025\/12\/soja_5.png\" typeof=\"foaf:Image\" class=\"img-responsive\"\/><\/p>\n<p class=\"MsoNormal\">La soja no tuvo respiro y cerr\u00f3 a la baja en Chicago, cayendo a un m\u00ednimo en siete semanas. Los fundamentos que explican el grueso de esta baja es la decepci\u00f3n de los operadores en Chicago por una demanda china de porotos estadounidenses m\u00e1s d\u00e9bil de lo anunciado. En paralelo, se perfila una cosecha r\u00e9cord en Brasil, que ganar\u00eda mayor competitividad en los mercados globales de la oleaginosa, en detrimento de la producci\u00f3n norteamericana. Adicionalmente influy\u00f3 el debilitamiento del precio del crudo, que aport\u00f3 sustento a las bajas del d\u00eda en la plaza norteamericana.<\/p>\n<p class=\"MsoNormal\">Acceso a las cotizaciones internacionales a trav\u00e9s de este enlace:\u00a0<a href=\"https:\/\/www.bcr.com.ar\/es\/mercados\/mercado-de-granos\/cotizaciones\/cotizaciones-internacionales-1\" rel=\"nofollow noopener\" target=\"_blank\">https:\/\/www.bcr.com.ar\/es\/mercados\/mercado-de-granos\/cotizaciones\/cotizaciones-internacionales-1<\/a><\/p>\n","protected":false},"excerpt":{"rendered":"El d\u00eda termina ajustes bajistas los tres granos. El trigo se desinfla por la presi\u00f3n de oferta la&hellip;\n","protected":false},"author":2,"featured_media":292167,"comment_status":"","ping_status":"","sticky":false,"template":"","format":"standard","meta":{"footnotes":""},"categories":[80],"tags":[82,95,94,25,24,23],"class_list":{"0":"post-292166","1":"post","2":"type-post","3":"status-publish","4":"format-standard","5":"has-post-thumbnail","7":"category-economia","8":"tag-business","9":"tag-economia","10":"tag-economy","11":"tag-es","12":"tag-espana","13":"tag-spain"},"share_on_mastodon":{"url":"https:\/\/pubeurope.com\/@es\/115732741376496465","error":""},"_links":{"self":[{"href":"https:\/\/www.europesays.com\/es\/wp-json\/wp\/v2\/posts\/292166","targetHints":{"allow":["GET"]}}],"collection":[{"href":"https:\/\/www.europesays.com\/es\/wp-json\/wp\/v2\/posts"}],"about":[{"href":"https:\/\/www.europesays.com\/es\/wp-json\/wp\/v2\/types\/post"}],"author":[{"embeddable":true,"href":"https:\/\/www.europesays.com\/es\/wp-json\/wp\/v2\/users\/2"}],"replies":[{"embeddable":true,"href":"https:\/\/www.europesays.com\/es\/wp-json\/wp\/v2\/comments?post=292166"}],"version-history":[{"count":0,"href":"https:\/\/www.europesays.com\/es\/wp-json\/wp\/v2\/posts\/292166\/revisions"}],"wp:featuredmedia":[{"embeddable":true,"href":"https:\/\/www.europesays.com\/es\/wp-json\/wp\/v2\/media\/292167"}],"wp:attachment":[{"href":"https:\/\/www.europesays.com\/es\/wp-json\/wp\/v2\/media?parent=292166"}],"wp:term":[{"taxonomy":"category","embeddable":true,"href":"https:\/\/www.europesays.com\/es\/wp-json\/wp\/v2\/categories?post=292166"},{"taxonomy":"post_tag","embeddable":true,"href":"https:\/\/www.europesays.com\/es\/wp-json\/wp\/v2\/tags?post=292166"}],"curies":[{"name":"wp","href":"https:\/\/api.w.org\/{rel}","templated":true}]}}