{"id":292168,"date":"2025-12-17T03:17:07","date_gmt":"2025-12-17T03:17:07","guid":{"rendered":"https:\/\/www.europesays.com\/es\/292168\/"},"modified":"2025-12-17T03:17:07","modified_gmt":"2025-12-17T03:17:07","slug":"ops-reafirma-compromiso-con-la-sociedad-civil-dominicana-para-avanzar-en-salud-ops-oms","status":"publish","type":"post","link":"https:\/\/www.europesays.com\/es\/292168\/","title":{"rendered":"OPS reafirma compromiso con la sociedad civil dominicana para avanzar en salud &#8211; OPS\/OMS"},"content":{"rendered":"<p>Santo Domingo, Rep\u00fablica Dominicana, 1 de diciembre, 2025. \u2014 En el marco de su visita oficial al pa\u00eds, el director de la Organizaci\u00f3n Panamericana de la Salud (OPS), doctor Jarbas Barbosa, sostuvo un encuentro con representantes de la sociedad civil organizada, organizaciones no gubernamentales y equipos t\u00e9cnicos de la OPS, con el objetivo de fortalecer el di\u00e1logo y la articulaci\u00f3n en torno a las prioridades nacionales de salud.<\/p>\n<p>Durante la reuni\u00f3n se destac\u00f3 la reciente firma de la Estrategia de Cooperaci\u00f3n Pa\u00eds 2026\u20132031, un instrumento clave que recoge aportes surgidos de amplios procesos de consulta, incluyendo a organizaciones de la sociedad civil. En ese contexto, se reafirm\u00f3 el rol fundamental de la sociedad civil en la formulaci\u00f3n, implementaci\u00f3n y monitoreo de pol\u00edticas p\u00fablicas de salud, especialmente aquellas dirigidas a poblaciones en situaci\u00f3n de vulnerabilidad.<\/p>\n<p>Entre los principales temas abordados se discutieron los desaf\u00edos en el control del tabaco y la necesidad de avanzar hacia ambientes 100 % libres de humo, ante el aumento del consumo de cigarrillos y vapeadores en j\u00f3venes y adolescentes. Las organizaciones compartieron experiencias exitosas, como universidades libres de humo y acciones conjuntas con el sector educativo, y solicitaron el acompa\u00f1amiento t\u00e9cnico de la OPS para fortalecer la incidencia legislativa y el cumplimiento de las regulaciones existentes.<\/p>\n<p>Asimismo, se analiz\u00f3 la carga creciente de las enfermedades cr\u00f3nicas no transmisibles, como la diabetes, la hipertensi\u00f3n y el c\u00e1ncer, subrayando la urgencia de pol\u00edticas p\u00fablicas que reduzcan los factores de riesgo asociados a la mala alimentaci\u00f3n, el sedentarismo y el consumo de tabaco. En ese marco, se valoraron avances como el proyecto de etiquetado frontal de alimentos y la inclusi\u00f3n de medicamentos para la diabetes basados en estudios de costo-efectividad, junto con la necesidad de capacitaci\u00f3n continua del personal de salud y la creaci\u00f3n de un Registro Nacional de Diabetes.<\/p>\n<p>La salud mental ocup\u00f3 un lugar central en el di\u00e1logo, reconociendo las limitaciones hist\u00f3ricas de un modelo centrado en la atenci\u00f3n hospitalaria. Las organizaciones presentaron propuestas orientadas a un enfoque comunitario, preventivo y basado en derechos humanos, con \u00e9nfasis en la integraci\u00f3n de la salud mental en la atenci\u00f3n primaria y el trabajo con j\u00f3venes y comunidades. En ese sentido, se solicit\u00f3 el acompa\u00f1amiento de la OPS en los procesos de incidencia legislativa.<\/p>\n<p>El encuentro tambi\u00e9n abord\u00f3 la importancia de la equidad, la diversidad cultural y los derechos en salud, resaltando la necesidad de contar con datos desagregados que permitan reducir inequidades hist\u00f3ricas, as\u00ed como de validar e integrar saberes tradicionales en el dise\u00f1o de pol\u00edticas p\u00fablicas. Finalmente, se destac\u00f3 el potencial de la comunicaci\u00f3n, la tecnolog\u00eda y las redes sociales para involucrar a las juventudes en la prevenci\u00f3n y promoci\u00f3n de la salud, compartiendo iniciativas innovadoras lideradas por j\u00f3venes a nivel comunitario.<\/p>\n<p>Como resultado del di\u00e1logo, se acord\u00f3 mantener una comunicaci\u00f3n permanente entre la OPS, la sociedad civil y las autoridades nacionales, fortalecer la incidencia legislativa en temas prioritarios y promover campa\u00f1as de informaci\u00f3n y capacitaci\u00f3n para la prevenci\u00f3n de enfermedades y la promoci\u00f3n de estilos de vida saludables. La OPS reiter\u00f3 su compromiso de brindar apoyo t\u00e9cnico y acompa\u00f1amiento a las organizaciones en los procesos de implementaci\u00f3n y seguimiento de las pol\u00edticas de salud.<\/p>\n","protected":false},"excerpt":{"rendered":"Santo Domingo, Rep\u00fablica Dominicana, 1 de diciembre, 2025. \u2014 En el marco de su visita oficial al pa\u00eds,&hellip;\n","protected":false},"author":2,"featured_media":292169,"comment_status":"","ping_status":"","sticky":false,"template":"","format":"standard","meta":{"footnotes":""},"categories":[42],"tags":[17,18,13,14,11,61,62,63,64,19,20,9,10,15,16,12,21,22,65,66,67],"class_list":{"0":"post-292168","1":"post","2":"type-post","3":"status-publish","4":"format-standard","5":"has-post-thumbnail","7":"category-internacional","8":"tag-breaking-news","9":"tag-breakingnews","10":"tag-featured-news","11":"tag-featurednews","12":"tag-headlines","13":"tag-internacional","14":"tag-international","15":"tag-international-news","16":"tag-internationalnews","17":"tag-latest-news","18":"tag-latestnews","19":"tag-news","20":"tag-noticias","21":"tag-noticias-destacadas","22":"tag-noticiasdestacadas","23":"tag-titulares","24":"tag-ultimas-noticias","25":"tag-ultimasnoticias","26":"tag-world","27":"tag-world-news","28":"tag-worldnews"},"share_on_mastodon":{"url":"","error":""},"_links":{"self":[{"href":"https:\/\/www.europesays.com\/es\/wp-json\/wp\/v2\/posts\/292168","targetHints":{"allow":["GET"]}}],"collection":[{"href":"https:\/\/www.europesays.com\/es\/wp-json\/wp\/v2\/posts"}],"about":[{"href":"https:\/\/www.europesays.com\/es\/wp-json\/wp\/v2\/types\/post"}],"author":[{"embeddable":true,"href":"https:\/\/www.europesays.com\/es\/wp-json\/wp\/v2\/users\/2"}],"replies":[{"embeddable":true,"href":"https:\/\/www.europesays.com\/es\/wp-json\/wp\/v2\/comments?post=292168"}],"version-history":[{"count":0,"href":"https:\/\/www.europesays.com\/es\/wp-json\/wp\/v2\/posts\/292168\/revisions"}],"wp:featuredmedia":[{"embeddable":true,"href":"https:\/\/www.europesays.com\/es\/wp-json\/wp\/v2\/media\/292169"}],"wp:attachment":[{"href":"https:\/\/www.europesays.com\/es\/wp-json\/wp\/v2\/media?parent=292168"}],"wp:term":[{"taxonomy":"category","embeddable":true,"href":"https:\/\/www.europesays.com\/es\/wp-json\/wp\/v2\/categories?post=292168"},{"taxonomy":"post_tag","embeddable":true,"href":"https:\/\/www.europesays.com\/es\/wp-json\/wp\/v2\/tags?post=292168"}],"curies":[{"name":"wp","href":"https:\/\/api.w.org\/{rel}","templated":true}]}}