{"id":292172,"date":"2025-12-17T03:19:07","date_gmt":"2025-12-17T03:19:07","guid":{"rendered":"https:\/\/www.europesays.com\/es\/292172\/"},"modified":"2025-12-17T03:19:07","modified_gmt":"2025-12-17T03:19:07","slug":"el-alcalde-de-barbadas-descarta-dimitir-pide-la-baja-del-psoe-y-carga-contra-besteiro-the-objective","status":"publish","type":"post","link":"https:\/\/www.europesays.com\/es\/292172\/","title":{"rendered":"El alcalde de Barbad\u00e1s descarta dimitir, pide la baja del PSOE y carga contra Besteiro &#8211; The Objective"},"content":{"rendered":"<ol>\n<li><a href=\"https:\/\/news.google.com\/rss\/articles\/CBMimgFBVV95cUxNMFhQQi1SOU96RTJnb0owd2xfbWtZY0RtUXpzaExyY19ONS10cTRnQTN6Z0Y0aktzeF9SNV9OdTlsX0VEMmpkSFhybXdLcmw5dHhRd09PaTdiRGFQbThNVG9fMFpyMUI2NEs2RkhOYXphd2tfRXQ1ODJ0SllBTzNpS1A1REdiMUQxQnZoN09jWWtGa0dKREFsYnRR0gGfAUFVX3lxTE9SaDZEVndGZUtjSjlsMmROcGV5cUp0UzNlQkRwd2RIQ1FUWTEycXJsVThablNEMXVyY2ZRU09XMU9YRE1nNWJzYUdrdEF1SnRHdW4zWGtTV1QzajBWUUhkaVNzeVA3V2w4WGowcENKdlhKVFAzd0ZFdzljN1Fyam84WjBTZW1LdVBJNllpOUxIREtreVU4M3hMZWJLRVRuQQ?oc=5\" target=\"_blank\" rel=\"nofollow noopener\">El alcalde de Barbad\u00e1s descarta dimitir, pide la baja del PSOE y carga contra Besteiro<\/a>&nbsp;&nbsp;The Objective<\/li>\n<li><a href=\"https:\/\/news.google.com\/rss\/articles\/CBMi7gFBVV95cUxQQ0YxRVc2RW1hV3BSb1NSWUZ3UGhUUnQ4aElPMHhYWXVlZEtNaEZBbjJmU2o5eWtFZkJRNG42TjRmZ2R1Uk9uajV5dDlCUVZkSjhPUTBsY3VTN3VVd0U3X05pNllHXzhmeVl4WVd0RnduLUk1NnlWd3dVM29fb1M2Y2NIWEcyX2ZMY0l0Znc0WkpNM1ZkUS1HT2FoTEFkWjJubHdjQ1B6dkNJM3RaMVdST2FSOXdqX1BCcUJfN2pYVDNlenJidXhCZGV1WWUwbUthR0hMWC1BZzZwdHpDNmtQUlZhZTNBc3RNQXhCX0dR0gGKAkFVX3lxTE91Y1dHbFVaZXdXT001OG1SOXh4SVpfRVlDNkFlTGtMREkzVjcyRjdrRlFIS2pfMElJQmlMMkJwVDdGMnFBUzNMYlpNdXBPR1QyZEltZUVjSkFxNTczNV9xWXFpZklkdzhtRU40UXh0c3lVR3pqWVhZUGJjVGwzaF9ZQ3Y3TllNQUZrLXZZMGxtNlRwN3MxSmJVT2Fxa1Vxem8tRnRGcHlxS1poMERmV1luaFpBV2tIZ3BwRENXYmV3aXVfVGdXYllxQ3FMTjVJZkdJYUxqUURCUkhycFJwcEFxRTdHZUtuU0pxanVqZS1Zd0lXeml5ekpNem9sYVYzSHdTZk5DeGJZOFZR?oc=5\" target=\"_blank\" rel=\"nofollow noopener\">El alcalde de Barbad\u00e1s reh\u00fasa dimitir tras otra denuncia en el PSOE y exig\u00edrselo Besteiro<\/a>&nbsp;&nbsp;La Voz de Galicia<\/li>\n<li><a href=\"https:\/\/news.google.com\/rss\/articles\/CBMie0FVX3lxTE04THIzLURiQThFRWlURDV5dV84SzhORHhiaS1RUjdxdnVMT1NsZ0N1ejl6YjhIc1lsSGd4blhBeGRaNVRlZFkzNWN2UGluVUxrVnVPYzNneXlKYmdTdlJKVkJEdl9SMFF3RkppTUhhTm9IWlJXSllHX2lRa9IBe0FVX3lxTE5fRU96NmR1SXdjeVhNSE9DZ0VwRmdsTmlNNG81dmdsakl2OHdBSnN6UlVnWG5YNE40WjZMZ2EtWTNMZ3F6bVVlRXNkUHNCdUFSQ2ZVaHpVWXhuYjNDX2JhdndMajVCQmZ6RlJqdzJZR1oyamZqUXRxVzhadw?oc=5\" target=\"_blank\" rel=\"nofollow noopener\">Dos casos de acoso en una semana dejan a un Besteiro debilitado que rechaza dimitir<\/a>&nbsp;&nbsp;El Mundo<\/li>\n<li><a href=\"https:\/\/news.google.com\/rss\/articles\/CBMirAFBVV95cUxQNXd1aHVmSVNiYkRvVWZfM0l1cFFsSmppRkllVUVxVGtsRGFwSDEtdXRRYjhlRWdtVVE0aVhEeXB1bm8xOS1ybmZEWjFPcHNBN1R6V1g3S29EWWFWd1NiVGtyUVo0RWxId0UzMVM0Z1AtZmlzemN5RW40YlFYU0kzcXctWVZLejdzczFEN3diUWFjMmlNSURFYWF2UXJzTTNsQXF0VDJEX25sUUZO?oc=5\" target=\"_blank\" rel=\"nofollow noopener\">El l\u00edder del PSdeG se aferra al cargo pese a las cr\u00edticas internas: \u00abTiene que dimitir el que acosa\u00bb<\/a>&nbsp;&nbsp;ABC<\/li>\n<li><a href=\"https:\/\/news.google.com\/rss\/articles\/CBMiwAFBVV95cUxNSkJMT0RCNVZyLUtrbHFjU0I0SDNTQmh0WU84QlZOMFhEb3RrUlYzVzNlWDU0LXE2bmRrRGI1VGl3R2VHNDVDX0F5cGx6MjMtVGR5WE5LaERYSUdTWDJYVjV6VW5oaTRSOWxqczBKdkgwQXloT2oxbkNJODBkdFZJQnlkdkswa0ZHNjBUenJjemczYUswZ0ZaOTFHRy1PeThtckdPNWVqZmNTT2hZYmg2Z0pPTUNZaHpIWUtJb2JjMDQ?oc=5\" target=\"_blank\" rel=\"nofollow noopener\">El PSOE exige su acta al alcalde de Barbad\u00e1s (Ourense), denunciado por presunto acoso laboral<\/a>&nbsp;&nbsp;infoLibre<\/li>\n<\/ol>\n","protected":false},"excerpt":{"rendered":"El alcalde de Barbad\u00e1s descarta dimitir, pide la baja del PSOE y carga contra Besteiro&nbsp;&nbsp;The Objective El alcalde&hellip;\n","protected":false},"author":2,"featured_media":286036,"comment_status":"","ping_status":"","sticky":false,"template":"","format":"standard","meta":{"footnotes":""},"categories":[5],"tags":[17,18,25,24,13,14,11,19,20,9,10,15,16,23,12,21,22],"class_list":{"0":"post-292172","1":"post","2":"type-post","3":"status-publish","4":"format-standard","5":"has-post-thumbnail","7":"category-titulares","8":"tag-breaking-news","9":"tag-breakingnews","10":"tag-es","11":"tag-espana","12":"tag-featured-news","13":"tag-featurednews","14":"tag-headlines","15":"tag-latest-news","16":"tag-latestnews","17":"tag-news","18":"tag-noticias","19":"tag-noticias-destacadas","20":"tag-noticiasdestacadas","21":"tag-spain","22":"tag-titulares","23":"tag-ultimas-noticias","24":"tag-ultimasnoticias"},"share_on_mastodon":{"url":"https:\/\/pubeurope.com\/@es\/115732752858716814","error":""},"_links":{"self":[{"href":"https:\/\/www.europesays.com\/es\/wp-json\/wp\/v2\/posts\/292172","targetHints":{"allow":["GET"]}}],"collection":[{"href":"https:\/\/www.europesays.com\/es\/wp-json\/wp\/v2\/posts"}],"about":[{"href":"https:\/\/www.europesays.com\/es\/wp-json\/wp\/v2\/types\/post"}],"author":[{"embeddable":true,"href":"https:\/\/www.europesays.com\/es\/wp-json\/wp\/v2\/users\/2"}],"replies":[{"embeddable":true,"href":"https:\/\/www.europesays.com\/es\/wp-json\/wp\/v2\/comments?post=292172"}],"version-history":[{"count":0,"href":"https:\/\/www.europesays.com\/es\/wp-json\/wp\/v2\/posts\/292172\/revisions"}],"wp:featuredmedia":[{"embeddable":true,"href":"https:\/\/www.europesays.com\/es\/wp-json\/wp\/v2\/media\/286036"}],"wp:attachment":[{"href":"https:\/\/www.europesays.com\/es\/wp-json\/wp\/v2\/media?parent=292172"}],"wp:term":[{"taxonomy":"category","embeddable":true,"href":"https:\/\/www.europesays.com\/es\/wp-json\/wp\/v2\/categories?post=292172"},{"taxonomy":"post_tag","embeddable":true,"href":"https:\/\/www.europesays.com\/es\/wp-json\/wp\/v2\/tags?post=292172"}],"curies":[{"name":"wp","href":"https:\/\/api.w.org\/{rel}","templated":true}]}}