{"id":292180,"date":"2025-12-17T03:29:08","date_gmt":"2025-12-17T03:29:08","guid":{"rendered":"https:\/\/www.europesays.com\/es\/292180\/"},"modified":"2025-12-17T03:29:08","modified_gmt":"2025-12-17T03:29:08","slug":"espero-poder-decir-que-estoy-curada-pasan-los-anos-y-los-meses-cada-vez-tienes-mas-angustia","status":"publish","type":"post","link":"https:\/\/www.europesays.com\/es\/292180\/","title":{"rendered":"\u201cEspero poder decir que estoy curada; pasan los a\u00f1os y los meses, cada vez tienes m\u00e1s angustia\u201d"},"content":{"rendered":"<p data-gtm-element-container=\"modulo-texto-link\" class=\"paragraph\">Hay relatos que deben ser escuchados, y Julia Otero se vali\u00f3 de La Marat\u00f3 de 3Cat para hacerse o\u00edr. El pasado 14 de diciembre, la cadena auton\u00f3mica catalana celebr\u00f3 su tradicional especial solidario, centrado en la recaudaci\u00f3n de fondos para la investigaci\u00f3n oncol\u00f3gica. All\u00ed, la periodista regres\u00f3 al primer plano informativo para hablar de su propio proceso, cuatro a\u00f1os despu\u00e9s de anunciar en antena que padec\u00eda c\u00e1ncer y de apartarse temporalmente de la radio.<\/p>\n<p data-gtm-element-container=\"modulo-texto-link\" class=\"paragraph\">Fue el 22 de febrero de 2021 cuando, al inicio de Julia en la onda, explic\u00f3 a los oyentes que un control rutinario hab\u00eda derivado en un diagn\u00f3stico inesperado. \u201cLa palabra c\u00e1ncer da miedo, pero estoy aprendiendo a pronunciarla en primera persona\u201d, dijo entonces. Desde ese momento, mantuvo un perfil bajo sobre su evoluci\u00f3n cl\u00ednica. Y ahora, su intervenci\u00f3n en La Marat\u00f3 se ha servido como una actualizaci\u00f3n precisa y sin dramatismos sobre ese recorrido.<\/p>\n<p>\u201cLa salud es una historia muy provisional\u201d<br \/>\nLas declaraciones sobre la enfermedad y la cuenta atr\u00e1s m\u00e9dica hasta los cinco a\u00f1os<\/p>\n<p data-gtm-element-container=\"modulo-texto-link\" class=\"paragraph\">Entrevistada por Ram\u00f3n Pellicer, Otero describi\u00f3 su estado actual con una distinci\u00f3n clara entre lo visible y lo que no lo es. \u201cSi nos encontraran en un pasillo o un ascensor te dir\u00eda que me encuentro bien, muy bien\u201d, se\u00f1al\u00f3. A continuaci\u00f3n matiz\u00f3: \u201cEstoy bien provisionalmente como lo estamos todos los enfermos de c\u00e1ncer. Estoy esperando los ocho meses y 20 d\u00edas que me quedan para llegar a los 5 a\u00f1os, que es el momento en que espero poder decir que estoy curada. De momento, a\u00fan no porque estoy en tr\u00e1nsito.\u00a0La salud es una historia muy provisional\u201d.<\/p>\n<p>                <img loading=\"lazy\" decoding=\"async\" data-full-src=\"https:\/\/www.lavanguardia.com\/uploads\/2025\/12\/16\/6941be521765c.png\" alt=\"Julia se abri\u00f3 sobre su experiencia con el c\u00e1ncer en 'La Marat\u00f3 de 3Cat.\" width=\"449\" height=\"272\" src=\"https:\/\/www.europesays.com\/es\/wp-content\/uploads\/2025\/12\/6941be521765c.png\" class=\"lazy\"\/><\/p>\n<p class=\"caption-title \">Julia se abri\u00f3 sobre su experiencia con el c\u00e1ncer en &#8216;La Marat\u00f3 de 3Cat.<\/p>\n<p>                    3Cat<\/p>\n<p data-gtm-element-container=\"modulo-texto-link\" class=\"paragraph\">La periodista detall\u00f3 la carga emocional que acompa\u00f1a a cada revisi\u00f3n m\u00e9dica. \u201cCada vez que pasan los a\u00f1os y los meses, cada vez tienes m\u00e1s angustia\u201d, afirm\u00f3. Puso fecha a su pr\u00f3xima prueba y explic\u00f3 c\u00f3mo vive los d\u00edas previos. \u201cLa semana antes empiezo a sufrir mucho\u201d. Reconoci\u00f3 que, lejos de aliviarse, el miedo aumenta al acercarse a la meta: \u201cAhora tengo m\u00e1s miedo\u201d.<\/p>\n<p data-gtm-element-container=\"modulo-texto-link\" class=\"paragraph\">Tambi\u00e9n habl\u00f3 del momento del diagn\u00f3stico y del tratamiento posterior. \u201cMe dijo que hab\u00eda un c\u00e1ncer de colon. Me lo dijo sin anestesia\u201d, record\u00f3. Describi\u00f3 la sucesi\u00f3n de pruebas, la radioterapia y la quimioterapia, y la sensaci\u00f3n de transitar por etapas muy marcadas. \u201cEstar en tratamiento te hace sentir que est\u00e1s en un pozo\u201d, se explicaba, a la par que aprovech\u00f3 su testimonio para insistir en la importancia de los programas de cribado y la detecci\u00f3n precoz.<\/p>\n<p>Una relaci\u00f3n que permanece<br \/>\nDe un matrimonio pasado a una entrevista compartida en televisi\u00f3n<\/p>\n<p data-gtm-element-container=\"modulo-texto-link\" class=\"paragraph\">La conversaci\u00f3n tuvo un componente a\u00f1adido: quien formulaba las preguntas fue su exmarido. Otero y Pellicer estuvieron casados entre 1987 y 1993, y mantuvieron despu\u00e9s una relaci\u00f3n cordial y continuada. Esa normalidad qued\u00f3 reflejada en el tono del di\u00e1logo. El periodista, hoy presentador de informativos en TV3, actu\u00f3 como entrevistador en un espacio marcado por la confianza y el conocimiento mutuo.<\/p>\n<p>                <img loading=\"lazy\" decoding=\"async\" data-full-src=\"https:\/\/www.lavanguardia.com\/uploads\/2025\/12\/16\/6941bea7a4ce3.png\" alt=\"Ramon Pellicer, exmarido de Otero, es una de las caras visibles de los servicios informativos de la auton\u00f3mica catalana.\" width=\"449\" height=\"252\" src=\"https:\/\/www.europesays.com\/es\/wp-content\/uploads\/2025\/12\/6941bea7a4ce3.png\" class=\"lazy\"\/><\/p>\n<p class=\"caption-title \">Ram\u00f3n Pellicer, exmarido de Otero, es una de las caras visibles de los servicios informativos de la auton\u00f3mica catalana.<\/p>\n<p>                    3Cat<\/p>\n<p data-gtm-element-container=\"modulo-texto-link\" class=\"paragraph\">A fin de cuentas, la comunicadora ha optado siempre por la discreci\u00f3n en lo que refiere a su vida personal. Es de dominio p\u00fablico que, a fecha de hoy y tras su matrimonio con Pellicer, comparte desde hace m\u00e1s de dos d\u00e9cadas su vida con el m\u00e9dico Josep Mart\u00ednez, padre de su \u00fanica hija, Candela. De otros v\u00ednculos ha hablado en contadas ocasiones, siempre sin nombres y sin detalles a\u00f1adidos. Pero en La Marat\u00f3, el foco permaneci\u00f3 en la informaci\u00f3n y en el proceso m\u00e9dico, sin desviarse de ese marco. El foco en el relato, con el objetivo de seguir ayudando a todos los pacientes que lidian con un proceso similar al suyo.<\/p>\n","protected":false},"excerpt":{"rendered":"Hay relatos que deben ser escuchados, y Julia Otero se vali\u00f3 de La Marat\u00f3 de 3Cat para hacerse&hellip;\n","protected":false},"author":2,"featured_media":292181,"comment_status":"","ping_status":"","sticky":false,"template":"","format":"standard","meta":{"footnotes":""},"categories":[174],"tags":[255,146,147,25,24,256,23],"class_list":{"0":"post-292180","1":"post","2":"type-post","3":"status-publish","4":"format-standard","5":"has-post-thumbnail","7":"category-famosos","8":"tag-celebrities","9":"tag-entertainment","10":"tag-entretenimiento","11":"tag-es","12":"tag-espana","13":"tag-famosos","14":"tag-spain"},"share_on_mastodon":{"url":"https:\/\/pubeurope.com\/@es\/115732792956012799","error":""},"_links":{"self":[{"href":"https:\/\/www.europesays.com\/es\/wp-json\/wp\/v2\/posts\/292180","targetHints":{"allow":["GET"]}}],"collection":[{"href":"https:\/\/www.europesays.com\/es\/wp-json\/wp\/v2\/posts"}],"about":[{"href":"https:\/\/www.europesays.com\/es\/wp-json\/wp\/v2\/types\/post"}],"author":[{"embeddable":true,"href":"https:\/\/www.europesays.com\/es\/wp-json\/wp\/v2\/users\/2"}],"replies":[{"embeddable":true,"href":"https:\/\/www.europesays.com\/es\/wp-json\/wp\/v2\/comments?post=292180"}],"version-history":[{"count":0,"href":"https:\/\/www.europesays.com\/es\/wp-json\/wp\/v2\/posts\/292180\/revisions"}],"wp:featuredmedia":[{"embeddable":true,"href":"https:\/\/www.europesays.com\/es\/wp-json\/wp\/v2\/media\/292181"}],"wp:attachment":[{"href":"https:\/\/www.europesays.com\/es\/wp-json\/wp\/v2\/media?parent=292180"}],"wp:term":[{"taxonomy":"category","embeddable":true,"href":"https:\/\/www.europesays.com\/es\/wp-json\/wp\/v2\/categories?post=292180"},{"taxonomy":"post_tag","embeddable":true,"href":"https:\/\/www.europesays.com\/es\/wp-json\/wp\/v2\/tags?post=292180"}],"curies":[{"name":"wp","href":"https:\/\/api.w.org\/{rel}","templated":true}]}}