{"id":292186,"date":"2025-12-17T03:39:13","date_gmt":"2025-12-17T03:39:13","guid":{"rendered":"https:\/\/www.europesays.com\/es\/292186\/"},"modified":"2025-12-17T03:39:13","modified_gmt":"2025-12-17T03:39:13","slug":"mark-hamill-revela-su-frase-favorita-de-star-wars-y-es-uno-de-los-easter-eggs-favorito-de-los-fans","status":"publish","type":"post","link":"https:\/\/www.europesays.com\/es\/292186\/","title":{"rendered":"Mark Hamill revela su frase favorita de Star Wars, y es uno de los Easter eggs favorito de los fans"},"content":{"rendered":"<p class=\"c-paragraph\">Si tuvieras que escoger tu frase favorita de <a href=\"https:\/\/www.hobbyconsolas.com\/reportajes\/star-wars-peliculas-series-saga-george-lucas-orden-cronologico-hitos-futuro-1398432\" rel=\"nofollow noopener\" target=\"_blank\">Star Wars<\/a>, \u00bfcu\u00e1l ser\u00eda? Todos tenemos una o dos citas predilectas de la saga creada por <b>George Lucas<\/b> hace casi medio siglo, y eso incluye a sus protagonistas. <a href=\"https:\/\/www.hobbyconsolas.com\/hobbycine\/mark-hamill-vuelve-poner-su-voz-una-pelicula-personaje-que-vive-una-pina-debajo-mar_6907199_0.html\" title=\"Mark Hamill vuelve a poner su voz en una pel\u00edcula del personaje que vive en una pi\u00f1a debajo del mar\" rel=\"nofollow noopener\" target=\"_blank\">Mark Hamill<\/a>, por ejemplo, acaba de revelar la suya.<\/p>\n<p class=\"c-paragraph\">Desde el \u00abYo soy tu padre\u00bb de <a href=\"https:\/\/www.hobbyconsolas.com\/reportajes\/sirven-enigmaticos-botones-traje-darth-vader-star-wars-942259\" rel=\"nofollow noopener\" target=\"_blank\">Darth Vader<\/a> al \u00abQue la Fuerza te acompa\u00f1e\u00bb, pasando por los \u00abNo me gusta la arena&#8230;\u00bb de <b>Anakin <\/b>o el desgarrador \u00abPoder ilimitado\u00bb de <b>Palpatine<\/b>, Star Wars tiene muchas citas c\u00e9lebres.<\/p>\n<p>Disney Plus desde 6,99\u20ac al mes<\/p>\n<p><img decoding=\"async\" loading=\"lazy\" alt=\"Disney Plus+\" width=\"640\" height=\"989\" src=\"https:\/\/www.europesays.com\/es\/wp-content\/uploads\/2025\/11\/691acc4e9a446.png\"\/><\/p>\n<p class=\"c-passport__description\">Esta plataforma cuenta con uno de los mayores y m\u00e1s variados cat\u00e1logos del mundo del streaming, con cl\u00e1sicos y estrenos constantes.<\/p>\n<p class=\"c-paragraph\">Pero la frase escogida por Mark Hamill es una que f\u00e1cilmente puede pasar inadvertida si no eres fan de la franquicia. Se trata de una cita que aparece en cada pel\u00edcula de Star Wars, pero que no est\u00e1 asociada a ning\u00fan personaje concreto: \u00abTengo un mal presentimiento sobre esto\u00bb (\u00abI have a very bad feeling about this\u00bb).<\/p>\n<p class=\"c-paragraph\">Hay que matizar que en castellano esta frase se ha diluido un poco, pues muchas traducciones optaron por hacer localizaciones de un modo diferente, como el \u00abesto me huele muy mal\u00bb de <b>Han Solo<\/b> en el compactador de basura de la <b>Estrella de la Muerte<\/b> en <a href=\"https:\/\/www.hobbyconsolas.com\/reviews\/cine-ciencia-ficcion-critica-star-wars-guerra-las-galaxias-77782\" rel=\"nofollow noopener\" target=\"_blank\">Star Wars: Episodio IV &#8211; Una nueva esperanza<\/a>.<\/p>\n<p>La frase favorita de Mark Hamill en Star Wars tiene mucha historia<\/p>\n<p class=\"c-paragraph\">Con motivo del estreno de\u00a0Bob Esponja: Una aventura pirata, Mark Hamill ha tenido una entrevista con <a href=\"https:\/\/screenrant.com\/star-wars-mark-hamill-favorite-quote\/\" rel=\"nofollow noreferrer noopener\" target=\"_blank\">Screen Rant<\/a>, donde ha destacado el \u00abTengo un mal presentimiento sobre esto\u00bb como su frase favorita de la franquicia:<\/p>\n<p class=\"c-paragraph\">\u00abMi favorita de las pel\u00edculas fue: &#8216;Tengo un mal presentimiento sobre esto&#8217;. Y se la dieron a un personaje en cada pel\u00edcula, \u00a1alguien m\u00e1s la dijo!\u00bb<\/p>\n<p class=\"c-paragraph\"><b>Luke Skywalker<\/b> pronuncia fue el primero en pronunciar la frase en la cabina del <b>Halc\u00f3n Milenario<\/b>, cuando se aproximan a cierto \u00abeso no es un sat\u00e9lite\u00bb tras escapar de <b>Tatooine <\/b>y descubrir que <b>Alderaan <\/b>ya no est\u00e1 donde deber\u00eda. Desde entonces, la cita se ha convertido en un Easter egg de manual para los fans de Star Wars.<\/p>\n<p class=\"c-paragraph\">Solemos asociar como frase recurrente en <b>Star Wars<\/b> el famoso y trillado \u00abQue la Fuerza te acompa\u00f1e\u00bb, pero, si te suena rara la elecci\u00f3n de <b>Mark Hamill<\/b>, te sugerimos que hagas un revisionado de la saga para ver la cantidad de veces que se dice esta otra frase.<\/p>\n","protected":false},"excerpt":{"rendered":"Si tuvieras que escoger tu frase favorita de Star Wars, \u00bfcu\u00e1l ser\u00eda? Todos tenemos una o dos citas&hellip;\n","protected":false},"author":2,"featured_media":292187,"comment_status":"","ping_status":"","sticky":false,"template":"","format":"standard","meta":{"footnotes":""},"categories":[169],"tags":[177,146,147,25,24,176,20580,69981,21665,175,1789,23,3271],"class_list":{"0":"post-292186","1":"post","2":"type-post","3":"status-publish","4":"format-standard","5":"has-post-thumbnail","7":"category-cine","8":"tag-cine","9":"tag-entertainment","10":"tag-entretenimiento","11":"tag-es","12":"tag-espana","13":"tag-film","14":"tag-frase","15":"tag-hamill","16":"tag-mark","17":"tag-movies","18":"tag-revela","19":"tag-spain","20":"tag-su"},"share_on_mastodon":{"url":"https:\/\/pubeurope.com\/@es\/115732831955898378","error":""},"_links":{"self":[{"href":"https:\/\/www.europesays.com\/es\/wp-json\/wp\/v2\/posts\/292186","targetHints":{"allow":["GET"]}}],"collection":[{"href":"https:\/\/www.europesays.com\/es\/wp-json\/wp\/v2\/posts"}],"about":[{"href":"https:\/\/www.europesays.com\/es\/wp-json\/wp\/v2\/types\/post"}],"author":[{"embeddable":true,"href":"https:\/\/www.europesays.com\/es\/wp-json\/wp\/v2\/users\/2"}],"replies":[{"embeddable":true,"href":"https:\/\/www.europesays.com\/es\/wp-json\/wp\/v2\/comments?post=292186"}],"version-history":[{"count":0,"href":"https:\/\/www.europesays.com\/es\/wp-json\/wp\/v2\/posts\/292186\/revisions"}],"wp:featuredmedia":[{"embeddable":true,"href":"https:\/\/www.europesays.com\/es\/wp-json\/wp\/v2\/media\/292187"}],"wp:attachment":[{"href":"https:\/\/www.europesays.com\/es\/wp-json\/wp\/v2\/media?parent=292186"}],"wp:term":[{"taxonomy":"category","embeddable":true,"href":"https:\/\/www.europesays.com\/es\/wp-json\/wp\/v2\/categories?post=292186"},{"taxonomy":"post_tag","embeddable":true,"href":"https:\/\/www.europesays.com\/es\/wp-json\/wp\/v2\/tags?post=292186"}],"curies":[{"name":"wp","href":"https:\/\/api.w.org\/{rel}","templated":true}]}}