{"id":292188,"date":"2025-12-17T03:40:11","date_gmt":"2025-12-17T03:40:11","guid":{"rendered":"https:\/\/www.europesays.com\/es\/292188\/"},"modified":"2025-12-17T03:40:11","modified_gmt":"2025-12-17T03:40:11","slug":"las-notas-de-mikel-recalde","status":"publish","type":"post","link":"https:\/\/www.europesays.com\/es\/292188\/","title":{"rendered":"Las notas de Mikel Recalde"},"content":{"rendered":"<p>                        Actualizado:<br \/>\n                        16\/12\/2025 23:53<\/p>\n<p>                    <a href=\"https:\/\/www.noticiasdegipuzkoa.eus\/reala\/2025\/12\/16\/real-lleva-victoria-ultimo-minuto-10480377.html#foto=1\" class=\"button swiper-button-next\" id=\"swiperButtonNext\" rel=\"nofollow noopener\" target=\"_blank\">Ver galer\u00eda &gt;<\/a><\/p>\n<p class=\"h3\">\n                                             La Real ha conseguido la victoria en el \u00faltimo minuto del tiempo de descuento en un partido malo de los de Ansotegi.\n                                    <\/p>\n<p><a class=\"swiper-imagen\" href=\"https:\/\/www.noticiasdegipuzkoa.eus\/reala\/2025\/12\/16\/real-lleva-victoria-ultimo-minuto-10480377.html#foto=2\" rel=\"nofollow noopener\" target=\"_blank\"><\/p>\n<p>                    <img loading=\"lazy\" decoding=\"async\" src=\"data:image\/png;base64,iVBORw0KGgoAAAANSUhEUgAAAAEAAAABCAQAAAC1HAwCAAAAC0lEQVR42mNkYAAAAAYAAjCB0C8AAAAASUVORK5CYII=\" alt=\" \" height=\"675\" width=\"1200\" style=\" max-height: 675px !important; height: calc( 1vw * 56); \"\/><\/p>\n<p><\/a><br \/>\n                    Los jugadores de la Real celebran el gol de Sucic que abri\u00f3 el marcador.<\/p>\n<p class=\"swiper-slide__author\">Pablo Miranzo<\/p>\n<p class=\"swiper-slide__description\">\n                                                                         La Real ha conseguido la victoria en el \u00faltimo minuto del tiempo de descuento en un partido malo de los de Ansotegi.\n                                            <\/p>\n<p><a class=\"swiper-imagen\" href=\"https:\/\/www.noticiasdegipuzkoa.eus\/reala\/2025\/12\/16\/real-lleva-victoria-ultimo-minuto-10480377.html#foto=3\" rel=\"nofollow noopener\" target=\"_blank\"><\/p>\n<p>                    <img loading=\"lazy\" decoding=\"async\" src=\"data:image\/png;base64,iVBORw0KGgoAAAANSUhEUgAAAAEAAAABCAQAAAC1HAwCAAAAC0lEQVR42mNkYAAAAAYAAjCB0C8AAAAASUVORK5CYII=\" alt=\" \" height=\"675\" width=\"1200\" style=\" max-height: 675px !important; height: calc( 1vw * 56); \"\/><\/p>\n<p><\/a><br \/>\n                    Unai Marrero: 5<\/p>\n<p class=\"swiper-slide__description\">\n                                                                        Apenas tuvo que intervenir. Seguro y sobrio, ya es un portero de Primera. No pudo hacer nada en el gol; una pena que no desviara la pelota al poste justo en la acci\u00f3n anterior. Puso el bal\u00f3n en largo del segundo tanto.\n                                            <\/p>\n<p><a class=\"swiper-imagen\" href=\"https:\/\/www.noticiasdegipuzkoa.eus\/reala\/2025\/12\/16\/real-lleva-victoria-ultimo-minuto-10480377.html#foto=4\" rel=\"nofollow noopener\" target=\"_blank\"><\/p>\n<p>                    <img loading=\"lazy\" decoding=\"async\" src=\"data:image\/png;base64,iVBORw0KGgoAAAANSUhEUgAAAAEAAAABCAQAAAC1HAwCAAAAC0lEQVR42mNkYAAAAAYAAjCB0C8AAAAASUVORK5CYII=\" alt=\" \" height=\"675\" width=\"1200\" style=\" max-height: 675px !important; height: calc( 1vw * 56); \"\/><\/p>\n<p><\/a><br \/>\n                    Jon Mikel Aramburu: 5<\/p>\n<p class=\"swiper-slide__description\">\n                                                                        Buen partido del lateral venezolano, que ya ha recuperado su nivel en defensa de la temporada pasada. Incluso sirvi\u00f3 un bal\u00f3n de oro a Zakharyan, pero el ruso lo desperdici\u00f3. En el empate le ganan la partida. De m\u00e1s a menos.\n                                            <\/p>\n<p><a class=\"swiper-imagen\" href=\"https:\/\/www.noticiasdegipuzkoa.eus\/reala\/2025\/12\/16\/real-lleva-victoria-ultimo-minuto-10480377.html#foto=5\" rel=\"nofollow noopener\" target=\"_blank\"><\/p>\n<p>                    <img loading=\"lazy\" decoding=\"async\" src=\"data:image\/png;base64,iVBORw0KGgoAAAANSUhEUgAAAAEAAAABCAQAAAC1HAwCAAAAC0lEQVR42mNkYAAAAAYAAjCB0C8AAAAASUVORK5CYII=\" alt=\" \" height=\"675\" width=\"1200\" style=\" max-height: 675px !important; height: calc( 1vw * 56); \"\/><\/p>\n<p><\/a><br \/>\n                    Jon Martin: 5<\/p>\n<p class=\"swiper-slide__description\">\n                                                                        Correcto encuentro del central lasartearra, que se impuso por arriba y que se mostr\u00f3 contundente y expeditivo. Sin fallos.\n                                            <\/p>\n<p><a class=\"swiper-imagen\" href=\"https:\/\/www.noticiasdegipuzkoa.eus\/reala\/2025\/12\/16\/real-lleva-victoria-ultimo-minuto-10480377.html#foto=6\" rel=\"nofollow noopener\" target=\"_blank\"><\/p>\n<p>                    <img loading=\"lazy\" decoding=\"async\" src=\"data:image\/png;base64,iVBORw0KGgoAAAANSUhEUgAAAAEAAAABCAQAAAC1HAwCAAAAC0lEQVR42mNkYAAAAAYAAjCB0C8AAAAASUVORK5CYII=\" alt=\" \" height=\"675\" width=\"1200\" style=\" max-height: 675px !important; height: calc( 1vw * 56); \"\/><\/p>\n<p><\/a><br \/>\n                    Igor Zubeldia: 4<\/p>\n<p class=\"swiper-slide__description\">\n                                                                        Muchas faltas. Le sacaron demasiado de sitio. Estuvo cerca de marcar en un centro a bal\u00f3n parado.\n                                            <\/p>\n<p><a class=\"swiper-imagen\" href=\"https:\/\/www.noticiasdegipuzkoa.eus\/reala\/2025\/12\/16\/real-lleva-victoria-ultimo-minuto-10480377.html#foto=7\" rel=\"nofollow noopener\" target=\"_blank\"><\/p>\n<p>                    <img loading=\"lazy\" decoding=\"async\" src=\"data:image\/png;base64,iVBORw0KGgoAAAANSUhEUgAAAAEAAAABCAQAAAC1HAwCAAAAC0lEQVR42mNkYAAAAAYAAjCB0C8AAAAASUVORK5CYII=\" alt=\" \" height=\"675\" width=\"1200\" style=\" max-height: 675px !important; height: calc( 1vw * 56); \"\/><\/p>\n<p><\/a><br \/>\n                    Aihen Mu\u00f1oz: 3<\/p>\n<p class=\"swiper-slide__description\">\n                                                                        \u00a0Discreto partido del lateral, que no sufri\u00f3 mucho en defensa pero que apenas subi\u00f3 y aport\u00f3 en ataque en un d\u00eda en el que pod\u00eda hacer da\u00f1o.\u00a0\n                                            <\/p>\n<p><a class=\"swiper-imagen\" href=\"https:\/\/www.noticiasdegipuzkoa.eus\/reala\/2025\/12\/16\/real-lleva-victoria-ultimo-minuto-10480377.html#foto=8\" rel=\"nofollow noopener\" target=\"_blank\"><\/p>\n<p>                    <img loading=\"lazy\" decoding=\"async\" src=\"data:image\/png;base64,iVBORw0KGgoAAAANSUhEUgAAAAEAAAABCAQAAAC1HAwCAAAAC0lEQVR42mNkYAAAAAYAAjCB0C8AAAAASUVORK5CYII=\" alt=\" \" height=\"675\" width=\"1200\" style=\" max-height: 675px !important; height: calc( 1vw * 56); \"\/><\/p>\n<p><\/a><br \/>\n                    Jon Gorrotxategi: 3<\/p>\n<p class=\"swiper-slide__description\">\n                                                                        Pobre actuaci\u00f3n del canterano, que estuvo impreciso con la pelota y que nunca domin\u00f3 el partido ni dirigi\u00f3 el juego del equipo.\u00a0\n                                            <\/p>\n<p><a class=\"swiper-imagen\" href=\"https:\/\/www.noticiasdegipuzkoa.eus\/reala\/2025\/12\/16\/real-lleva-victoria-ultimo-minuto-10480377.html#foto=9\" rel=\"nofollow noopener\" target=\"_blank\"><\/p>\n<p>                    <img loading=\"lazy\" decoding=\"async\" src=\"data:image\/png;base64,iVBORw0KGgoAAAANSUhEUgAAAAEAAAABCAQAAAC1HAwCAAAAC0lEQVR42mNkYAAAAAYAAjCB0C8AAAAASUVORK5CYII=\" alt=\" \" height=\"675\" width=\"1200\" style=\" max-height: 675px !important; height: calc( 1vw * 56); \"\/><\/p>\n<p><\/a><br \/>\n                    Carlos Soler: 1<\/p>\n<p class=\"swiper-slide__description\">\n                                                                        Horrible duelo del valenciano, al que no se le puede reprochar que escatime esfuerzos pero que no aport\u00f3 casi nada con la pelota. Ninguna acci\u00f3n rese\u00f1able.\n                                            <\/p>\n<p><a class=\"swiper-imagen\" href=\"https:\/\/www.noticiasdegipuzkoa.eus\/reala\/2025\/12\/16\/real-lleva-victoria-ultimo-minuto-10480377.html#foto=10\" rel=\"nofollow noopener\" target=\"_blank\"><\/p>\n<p>                    <img loading=\"lazy\" decoding=\"async\" src=\"data:image\/png;base64,iVBORw0KGgoAAAANSUhEUgAAAAEAAAABCAQAAAC1HAwCAAAAC0lEQVR42mNkYAAAAAYAAjCB0C8AAAAASUVORK5CYII=\" alt=\" \" height=\"675\" width=\"1200\" style=\" max-height: 675px !important; height: calc( 1vw * 56); \"\/><\/p>\n<p><\/a><br \/>\n                    Arsen Zakharyan: 3<\/p>\n<p class=\"swiper-slide__description\">\n                                                                        Otro que desespera. Con la calidad y el golpeo que tiene, parece mentira que sea tan intrascendente en los partidos. Puso buenos balones, pero fall\u00f3 un gol que no se puede entender. Vio la amarilla y le cambiaron.\n                                            <\/p>\n<p><a class=\"swiper-imagen\" href=\"https:\/\/www.noticiasdegipuzkoa.eus\/reala\/2025\/12\/16\/real-lleva-victoria-ultimo-minuto-10480377.html#foto=11\" rel=\"nofollow noopener\" target=\"_blank\"><\/p>\n<p>                    <img loading=\"lazy\" decoding=\"async\" src=\"data:image\/png;base64,iVBORw0KGgoAAAANSUhEUgAAAAEAAAABCAQAAAC1HAwCAAAAC0lEQVR42mNkYAAAAAYAAjCB0C8AAAAASUVORK5CYII=\" alt=\" \" height=\"675\" width=\"1200\" style=\" max-height: 675px !important; height: calc( 1vw * 56); \"\/><\/p>\n<p><\/a><br \/>\n                    Brais M\u00e9ndez: 2<\/p>\n<p class=\"swiper-slide__description\">\n                                                                        Muy flojo encuentro del gallego, que parece no darse cuenta de que tiene que ser el referente y el que marca las diferencias en el puesto del 10. Solo dej\u00f3 el disparo que par\u00f3 el portero Valencia y se estrell\u00f3 en el palo. Desapareci\u00f3 tras el descanso.\n                                            <\/p>\n<p><a class=\"swiper-imagen\" href=\"https:\/\/www.noticiasdegipuzkoa.eus\/reala\/2025\/12\/16\/real-lleva-victoria-ultimo-minuto-10480377.html#foto=12\" rel=\"nofollow noopener\" target=\"_blank\"><\/p>\n<p>                    <img loading=\"lazy\" decoding=\"async\" src=\"data:image\/png;base64,iVBORw0KGgoAAAANSUhEUgAAAAEAAAABCAQAAAC1HAwCAAAAC0lEQVR42mNkYAAAAAYAAjCB0C8AAAAASUVORK5CYII=\" alt=\" \" height=\"675\" width=\"1200\" style=\" max-height: 675px !important; height: calc( 1vw * 56); \"\/><\/p>\n<p><\/a><br \/>\n                    Take Kubo: 3<\/p>\n<p class=\"swiper-slide__description\">\n                                                                        Detalles, pero es que su papel es de estrella del equipo y est\u00e1 a a\u00f1os luz de serlo. Est\u00e1 obligado a hacer mucho m\u00e1s. Hizo la jugada del fallo de Zakharyan y volvieron a atizarle una patada impresentable. Un par de jugaditas en la segunda parte.\n                                            <\/p>\n<p><a class=\"swiper-imagen\" href=\"https:\/\/www.noticiasdegipuzkoa.eus\/reala\/2025\/12\/16\/real-lleva-victoria-ultimo-minuto-10480377.html#foto=13\" rel=\"nofollow noopener\" target=\"_blank\"><\/p>\n<p>                    <img loading=\"lazy\" decoding=\"async\" src=\"data:image\/png;base64,iVBORw0KGgoAAAANSUhEUgAAAAEAAAABCAQAAAC1HAwCAAAAC0lEQVR42mNkYAAAAAYAAjCB0C8AAAAASUVORK5CYII=\" alt=\" \" height=\"675\" width=\"1200\" style=\" max-height: 675px !important; height: calc( 1vw * 56); \"\/><\/p>\n<p><\/a><br \/>\n                    EL MEJOR Gon\u00e7alo Guedes: 6<\/p>\n<p class=\"swiper-slide__description\">\n                                                                        El portugu\u00e9s est\u00e1 de dulce. Es el realista m\u00e1s peligroso con diferencia. Siempre busca la porter\u00eda, es vertical. No encontr\u00f3 el gol, pero se sac\u00f3 de la chistera una magn\u00edfica asistencia en el tanto definitivo.\n                                            <\/p>\n<p><a class=\"swiper-imagen\" href=\"https:\/\/www.noticiasdegipuzkoa.eus\/reala\/2025\/12\/16\/real-lleva-victoria-ultimo-minuto-10480377.html#foto=14\" rel=\"nofollow noopener\" target=\"_blank\"><\/p>\n<p>                    <img loading=\"lazy\" decoding=\"async\" src=\"data:image\/png;base64,iVBORw0KGgoAAAANSUhEUgAAAAEAAAABCAQAAAC1HAwCAAAAC0lEQVR42mNkYAAAAAYAAjCB0C8AAAAASUVORK5CYII=\" alt=\" \" height=\"675\" width=\"1200\" style=\" max-height: 675px !important; height: calc( 1vw * 56); \"\/><\/p>\n<p><\/a><br \/>\n                    Jon Karrikaburu: &#8211;<\/p>\n<p class=\"swiper-slide__description\">\n                                                                        Muy trabajador y competitivo. Le cost\u00f3 darse cuenta de que ten\u00eda que aguantar los balones de espalda, pero al final lo hizo. Se calent\u00f3 demasiado.\n                                            <\/p>\n<p><a class=\"swiper-imagen\" href=\"https:\/\/www.noticiasdegipuzkoa.eus\/reala\/2025\/12\/16\/real-lleva-victoria-ultimo-minuto-10480377.html#foto=15\" rel=\"nofollow noopener\" target=\"_blank\"><\/p>\n<p>                    <img loading=\"lazy\" decoding=\"async\" src=\"data:image\/png;base64,iVBORw0KGgoAAAANSUhEUgAAAAEAAAABCAQAAAC1HAwCAAAAC0lEQVR42mNkYAAAAAYAAjCB0C8AAAAASUVORK5CYII=\" alt=\" \" height=\"675\" width=\"1200\" style=\" max-height: 675px !important; height: calc( 1vw * 56); \"\/><\/p>\n<p><\/a><br \/>\n                    Sergio G\u00f3mez: &#8211;<\/p>\n<p class=\"swiper-slide__description\">\n                                                                        Muy buenos minutos. Se not\u00f3 su entrada. Clave en el gol.\n                                            <\/p>\n<p><a class=\"swiper-imagen\" href=\"https:\/\/www.noticiasdegipuzkoa.eus\/reala\/2025\/12\/16\/real-lleva-victoria-ultimo-minuto-10480377.html#foto=16\" rel=\"nofollow noopener\" target=\"_blank\"><\/p>\n<p>                    <img loading=\"lazy\" decoding=\"async\" src=\"data:image\/png;base64,iVBORw0KGgoAAAANSUhEUgAAAAEAAAABCAQAAAC1HAwCAAAAC0lEQVR42mNkYAAAAAYAAjCB0C8AAAAASUVORK5CYII=\" alt=\" \" height=\"675\" width=\"1200\" style=\" max-height: 675px !important; height: calc( 1vw * 56); \"\/><\/p>\n<p><\/a><br \/>\n                    Luka Sucic: &#8211;<\/p>\n<p class=\"swiper-slide__description\">\n                                                                        Sorprendente noticia su reaparici\u00f3n. A su ritmo, se encontr\u00f3 un bal\u00f3n y marc\u00f3 con la derecha.\n                                            <\/p>\n<p><a class=\"swiper-imagen\" href=\"https:\/\/www.noticiasdegipuzkoa.eus\/reala\/2025\/12\/16\/real-lleva-victoria-ultimo-minuto-10480377.html#foto=17\" rel=\"nofollow noopener\" target=\"_blank\"><\/p>\n<p>                    <img loading=\"lazy\" decoding=\"async\" src=\"data:image\/png;base64,iVBORw0KGgoAAAANSUhEUgAAAAEAAAABCAQAAAC1HAwCAAAAC0lEQVR42mNkYAAAAAYAAjCB0C8AAAAASUVORK5CYII=\" alt=\" \" height=\"675\" width=\"1200\" style=\" max-height: 675px !important; height: calc( 1vw * 56); \"\/><\/p>\n<p><\/a><br \/>\n                    Pablo Mar\u00edn: &#8211;<\/p>\n<p class=\"swiper-slide__description\">\n                                                                        H\u00e9roe con una gran definici\u00f3n. Se lo merece, siempre se parte el pecho por la Real.\n                                            <\/p>\n<p><a class=\"swiper-imagen\" href=\"https:\/\/www.noticiasdegipuzkoa.eus\/reala\/2025\/12\/16\/real-lleva-victoria-ultimo-minuto-10480377.html#foto=18\" rel=\"nofollow noopener\" target=\"_blank\"><\/p>\n<p>                    <img loading=\"lazy\" decoding=\"async\" src=\"data:image\/png;base64,iVBORw0KGgoAAAANSUhEUgAAAAEAAAABCAQAAAC1HAwCAAAAC0lEQVR42mNkYAAAAAYAAjCB0C8AAAAASUVORK5CYII=\" alt=\" \" height=\"675\" width=\"1200\" style=\" max-height: 675px !important; height: calc( 1vw * 56); \"\/><\/p>\n<p><\/a><br \/>\n                    Lander Astiazaran: &#8211;<\/p>\n<p class=\"swiper-slide__description\">\n                                                                        El premio a su gran campa\u00f1a. Se lesion\u00f3 en la celebraci\u00f3n.\n                                            <\/p>\n<p><a class=\"swiper-imagen\" href=\"https:\/\/www.noticiasdegipuzkoa.eus\/reala\/2025\/12\/16\/real-lleva-victoria-ultimo-minuto-10480377.html#foto=19\" rel=\"nofollow noopener\" target=\"_blank\"><\/p>\n<p>                    <img loading=\"lazy\" decoding=\"async\" src=\"data:image\/png;base64,iVBORw0KGgoAAAANSUhEUgAAAAEAAAABCAQAAAC1HAwCAAAAC0lEQVR42mNkYAAAAAYAAjCB0C8AAAAASUVORK5CYII=\" alt=\" \" height=\"675\" width=\"1200\" style=\" max-height: 675px !important; height: calc( 1vw * 56); \"\/><\/p>\n<p><\/a><br \/>\n                    Ion Ansotegi: 5<\/p>\n<p class=\"swiper-slide__description\">\n                                                                        Sac\u00f3 a los titulares y jug\u00f3 al \u2018estilo Imanol\u2019. Con los cambios busc\u00f3 recuperar el dominio. Lo tuvo que pasar fatal.\u00a0\n                                            <\/p>\n<p><a class=\"swiper-imagen\" href=\"https:\/\/www.noticiasdegipuzkoa.eus\/reala\/2025\/12\/16\/real-lleva-victoria-ultimo-minuto-10480377.html#foto=20\" rel=\"nofollow noopener\" target=\"_blank\"><\/p>\n<p>                    <img loading=\"lazy\" decoding=\"async\" src=\"data:image\/png;base64,iVBORw0KGgoAAAANSUhEUgAAAAEAAAABCAQAAAC1HAwCAAAAC0lEQVR42mNkYAAAAAYAAjCB0C8AAAAASUVORK5CYII=\" alt=\" \" height=\"675\" width=\"1200\" style=\" max-height: 675px !important; height: calc( 1vw * 56); \"\/><\/p>\n<p><\/a><br \/>\n                    Claudio Barrag\u00e1n<\/p>\n<p class=\"swiper-slide__description\">\n                                                                        Muy bien el Eldense. Dirigi\u00f3 de forma magn\u00edfica a su equipo, de menos a m\u00e1s.\n                                            <\/p>\n<p><a class=\"swiper-imagen\" href=\"https:\/\/www.noticiasdegipuzkoa.eus\/reala\/2025\/12\/16\/real-lleva-victoria-ultimo-minuto-10480377.html\" rel=\"nofollow noopener\" target=\"_blank\"><\/p>\n<p>                    <img loading=\"lazy\" decoding=\"async\" src=\"data:image\/png;base64,iVBORw0KGgoAAAANSUhEUgAAAAEAAAABCAQAAAC1HAwCAAAAC0lEQVR42mNkYAAAAAYAAjCB0C8AAAAASUVORK5CYII=\" alt=\" \" height=\"675\" width=\"1200\" style=\" max-height: 675px !important; height: calc( 1vw * 56); \"\/><\/p>\n<p><\/a><br \/>\n                    El \u00e1rbitro Hern\u00e1ndez Maeso: 5<\/p>\n<p class=\"swiper-slide__description\">\n                                                                        No influy\u00f3 en el marcador. Talism\u00e1n con la Real.\n                                            <\/p>\n","protected":false},"excerpt":{"rendered":"Actualizado: 16\/12\/2025 23:53 Ver galer\u00eda &gt; La Real ha conseguido la victoria en el \u00faltimo minuto del tiempo&hellip;\n","protected":false},"author":2,"featured_media":292189,"comment_status":"","ping_status":"","sticky":false,"template":"","format":"standard","meta":{"footnotes":""},"categories":[93],"tags":[168,25,24,6414,14499,798,23,167,3667,1261],"class_list":{"0":"post-292188","1":"post","2":"type-post","3":"status-publish","4":"format-standard","5":"has-post-thumbnail","7":"category-deportes","8":"tag-deportes","9":"tag-es","10":"tag-espana","11":"tag-lleva","12":"tag-minuto","13":"tag-real","14":"tag-spain","15":"tag-sports","16":"tag-ultimo","17":"tag-victoria"},"share_on_mastodon":{"url":"https:\/\/pubeurope.com\/@es\/115732835530447502","error":""},"_links":{"self":[{"href":"https:\/\/www.europesays.com\/es\/wp-json\/wp\/v2\/posts\/292188","targetHints":{"allow":["GET"]}}],"collection":[{"href":"https:\/\/www.europesays.com\/es\/wp-json\/wp\/v2\/posts"}],"about":[{"href":"https:\/\/www.europesays.com\/es\/wp-json\/wp\/v2\/types\/post"}],"author":[{"embeddable":true,"href":"https:\/\/www.europesays.com\/es\/wp-json\/wp\/v2\/users\/2"}],"replies":[{"embeddable":true,"href":"https:\/\/www.europesays.com\/es\/wp-json\/wp\/v2\/comments?post=292188"}],"version-history":[{"count":0,"href":"https:\/\/www.europesays.com\/es\/wp-json\/wp\/v2\/posts\/292188\/revisions"}],"wp:featuredmedia":[{"embeddable":true,"href":"https:\/\/www.europesays.com\/es\/wp-json\/wp\/v2\/media\/292189"}],"wp:attachment":[{"href":"https:\/\/www.europesays.com\/es\/wp-json\/wp\/v2\/media?parent=292188"}],"wp:term":[{"taxonomy":"category","embeddable":true,"href":"https:\/\/www.europesays.com\/es\/wp-json\/wp\/v2\/categories?post=292188"},{"taxonomy":"post_tag","embeddable":true,"href":"https:\/\/www.europesays.com\/es\/wp-json\/wp\/v2\/tags?post=292188"}],"curies":[{"name":"wp","href":"https:\/\/api.w.org\/{rel}","templated":true}]}}