{"id":292190,"date":"2025-12-17T03:41:12","date_gmt":"2025-12-17T03:41:12","guid":{"rendered":"https:\/\/www.europesays.com\/es\/292190\/"},"modified":"2025-12-17T03:41:12","modified_gmt":"2025-12-17T03:41:12","slug":"gipuzkoa-el-territorio-vasco-donde-mas-crece-la-incidencia-de-la-gripe-en-los-ultimos-siete-dias","status":"publish","type":"post","link":"https:\/\/www.europesays.com\/es\/292190\/","title":{"rendered":"Gipuzkoa, el territorio vasco donde m\u00e1s crece la incidencia de la gripe en los \u00faltimos siete d\u00edas"},"content":{"rendered":"<p>La <a href=\"https:\/\/www.diariovasco.com\/temas\/generales\/gripe.html\" data-voc-vtm-id=\"in-text-traffic\" title=\"gripe\" data-mrf-link=\"www.diariovasco.com\" rel=\"nofollow noopener\" target=\"_blank\">gripe<\/a> contin\u00faa su escalada en Euskadi y especialmente en Gipuzkoa, el territorio vasco donde m\u00e1s ha crecido la circulaci\u00f3n del virus de la  &#8230; influenza durante la \u00faltima semana, un 34,5%. A pesar de esta circunstancia, los 443,72 casos por cada 100.000 habitantes de incidencia que reporta el territorio guipuzcoano le sigue situando a la cola del Pa\u00eds Vasco en este apartado, por detr\u00e1s de \u00c1lava (581,87 casos) y Bizkaia (572,67 casos). De hecho, por primera vez en esta campa\u00f1a \u00c1lava supera a Bizkaia en incidencia.<\/p>\n<p class=\"v-p\">Los datos los ha actualizado este martes el consejero de Salud, Alberto Mart\u00ednez, quien ha reconocido que hay m\u00e1s casos pero \u00abtenemos una poblaci\u00f3n m\u00e1s vacunada, un 11,2% m\u00e1s que el a\u00f1o pasado\u00bb, lo que ha llevado a que, \u00abaunque hay m\u00e1s ingresos hospitalarios, podemos decir que hay menos ingresos en UCI que los que corresponder\u00eda al nivel de incidencia\u00bb.<\/p>\n<p class=\"v-p\">Desde el inicio de la campa\u00f1a, se han registrado concretamente 11.964 casos de gripe, que han dejado 1.376 ingresos hospitalarios, de los cuales 46 han precisado de un ingreso en la UCI. En la \u00faltima semana se han notificado 2.022 contagios y 260 hospitalizaciones, cifras algo inferiores a la semana previa, con una ocupaci\u00f3n hospitalaria general del 83,5%, \u00abdentro de niveles controlados para esta \u00e9poca del a\u00f1o\u00bb.<\/p>\n<p class=\"v-p\">En cualquier caso, a pesar de que se ha producido una vacunaci\u00f3n mayor que el a\u00f1o pasado, Mart\u00ednez ha querido incidir en algunos colectivos en los que cree que hay \u00abmargen de mejora\u00bb, especialmente en el de las mujeres embarazadas, que tiene una tasa de vacunaci\u00f3n en torno al 54,5%, y tambi\u00e9n en el de los ni\u00f1os entre los 6 meses y los 5 a\u00f1os, con un el 41,5% de vacunados.<\/p>\n<p class=\"v-p\">Ante estos datos, Mart\u00ednez ha hecho un llamamiento a la vacunaci\u00f3n y tambi\u00e9n al uso de mascarillas como \u00abrecomendaci\u00f3n\u00bb, tanto para pacientes que tengan la sintomatolog\u00eda como para aquellas personas que acudan a un lugar p\u00fablico, adem\u00e1s de \u00abventilar, lavarse las manos y quedarse en casa si uno tiene s\u00edntomas\u00bb.<\/p>\n<p class=\"v-p\">\u00abEvidentemente, ante una persona que tiene s\u00edntomas apelamos a la responsabilidad individual para que lleve la mascarilla, pero no consideramos la necesidad de establecer una obligaci\u00f3n porque lo que estamos viendo es que el principal factor para controlar la gripe es, sobre todo, la vacunaci\u00f3n y es donde quisi\u00e9ramos insistir m\u00e1s\u00bb, ha se\u00f1alado.<\/p>\n<p class=\"v-p\">Mart\u00ednez prev\u00e9 que el \u00abpico\u00bb de la gripe va a llegar \u00aben torno a las navidades\u00bb y ha asegurado que Salud hace \u00abun seguimiento continuo y tenemos un plan de contingencia preparado en los hospitales por si hacen falta m\u00e1s camas\u00bb, pero, \u00absobre todo, estamos intentando animar al ciudadano a la vacunaci\u00f3n como principal mecanismo de seguridad\u00bb.<\/p>\n","protected":false},"excerpt":{"rendered":"La gripe contin\u00faa su escalada en Euskadi y especialmente en Gipuzkoa, el territorio vasco donde m\u00e1s ha crecido&hellip;\n","protected":false},"author":2,"featured_media":292191,"comment_status":"","ping_status":"","sticky":false,"template":"","format":"standard","meta":{"footnotes":""},"categories":[92],"tags":[12008,25,24,6927,7749,165,166,23,702,7674],"class_list":{"0":"post-292190","1":"post","2":"type-post","3":"status-publish","4":"format-standard","5":"has-post-thumbnail","7":"category-salud","8":"tag-crece","9":"tag-es","10":"tag-espana","11":"tag-gipuzkoa","12":"tag-gripe","13":"tag-health","14":"tag-salud","15":"tag-spain","16":"tag-territorio","17":"tag-vasco"},"share_on_mastodon":{"url":"https:\/\/pubeurope.com\/@es\/115732839421499082","error":""},"_links":{"self":[{"href":"https:\/\/www.europesays.com\/es\/wp-json\/wp\/v2\/posts\/292190","targetHints":{"allow":["GET"]}}],"collection":[{"href":"https:\/\/www.europesays.com\/es\/wp-json\/wp\/v2\/posts"}],"about":[{"href":"https:\/\/www.europesays.com\/es\/wp-json\/wp\/v2\/types\/post"}],"author":[{"embeddable":true,"href":"https:\/\/www.europesays.com\/es\/wp-json\/wp\/v2\/users\/2"}],"replies":[{"embeddable":true,"href":"https:\/\/www.europesays.com\/es\/wp-json\/wp\/v2\/comments?post=292190"}],"version-history":[{"count":0,"href":"https:\/\/www.europesays.com\/es\/wp-json\/wp\/v2\/posts\/292190\/revisions"}],"wp:featuredmedia":[{"embeddable":true,"href":"https:\/\/www.europesays.com\/es\/wp-json\/wp\/v2\/media\/292191"}],"wp:attachment":[{"href":"https:\/\/www.europesays.com\/es\/wp-json\/wp\/v2\/media?parent=292190"}],"wp:term":[{"taxonomy":"category","embeddable":true,"href":"https:\/\/www.europesays.com\/es\/wp-json\/wp\/v2\/categories?post=292190"},{"taxonomy":"post_tag","embeddable":true,"href":"https:\/\/www.europesays.com\/es\/wp-json\/wp\/v2\/tags?post=292190"}],"curies":[{"name":"wp","href":"https:\/\/api.w.org\/{rel}","templated":true}]}}