{"id":292221,"date":"2025-12-17T04:22:16","date_gmt":"2025-12-17T04:22:16","guid":{"rendered":"https:\/\/www.europesays.com\/es\/292221\/"},"modified":"2025-12-17T04:22:16","modified_gmt":"2025-12-17T04:22:16","slug":"ee-uu-lanza-una-nueva-tech-force-para-contratar-talento-en-ia-lo-que-debes-saber","status":"publish","type":"post","link":"https:\/\/www.europesays.com\/es\/292221\/","title":{"rendered":"EE.UU. lanza una nueva &#8216;tech force&#8217; para contratar talento en IA, lo que debes saber"},"content":{"rendered":"<p>\n                    Publicado                 16\/12\/2025 &#8211; 17:15 CET<br \/>\n                \u2022Ultima actualizaci\u00f3n<br \/>\n                                     18:12\n                                        <\/p>\n<p>Tras despedir a cientos de miles <a href=\"https:\/\/es.euronews.com\/2025\/02\/24\/crece-el-rechazo-a-la-orden-de-musk-de-que-el-personal-federal-envie-por-correo-electronic\" rel=\"nofollow noopener\" target=\"_blank\">de empleados p\u00fablicos<\/a> y cerrar varias oficinas tecnol\u00f3gicas federales este a\u00f1o, Estados Unidos pone en marcha un nuevo programa para <strong>contratar talento puntero en tecnolog\u00eda<\/strong> y cerrar \u00abbrechas cr\u00edticas de capacidades\u00bb en sus agencias federales.<\/p>\n<p>El US Tech Force, anunciado esta semana, aspira a captar el talento en tecnolog\u00eda e inteligencia artificial (IA) necesario <strong>para modernizar el Gobierno de Estados Unidos<\/strong> y \u00abayudar a ganar la carrera global por el dominio de la IA\u00bb, seg\u00fan <strong>Scott Kupor<\/strong>, director de la Oficina de Gesti\u00f3n de Personal (OPM), que gestiona la funci\u00f3n p\u00fablica federal y supervisa el proyecto.<\/p>\n<p>En un memorando publicado el lunes, Kupor escribi\u00f3 que el programa pretende incorporar <strong>un grupo inicial de en torno a 1.000 profesionales tecnol\u00f3gicos<\/strong> cualificados para un piloto que arrancar\u00e1 en primavera de 2026. No se especifica si los ciudadanos extranjeros pueden presentarse, y la OPM no respondi\u00f3 de inmediato a la solicitud de comentarios de Euronews Next.<\/p>\n<p>Aunque el objetivo principal son los profesionales al inicio de su carrera, el programa permitir\u00e1 que empleados tecnol\u00f3gicos <strong>m\u00e1s experimentados de empresas privadas<\/strong> participantes tomen excedencias para formar y tutorizar a los integrantes del Tech Force.<\/p>\n<p>Las becas durar\u00e1n uno a dos a\u00f1os, <strong>con salarios anuales entre 150.000 y 200.000 d\u00f3lares<\/strong> (de 127.000 a 169.500 euros), seg\u00fan el memorando, con misiones que van desde \u00abadministrar infraestructuras financieras cr\u00edticas en el Departamento del Tesoro hasta impulsar programas punteros en el Departamento de Defensa\u00bb.<\/p>\n<p>Tras completar el programa, los becarios podr\u00e1n buscar empleo en una de unas 20 empresas asociadas, entre ellas Amazon Web Services, Apple, IBM, Meta, Nvidia, OpenAI y Oracle. Las compa\u00f1\u00edas asociadas <strong>no han asumido compromisos firmes<\/strong> de contrataci\u00f3n, se\u00f1al\u00f3 Kupor. A\u00f1adi\u00f3 que los empleados que se ausenten temporalmente de sus puestos en el sector privado no tendr\u00e1n que desprenderse de sus acciones.<\/p>\n<p>El nuevo programa de desarrollo de talento llega al final de <a href=\"https:\/\/es.euronews.com\/2025\/08\/02\/donald-trump-despide-a-la-jefa-de-estadisticas-de-empleo-tras-los-malos-datos-del-ultimo-i\" rel=\"nofollow noopener\" target=\"_blank\">un a\u00f1o turbulento<\/a> para los trabajadores tecnol\u00f3gicos de los sectores p\u00fablico y privado de Estados Unidos. Varios de los equipos tecnol\u00f3gicos existentes del Gobierno, en agencias como la Administraci\u00f3n del Seguro Social, el Servicio de Impuestos Internos y el Departamento de Defensa, <strong>fueron desmantelados en la purga<\/strong> del Departamento de Eficiencia Gubernamental (DOGE), <a href=\"https:\/\/es.euronews.com\/2025\/05\/31\/trump-despide-a-musk-tras-su-polemica-gestion-del-doge-y-miles-de-despidos-federales\" rel=\"nofollow noopener\" target=\"_blank\">liderada por Elon Musk<\/a>.<\/p>\n<p>En septiembre, el presidente Donald Trump tambi\u00e9n <strong>impuso una tasa de 100.000 d\u00f3lares (85.600 euros) a los nuevos visados H-1B<\/strong> para extranjeros altamente cualificados. Estos visados son utilizados ampliamente por ingenieros y cient\u00edficos extranjeros empleados por las grandes empresas tecnol\u00f3gicas estadounidenses. En respuesta, empresas como Amazon y Microsoft advirtieron a sus empleados que permanecieran en Estados Unidos o se arriesgaran a no poder regresar.<\/p>\n","protected":false},"excerpt":{"rendered":"Publicado 16\/12\/2025 &#8211; 17:15 CET \u2022Ultima actualizaci\u00f3n 18:12 Tras despedir a cientos de miles de empleados p\u00fablicos y&hellip;\n","protected":false},"author":2,"featured_media":292222,"comment_status":"","ping_status":"","sticky":false,"template":"","format":"standard","meta":{"footnotes":""},"categories":[80],"tags":[82,95,94,25,24,629,136,23,120,4479,1056],"class_list":{"0":"post-292221","1":"post","2":"type-post","3":"status-publish","4":"format-standard","5":"has-post-thumbnail","7":"category-economia","8":"tag-business","9":"tag-economia","10":"tag-economy","11":"tag-es","12":"tag-espana","13":"tag-estados-unidos","14":"tag-inteligencia-artificial","15":"tag-spain","16":"tag-tecnologia","17":"tag-trabajadores","18":"tag-washington"},"share_on_mastodon":{"url":"https:\/\/pubeurope.com\/@es\/115733000702385475","error":""},"_links":{"self":[{"href":"https:\/\/www.europesays.com\/es\/wp-json\/wp\/v2\/posts\/292221","targetHints":{"allow":["GET"]}}],"collection":[{"href":"https:\/\/www.europesays.com\/es\/wp-json\/wp\/v2\/posts"}],"about":[{"href":"https:\/\/www.europesays.com\/es\/wp-json\/wp\/v2\/types\/post"}],"author":[{"embeddable":true,"href":"https:\/\/www.europesays.com\/es\/wp-json\/wp\/v2\/users\/2"}],"replies":[{"embeddable":true,"href":"https:\/\/www.europesays.com\/es\/wp-json\/wp\/v2\/comments?post=292221"}],"version-history":[{"count":0,"href":"https:\/\/www.europesays.com\/es\/wp-json\/wp\/v2\/posts\/292221\/revisions"}],"wp:featuredmedia":[{"embeddable":true,"href":"https:\/\/www.europesays.com\/es\/wp-json\/wp\/v2\/media\/292222"}],"wp:attachment":[{"href":"https:\/\/www.europesays.com\/es\/wp-json\/wp\/v2\/media?parent=292221"}],"wp:term":[{"taxonomy":"category","embeddable":true,"href":"https:\/\/www.europesays.com\/es\/wp-json\/wp\/v2\/categories?post=292221"},{"taxonomy":"post_tag","embeddable":true,"href":"https:\/\/www.europesays.com\/es\/wp-json\/wp\/v2\/tags?post=292221"}],"curies":[{"name":"wp","href":"https:\/\/api.w.org\/{rel}","templated":true}]}}