{"id":292225,"date":"2025-12-17T04:29:13","date_gmt":"2025-12-17T04:29:13","guid":{"rendered":"https:\/\/www.europesays.com\/es\/292225\/"},"modified":"2025-12-17T04:29:13","modified_gmt":"2025-12-17T04:29:13","slug":"la-madre-de-una-presunta-victima-de-jose-tome-le-pregunto-si-estaba-dispuesta-a-todo-ella-le-dijo-que-no-y-el-le-dijo-si-quieres-una-plaza-te-tienes-que-acostar-conmigo-la","status":"publish","type":"post","link":"https:\/\/www.europesays.com\/es\/292225\/","title":{"rendered":"La madre de una presunta v\u00edctima de Jos\u00e9 Tom\u00e9: \u00abLe pregunt\u00f3 si estaba dispuesta a todo, ella le dijo que no y \u00e9l le dijo &#039;si quieres una plaza te tienes que acostar conmigo&#039;\u00bb &#8211; La Voz de Galicia"},"content":{"rendered":"<ol>\n<li><a href=\"https:\/\/news.google.com\/rss\/articles\/CBMilAJBVV95cUxPS2FRLThwcE5kcGpYWXdpQTNRUXdRbldpdWk0ZnRYR1YybHFMX2N2R0syZWMzdGFWYjgzbVlXM2E2dDI3WDN6SzF0NUtMbFFFOWE1UGNJTFlmc3lLZjJCc2JSX0NON3dIbW1PWEhtZ2hRRngyWk81ZzZadENyUE5nU2twVkRLQUxPU3c2N1Q4V3NCcDVoa1EzNEN0dDdjRlo0eE9ibU1pYmNmeEw4QW1kNXUxb0JENGVabEp1eloyZDV3NklybW9LVXljeEtvdGdXOFhRQkRPVl9INFVycFVrMWJyYVdEZ0dIRlhNaUZ3Y0hnQk0zUHhTRXdHblJtV0hrN1NHZ01ZTGt4QjYzTnB1VUhURG4?oc=5\" target=\"_blank\" rel=\"nofollow noopener\">La madre de una presunta v\u00edctima de Jos\u00e9 Tom\u00e9: \u00abLe pregunt\u00f3 si estaba dispuesta a todo, ella le dijo que no y \u00e9l le dijo &#8216;si quieres una plaza te tienes que acostar conmigo&#8217;\u00bb<\/a>&nbsp;&nbsp;La Voz de Galicia<\/li>\n<li><a href=\"https:\/\/news.google.com\/rss\/articles\/CBMirwFBVV95cUxQVDZZNWhHRVc1Tmk0aXF1YlJmeHhhQ016U3RQbUZEbkh6a012aTlHeWh5ZjNYaGRTSTJ6Vms4RFVPZkVMYXR4RDNpa0lQOFJSVFl1NVhtU244NnV5RkpyQVU5c1FyOHBTb1doRjVZREQ4Z3FNbk55Qmw4NDBveUxLUXFzVWExWEVUMGpuUUR6ZXNKbW9GMjN5WTROdTRzbUQtSUltcUt3RVhVdEVXR2RV?oc=5\" target=\"_blank\" rel=\"nofollow noopener\">Arrecia la crisis en el PSOE gallego por los casos de acoso: se\u00f1alan a Besteiro<\/a>&nbsp;&nbsp;ABC<\/li>\n<li><a href=\"https:\/\/news.google.com\/rss\/articles\/CBMiogFBVV95cUxNQkxkc0d5MmJqRFpSc0xhUlJJRWpIM0p2TVc0VERrY2hsWUpUaWg2MTNmMzgxSUlYWXFJQ1V4bzJkRjJwMG1WS1pTZmd4SHd0eDBpejNDaUE1bzBEeVpRMHo4TW1BNzRHd04ySHk2dnRWWE93QmJmWmp1R3ZvMGVBUFJVV2dLLVpfNFZnY3BxckRteGVUamF0X08td3M4ekRCcnfSAaIBQVVfeXFMTy1JajNqWEtsekppYkhkblNZdjF4RUI1LS1lN2FYS2hSc3ZnN2tvV01pTkpvQk1GbGVDTmtZbl9WY0xwZ2ZJb0JvZVVZNXhKMHVwa0hqUjBTMmRabXZPSUo1emlVVW9qOW9DTElyRUV5aVJXQjZETUtRZ3M4LS1ERjg2QVIxcUN0UlpmX2xfcEVPZHloZzZYSTlWMXRRSXlmcldB?oc=5\" target=\"_blank\" rel=\"nofollow noopener\">El l\u00edder del PSdeG se reuni\u00f3 con la madre de una de las mujeres que denunci\u00f3 acoso sexual por parte de Jos\u00e9 Tom\u00e9<\/a>&nbsp;&nbsp;El Peri\u00f3dico<\/li>\n<li><a href=\"https:\/\/news.google.com\/rss\/articles\/CBMirAFBVV95cUxQcm1uSWhBOEtoTGhMcTZ2WV9vMmgxNUk1ZlI4Y29icUJhbXY5d3JIc2hmNWlFVlRDeDczZlZlUTB0bmFiYk9QbzFnWlZXa0lmOFZ6R0tfRDZaU2VxcWRTRVlHdmZVYzVSWWcxZWM3QzF5d3FuMGFZczRSdUY1cG5CS29tai1PSUdpQTNPVVZhU2NveEp6RktNSFJKem1taGMycjlEaVNPSS0xMG9T?oc=5\" target=\"_blank\" rel=\"nofollow noopener\">Las feministas del PSOE anticipan ya la ca\u00edda de Besteiro<\/a>&nbsp;&nbsp;La Raz\u00f3n<\/li>\n<li><a href=\"https:\/\/news.google.com\/rss\/articles\/CBMixAFBVV95cUxPWkdEQnVlNzNpeUtwT0MxVy1SZjBBUDdSM01JYkc0R1lpSDJZbEdMcGlHNXR0UWJzM3JCUUxhOHdsN2dxbTl3Q2lqMWtDNzNMVk5YVUZoWHhXTnI5eWpFMVRTd2IzRUJULUoxM0Y3ZjNmaTFEQUZ6b3Q1RU45SGZQUF9qWkJUVnBJXzQ1ZjNnaHVScC1xQUozVXY4bFZ2Q3hlT00xZzFMRTRVZ2FRd1N2OUJIQWg5Wl9GRVJNOXFJRDhqWTBs?oc=5\" target=\"_blank\" rel=\"nofollow noopener\">Abel Caballero afirma que Besteiro se equivoc\u00f3 en el caso Tom\u00e9 al no actuar hasta que las denuncias fueron p\u00fablicas<\/a>&nbsp;&nbsp;elDiario.es<\/li>\n<\/ol>\n","protected":false},"excerpt":{"rendered":"La madre de una presunta v\u00edctima de Jos\u00e9 Tom\u00e9: \u00abLe pregunt\u00f3 si estaba dispuesta a todo, ella le&hellip;\n","protected":false},"author":2,"featured_media":292226,"comment_status":"","ping_status":"","sticky":false,"template":"","format":"standard","meta":{"footnotes":""},"categories":[5],"tags":[17,18,25,24,13,14,11,19,20,9,10,15,16,23,12,21,22],"class_list":{"0":"post-292225","1":"post","2":"type-post","3":"status-publish","4":"format-standard","5":"has-post-thumbnail","7":"category-titulares","8":"tag-breaking-news","9":"tag-breakingnews","10":"tag-es","11":"tag-espana","12":"tag-featured-news","13":"tag-featurednews","14":"tag-headlines","15":"tag-latest-news","16":"tag-latestnews","17":"tag-news","18":"tag-noticias","19":"tag-noticias-destacadas","20":"tag-noticiasdestacadas","21":"tag-spain","22":"tag-titulares","23":"tag-ultimas-noticias","24":"tag-ultimasnoticias"},"share_on_mastodon":{"url":"https:\/\/pubeurope.com\/@es\/115733028128812506","error":""},"_links":{"self":[{"href":"https:\/\/www.europesays.com\/es\/wp-json\/wp\/v2\/posts\/292225","targetHints":{"allow":["GET"]}}],"collection":[{"href":"https:\/\/www.europesays.com\/es\/wp-json\/wp\/v2\/posts"}],"about":[{"href":"https:\/\/www.europesays.com\/es\/wp-json\/wp\/v2\/types\/post"}],"author":[{"embeddable":true,"href":"https:\/\/www.europesays.com\/es\/wp-json\/wp\/v2\/users\/2"}],"replies":[{"embeddable":true,"href":"https:\/\/www.europesays.com\/es\/wp-json\/wp\/v2\/comments?post=292225"}],"version-history":[{"count":0,"href":"https:\/\/www.europesays.com\/es\/wp-json\/wp\/v2\/posts\/292225\/revisions"}],"wp:featuredmedia":[{"embeddable":true,"href":"https:\/\/www.europesays.com\/es\/wp-json\/wp\/v2\/media\/292226"}],"wp:attachment":[{"href":"https:\/\/www.europesays.com\/es\/wp-json\/wp\/v2\/media?parent=292225"}],"wp:term":[{"taxonomy":"category","embeddable":true,"href":"https:\/\/www.europesays.com\/es\/wp-json\/wp\/v2\/categories?post=292225"},{"taxonomy":"post_tag","embeddable":true,"href":"https:\/\/www.europesays.com\/es\/wp-json\/wp\/v2\/tags?post=292225"}],"curies":[{"name":"wp","href":"https:\/\/api.w.org\/{rel}","templated":true}]}}