{"id":292233,"date":"2025-12-17T04:41:12","date_gmt":"2025-12-17T04:41:12","guid":{"rendered":"https:\/\/www.europesays.com\/es\/292233\/"},"modified":"2025-12-17T04:41:12","modified_gmt":"2025-12-17T04:41:12","slug":"el-marcador-virtual-del-nuevo-villamarin-del-betis-trae-un-derbi-su-sueno","status":"publish","type":"post","link":"https:\/\/www.europesays.com\/es\/292233\/","title":{"rendered":"El marcador virtual del Nuevo Villamar\u00edn del Betis trae un derbi: \u00abSu sue\u00f1o\u00bb"},"content":{"rendered":"<p>    Compartir  <\/p>\n<p class=\"_container_r6ld5_1 _container_1uguc_1 &#10;    color_eta\">El Betis sigue en marcha con el proyecto y la obra del que ser\u00e1 su nuevo estadio, fechado ahora mismo para mayo de 2028. As\u00ed se ha explicado este martes <a href=\"https:\/\/www.eldesmarque.com\/futbol\/liga-1a-division\/20251216\/betis-record-ingresos-millones-beneficio-junta-accionistas_18_017871917.html#utm_source=cuerpo&amp;utm_medium=articulo\" rel=\"nofollow noopener\" target=\"_blank\">en la Junta de Accionistas de la entidad verdiblanca<\/a>, donde se han dado <a href=\"https:\/\/www.eldesmarque.com\/futbol\/liga-1a-division\/20251216\/detalles-nuevo-benito-villamarin-dinero-fecha-obras_18_017879720.html#utm_source=cuerpo&amp;utm_medium=articulo\" rel=\"nofollow noopener\" target=\"_blank\">muchos detalles de la operaci\u00f3n<\/a> en lo que a presupuesto, tiempo y esfuerzo se refiere. Y mucha ilusi\u00f3n. Pero tambi\u00e9n se han mostrado, a trav\u00e9s de las redes sociales, unas im\u00e1genes, sobre todo una, que est\u00e1n llamando mucho la atenci\u00f3n. Ese marcador virtual que ha gustado a los aficionados del Betis y que no lo har\u00e1 tanto en los del Sevilla.<\/p>\n<p class=\"_container_r6ld5_1 _container_1uguc_1 &#10;    color_eta\">En la imagen, publicada por el propio Betis, se observan detalles del nuevo estadio interesantes, pero hay uno que ha tenido muchos comentarios de aficionados. Porque se observa el resultado del que ser\u00eda un derbi entre el Betis y el Sevilla en ese nuevo estadio. Un 4-1 reluce en el marcador, para alegr\u00eda de los aficionados b\u00e9ticos, como lo han mostrado con opiniones y comentarios.<\/p>\n<p>PUEDE INTERESARTE<\/p>\n<p class=\"_container_r6ld5_1 _container_1uguc_1 &#10;    color_eta\">Incluso ese \u00abal detalle\u00bb del tuit del Betis tambi\u00e9n ha llamado la atenci\u00f3n. Son varios y variados los comentarios de los aficionados, con claros ejemplos de lo que es el derbi en la ciudad. Sobre todo en el pique de aficionados del Sevilla: \u00abLo m\u00e1s gracioso es que no hay registrado un partido en el cual hay\u00e1is ganado 4-1\u00bb, \u00abEn el marcador ponen un 4-1 contra el Sevilla jajaja. Como no va a estar acomplejada la afici\u00f3n si desde el club son los primeros acomplejados\u00bb, \u00abSu sue\u00f1o tener un buen estadio, t\u00edtulos y ganarle al Sevilla 4 a 1&#8230; criaturismo en estado puro!\u00bb.<\/p>\n<p>PUEDE INTERESARTE<\/p>\n<p class=\"_container_r6ld5_1 _container_1uguc_1 &#10;    color_eta\">De momento, las obras siguen por su camino a la espera de que ya en 2026 se den los primeros pasos de la construcci\u00f3n del nuevo estadio del Betis. La cuenta atr\u00e1s parece que se ha iniciado.<\/p>\n","protected":false},"excerpt":{"rendered":"Compartir El Betis sigue en marcha con el proyecto y la obra del que ser\u00e1 su nuevo estadio,&hellip;\n","protected":false},"author":2,"featured_media":292234,"comment_status":"","ping_status":"","sticky":false,"template":"","format":"standard","meta":{"footnotes":""},"categories":[268],"tags":[168,25,24,280,282,281,23,167],"class_list":{"0":"post-292233","1":"post","2":"type-post","3":"status-publish","4":"format-standard","5":"has-post-thumbnail","7":"category-futbol","8":"tag-deportes","9":"tag-es","10":"tag-espana","11":"tag-football","12":"tag-futbol","13":"tag-soccer","14":"tag-spain","15":"tag-sports"},"share_on_mastodon":{"url":"https:\/\/pubeurope.com\/@es\/115733075474311871","error":""},"_links":{"self":[{"href":"https:\/\/www.europesays.com\/es\/wp-json\/wp\/v2\/posts\/292233","targetHints":{"allow":["GET"]}}],"collection":[{"href":"https:\/\/www.europesays.com\/es\/wp-json\/wp\/v2\/posts"}],"about":[{"href":"https:\/\/www.europesays.com\/es\/wp-json\/wp\/v2\/types\/post"}],"author":[{"embeddable":true,"href":"https:\/\/www.europesays.com\/es\/wp-json\/wp\/v2\/users\/2"}],"replies":[{"embeddable":true,"href":"https:\/\/www.europesays.com\/es\/wp-json\/wp\/v2\/comments?post=292233"}],"version-history":[{"count":0,"href":"https:\/\/www.europesays.com\/es\/wp-json\/wp\/v2\/posts\/292233\/revisions"}],"wp:featuredmedia":[{"embeddable":true,"href":"https:\/\/www.europesays.com\/es\/wp-json\/wp\/v2\/media\/292234"}],"wp:attachment":[{"href":"https:\/\/www.europesays.com\/es\/wp-json\/wp\/v2\/media?parent=292233"}],"wp:term":[{"taxonomy":"category","embeddable":true,"href":"https:\/\/www.europesays.com\/es\/wp-json\/wp\/v2\/categories?post=292233"},{"taxonomy":"post_tag","embeddable":true,"href":"https:\/\/www.europesays.com\/es\/wp-json\/wp\/v2\/tags?post=292233"}],"curies":[{"name":"wp","href":"https:\/\/api.w.org\/{rel}","templated":true}]}}