{"id":292235,"date":"2025-12-17T04:42:09","date_gmt":"2025-12-17T04:42:09","guid":{"rendered":"https:\/\/www.europesays.com\/es\/292235\/"},"modified":"2025-12-17T04:42:09","modified_gmt":"2025-12-17T04:42:09","slug":"hace-una-importante-comparacion-con-el-de-antes","status":"publish","type":"post","link":"https:\/\/www.europesays.com\/es\/292235\/","title":{"rendered":"hace una importante comparaci\u00f3n con el de antes"},"content":{"rendered":"<p>El actor vasco Asier Etxeand\u00eda, reconocido por sus papeles en Dolor y gloria o la serie de televisi\u00f3n Velvet, ha acudido este martes a <b><a href=\"https:\/\/www.tiktok.com\/@la_ser\/video\/7584523495694961943\" target=\"_blank\" rel=\"nofollow noopener\">La Ventana<\/a><\/b>, programa de la Cadena SER, presentado por Carles Francino y ha hablado abiertamente no solo del <a href=\"https:\/\/www.huffingtonpost.es\/virales\/eduard-fernandez-claro-nadie-mandar-mensaje-jovenes-dicen-orgullosos-son-fachas.html\" rel=\"nofollow noopener\" target=\"_blank\">fascismo<\/a>, sino de esta corriente en la actualidad, <a href=\"https:\/\/www.huffingtonpost.es\/politica\/algo-mal-cuarta-parte-jovenes-ve-preferible-determinadas-circunstancias-regimen-autoritariobr.html\" rel=\"nofollow noopener\" target=\"_blank\">dando una lecci\u00f3n<\/a> de importante escucha.<\/p>\n<p>El pasado octubre el Centro de Investigaciones Sociol\u00f3gicas public\u00f3 que u<b>n 20% de los j\u00f3venes espa\u00f1oles cree que la dictadura fue mejor que la democracia <\/b>y que el 21% de los espa\u00f1oles cree que los a\u00f1os del franquismo fueron \u00abmuy buenos\u00bb. La ola de reacciones fue gigantesca y lo que dicho Etxeandia servir\u00eda para concienciar a los j\u00f3venes.<\/p>\n<p>Todo comenz\u00f3 a ra\u00edz de un comentario de Francino en el que le dejaba caer que \u00abal paso que vamos, te van a ofrecer papeles de fascistas, pero no dle pasado, sino de ahora\u00bb. Para el actor vasco,<b> \u00abhay mucho que hablar de los fascistas de hoy, creo que son peores\u00bb.<\/b><\/p>\n<p>\u00abAntes se les ve\u00eda venir\u00bb<\/p>\n<p>Ha opinado que los fascistas de ahora \u00abson peores completamente porque <b>antes les ve\u00eda venir<\/b>, ahora van de que no, pero son peores todav\u00eda\u00bb. Para \u00e9l, una gran forma de darse cuenta del peligro del fascismo es <b>\u00abinterpret\u00e1ndolo\u00bb.<\/b><\/p>\n<p>\u00abCreo que tiene que, bueno, interpretar, yo cuento historias para que a la gente se le pongan los pelos de gallina, se conmueva y digan: hostia&#8230;\u00bb, ha rematado el vasco.<\/p>\n<p>Sobre Santiago Abascal<\/p>\n<p>Sobre la mesa tambi\u00e9n se ha puesto la figura del ultraderechista y l\u00edder de Vox, Santiago Abascal. En este sentido, Etxeand\u00eda ha considerado en el citado programa que ese tipo de personas pueden resultar interesantes en materia de interpretarlos, aunque \u00abno hace falta remarcar m\u00e1s su personaje, ya est\u00e1 en todos lados\u00bb.<\/p>\n<p>Etxeand\u00eda es uno de los protagonistas de la pel\u00edcula Frontera, estrenada el pasado viernes, en el que interpreta a un Guardia Civil.<\/p>\n<p><script async src=\"\/\/www.tiktok.com\/embed.js\"><\/script><\/p>\n","protected":false},"excerpt":{"rendered":"El actor vasco Asier Etxeand\u00eda, reconocido por sus papeles en Dolor y gloria o la serie de televisi\u00f3n&hellip;\n","protected":false},"author":2,"featured_media":292236,"comment_status":"","ping_status":"","sticky":false,"template":"","format":"standard","meta":{"footnotes":""},"categories":[174],"tags":[24034,14137,255,7164,146,147,25,24,69985,256,16882,23],"class_list":{"0":"post-292235","1":"post","2":"type-post","3":"status-publish","4":"format-standard","5":"has-post-thumbnail","7":"category-famosos","8":"tag-asier","9":"tag-autentica","10":"tag-celebrities","11":"tag-da","12":"tag-entertainment","13":"tag-entretenimiento","14":"tag-es","15":"tag-espana","16":"tag-etxeandia","17":"tag-famosos","18":"tag-leccion","19":"tag-spain"},"share_on_mastodon":{"url":"https:\/\/pubeurope.com\/@es\/115733079184155272","error":""},"_links":{"self":[{"href":"https:\/\/www.europesays.com\/es\/wp-json\/wp\/v2\/posts\/292235","targetHints":{"allow":["GET"]}}],"collection":[{"href":"https:\/\/www.europesays.com\/es\/wp-json\/wp\/v2\/posts"}],"about":[{"href":"https:\/\/www.europesays.com\/es\/wp-json\/wp\/v2\/types\/post"}],"author":[{"embeddable":true,"href":"https:\/\/www.europesays.com\/es\/wp-json\/wp\/v2\/users\/2"}],"replies":[{"embeddable":true,"href":"https:\/\/www.europesays.com\/es\/wp-json\/wp\/v2\/comments?post=292235"}],"version-history":[{"count":0,"href":"https:\/\/www.europesays.com\/es\/wp-json\/wp\/v2\/posts\/292235\/revisions"}],"wp:featuredmedia":[{"embeddable":true,"href":"https:\/\/www.europesays.com\/es\/wp-json\/wp\/v2\/media\/292236"}],"wp:attachment":[{"href":"https:\/\/www.europesays.com\/es\/wp-json\/wp\/v2\/media?parent=292235"}],"wp:term":[{"taxonomy":"category","embeddable":true,"href":"https:\/\/www.europesays.com\/es\/wp-json\/wp\/v2\/categories?post=292235"},{"taxonomy":"post_tag","embeddable":true,"href":"https:\/\/www.europesays.com\/es\/wp-json\/wp\/v2\/tags?post=292235"}],"curies":[{"name":"wp","href":"https:\/\/api.w.org\/{rel}","templated":true}]}}