{"id":292258,"date":"2025-12-17T05:18:07","date_gmt":"2025-12-17T05:18:07","guid":{"rendered":"https:\/\/www.europesays.com\/es\/292258\/"},"modified":"2025-12-17T05:18:07","modified_gmt":"2025-12-17T05:18:07","slug":"cronica-sporting-0-2-valencia-las-areas-matan-al-ultimo-superviviente-asturiano-en-copa-la-voz-de-asturias","status":"publish","type":"post","link":"https:\/\/www.europesays.com\/es\/292258\/","title":{"rendered":"Cr\u00f3nica Sporting 0-2 Valencia: Las \u00e1reas matan al \u00faltimo superviviente asturiano en Copa &#8211; La Voz de Asturias"},"content":{"rendered":"<ol>\n<li><a href=\"https:\/\/news.google.com\/rss\/articles\/CBMi_AFBVV95cUxNYnhfNG56YmFTYWtaQThSWjlGN0lEcGRHOXBJVXN2c1NaVV8tTTVRRE5xbXlOMHZ4emJaR1FoZ0pWV1pKd1VKQlRLMU51dHVERWJYUjBOd3FGWTgxalZoSnNwNGFNajJvaE9oRURqWktQb1ozN2E5RDJfVXpTSHlFbnVTLXMyTlhNa0c1dDZDZV9rOTdLNS1QV3laSTY5Y1NENmFXQlhrOFNfZXo0VU9rTHRrQVJ6elBMcjlCazEwN3Vla2xDZjZLS2lRN0Q3cTVRT2F2ZWFENHhWWVJwTFhUZjc3aF9wN1dlYXpOYkd4ZVV1dTFIVy1oVzBmeXLSAZgCQVVfeXFMT2F4cHVCU01tcFFJeHpEbTV2U0dNa2VyRzgwWGFjeFZjNHkxRk9oM2h1RHJ1VG5iNzc0a2FRQ1R3cmVYa0NNTU5lTXBJb2t0MzFJR01YOWhfbFVFRmlnM1hRQXhXcW9sV1YzWGtGc09Gc0NQR1h0bTRvUVVhcjJrWk9OcHJVb3FFNk5oOUxVMjdNNnk0aTkxZ04xcEN0VXhoYWo1c2NxV2UyZ1VvcGFSdWtoWXJ2d3RoY0ZubVBPekw3VjRZenpEUWJFdmdjeXdnTDA1akkxY2RQdy11TFFhS2lHcG1mX0gwQzMtQ0diS3E0RnM5ci00NURjRVlQaXQyVlg0ODYySm90S1NXT0tZcUJuTHZRT2hqbA?oc=5\" target=\"_blank\" rel=\"nofollow noopener\">Cr\u00f3nica Sporting 0-2 Valencia: Las \u00e1reas matan al \u00faltimo superviviente asturiano en Copa<\/a>&nbsp;&nbsp;La Voz de Asturias<\/li>\n<li><a href=\"https:\/\/news.google.com\/rss\/articles\/CBMiuAFBVV95cUxPNVBGMnFxMjVwZGdWVG9OV0dpSnk2dFFjRTM4R0hPUC1ocy1qNnpRSjZxdnhuNlBtY3B0QUY0dmowMS11bW5KMjJ0SjZxN0FFU2llekZZOTZ5ekFqUkhhQU1zMDg4MnJGNDY2RFhObnJJQldqM0JKSGlhSGoxakppMWNyLWdQM2pnRWpwVmQ3UGk2QWg5RTJ4N3czX0Z3anpleWx5dkRhZE9yZzE3elVzQVNsSGR0OXBn0gHMAUFVX3lxTE43cmU0XzNmaDlWOWZ3bW1KUG5MTEVfcjB3NmpxSFE4aDB1MnBhSE95RjcyeEQ2WnVRcFAzQUhmZTFuNVZwcG9MS0VLWFd1MFJjdGlSUkN3WXZRbE1xRkFaLXYyMlF5bGhLX21lVkFMNXNCbm5vaDZnYkJPdmtiaFJJRkJCM1hiVEVMaDZDQnNzTDRFbktBX2RPYmdGLVZHMjgwc3BoRGJtUG8zLVpSWkdxNUw5MjFBWDhOb1FPYkJlY0dCbHlRYTBpaDZXbQ?oc=5\" target=\"_blank\" rel=\"nofollow noopener\">Sporting 0 &#8211; 2 Valencia: resumen, goles y resultado de la Copa del Rey<\/a>&nbsp;&nbsp;Diario AS<\/li>\n<li><a href=\"https:\/\/news.google.com\/rss\/articles\/CBMiiAFBVV95cUxNWFBpQ3MzV2Fvc25ieGFFeElhT0FBZjlvMTNDSENuMGlyUnVtb0FweHgybDdyTmVKZ29zSUpseGM3ektDay1JQ1pqRWRzME9uWmQtcFI5cVlGczhZb0piZHF3YUlSbU1PSS1TM3BSQlRLNURJRkl1YUZGWUc5R19wODk3RDhSblNJ?oc=5\" target=\"_blank\" rel=\"nofollow noopener\">El Sporting, eliminado en la Copa<\/a>&nbsp;&nbsp;Real Sporting<\/li>\n<li><a href=\"https:\/\/news.google.com\/rss\/articles\/CBMiowFBVV95cUxNN1IwVHBVWEN1M09SN0FLbVF2SnMxUFVYRUJkUlUzNlV1TWN0NWEzamd0ZVFyZVY2enEzdVdCbnlMUlBGOFRhU3dJS2xabU5UXzZlUWNVLUxETTRnaUFOTkN2UWRGUzFDQmxvSTVZWUdkZVJMQWU0OE52cWlUZUk5Tk5yaDVLNHAwSzlQUnVFaS1vV0Y4RlpKN29ycndkTHNFVEdn0gGjAUFVX3lxTE9aaVRtMnVldVRFY1ZicTViZ295YXlHZ3pkbWJEN1UxcDItd2pYV0lYaVEyMWFrYjFKOUVybGl3NW9jMHhaSG1YYmpjeEJ1NVRMekVHRURqZXo4VDBIZFprSlpWbHZ1MWFvV2dURTlPMVpqeE0weTNCcTRKU0ZhSHNZOE5NU2VtemYzOWMxZ001UHJtYS01c2VueVBHLWR2WnowZjA?oc=5\" target=\"_blank\" rel=\"nofollow noopener\">El Valencia desarma al Sporting con dos latigazos<\/a>&nbsp;&nbsp;MARCA<\/li>\n<li><a href=\"https:\/\/news.google.com\/rss\/articles\/CBMilAFBVV95cUxPQ0dJbnRqdHdXT2VpLVN4TDliQ2JiRExnQkNmS3hYZE0tOThLQzJwTHFxM3lWZS1UbHFxdEtMbGJLNE5EbjFjc2pXaEFUVHNfX1dZVDEwVGtDa0ZPczhnWG9wYmtHOUVaWFV4eEQzaFk1cHdMMnF1TTdGaHRLV3NSX0h0d2F4OFQ1UFhtazlMVXBVMzMz?oc=5\" target=\"_blank\" rel=\"nofollow noopener\">Sporting de Gij\u00f3n &#8211; Valencia: un partido de oportunidades<\/a>&nbsp;&nbsp;El Comercio<\/li>\n<\/ol>\n","protected":false},"excerpt":{"rendered":"Cr\u00f3nica Sporting 0-2 Valencia: Las \u00e1reas matan al \u00faltimo superviviente asturiano en Copa&nbsp;&nbsp;La Voz de Asturias Sporting 0&hellip;\n","protected":false},"author":2,"featured_media":286036,"comment_status":"","ping_status":"","sticky":false,"template":"","format":"standard","meta":{"footnotes":""},"categories":[268],"tags":[168,25,24,280,282,281,23,167],"class_list":{"0":"post-292258","1":"post","2":"type-post","3":"status-publish","4":"format-standard","5":"has-post-thumbnail","7":"category-futbol","8":"tag-deportes","9":"tag-es","10":"tag-espana","11":"tag-football","12":"tag-futbol","13":"tag-soccer","14":"tag-spain","15":"tag-sports"},"share_on_mastodon":{"url":"https:\/\/pubeurope.com\/@es\/115733220895900003","error":""},"_links":{"self":[{"href":"https:\/\/www.europesays.com\/es\/wp-json\/wp\/v2\/posts\/292258","targetHints":{"allow":["GET"]}}],"collection":[{"href":"https:\/\/www.europesays.com\/es\/wp-json\/wp\/v2\/posts"}],"about":[{"href":"https:\/\/www.europesays.com\/es\/wp-json\/wp\/v2\/types\/post"}],"author":[{"embeddable":true,"href":"https:\/\/www.europesays.com\/es\/wp-json\/wp\/v2\/users\/2"}],"replies":[{"embeddable":true,"href":"https:\/\/www.europesays.com\/es\/wp-json\/wp\/v2\/comments?post=292258"}],"version-history":[{"count":0,"href":"https:\/\/www.europesays.com\/es\/wp-json\/wp\/v2\/posts\/292258\/revisions"}],"wp:featuredmedia":[{"embeddable":true,"href":"https:\/\/www.europesays.com\/es\/wp-json\/wp\/v2\/media\/286036"}],"wp:attachment":[{"href":"https:\/\/www.europesays.com\/es\/wp-json\/wp\/v2\/media?parent=292258"}],"wp:term":[{"taxonomy":"category","embeddable":true,"href":"https:\/\/www.europesays.com\/es\/wp-json\/wp\/v2\/categories?post=292258"},{"taxonomy":"post_tag","embeddable":true,"href":"https:\/\/www.europesays.com\/es\/wp-json\/wp\/v2\/tags?post=292258"}],"curies":[{"name":"wp","href":"https:\/\/api.w.org\/{rel}","templated":true}]}}