{"id":292259,"date":"2025-12-17T05:19:09","date_gmt":"2025-12-17T05:19:09","guid":{"rendered":"https:\/\/www.europesays.com\/es\/292259\/"},"modified":"2025-12-17T05:19:09","modified_gmt":"2025-12-17T05:19:09","slug":"cristiano-ronaldo-llega-a-fast-furious-en-un-papel-que-nadie-esperaba","status":"publish","type":"post","link":"https:\/\/www.europesays.com\/es\/292259\/","title":{"rendered":"Cristiano Ronaldo llega a &#8216;Fast &#038; Furious&#8217; en un papel que nadie esperaba"},"content":{"rendered":"<p data-gtm-element-container=\"modulo-texto-link\" class=\"paragraph\">La emoci\u00f3n se ha disparado entre los seguidores de <strong>&#8216;Fast &amp; Furious&#8217;.<\/strong> <strong>Vin Diesel <\/strong>comparti\u00f3 recientemente una imagen junto a <strong>Cristiano Ronaldo<\/strong> acompa\u00f1ada de un mensaje que ha generado todo tipo de especulaciones: \u00abTodo el mundo se pregunta si \u00e9l va a estar en la saga. Pues tengo que deciros que es algo aut\u00e9ntico y real. <strong>Tenemos un papel para \u00e9l<\/strong>\u00ab.<\/p>\n<blockquote class=\"instagram-media\" data-instgrm-captioned=\"\" data-instgrm-version=\"6\" style=\"background: #FFF; border: 0; border-radius: 3px; box-shadow: 0 0 1px 0 rgba(0,&#10;0, 0, 0.5), 0 1px 10px 0 rgba(0, 0, 0, 0.15); margin: 1px; max-width: 658px; padding: 0;&#10;width: 99.375%; width: -webkit-calc(100% - 2px); width: calc(100% - 2px);\">\n<\/blockquote>\n<p data-gtm-element-container=\"modulo-texto-link\" class=\"paragraph\">Con 40 a\u00f1os, Cristiano Ronaldo <strong>se prepara para dar un salto al cine<\/strong>. Aunque a\u00fan no se conocen detalles de su papel, los aficionados esperan verlo al volante de un coche, dada su conocida pasi\u00f3n por los veh\u00edculos. Entre su impresionante colecci\u00f3n destacan un <strong>Bentley Flying Spur y un Ferrari Daytona SP3<\/strong>, coches que reflejan su estilo de vida exclusivo.<\/p>\n<p>                <img loading=\"lazy\" decoding=\"async\" data-full-src=\"https:\/\/www.mundodeportivo.com\/uploads\/2024\/09\/22\/66f0372677234.jpeg\" alt=\"vin diesel the rock\" width=\"449\" height=\"253\" src=\"https:\/\/www.europesays.com\/es\/wp-content\/uploads\/2025\/12\/66f0372677234.jpeg\" class=\"lazy\"\/><\/p>\n<p class=\"caption-title \">vin diesel the rock<\/p>\n<p>                    vin diesel the rock<\/p>\n<p data-gtm-element-container=\"modulo-texto-link\" class=\"paragraph\">Se prev\u00e9 que la pr\u00f3xima entrega de &#8216;<strong>Fast &amp; Furious&#8217; llegue a los cines en 2027 y podr\u00eda ser la \u00faltima de la saga<\/strong>. Cristiano confes\u00f3 hace a\u00f1os que uno de sus sue\u00f1os pendientes era actuar: \u00abEn el momento que mi cuerpo ya no responda adecuadamente en el campo, me ir\u00e9 (\u2026.) Y una cosa que <strong>me fascinar\u00eda es actuar en un filme<\/strong>\u00ab, dejando claro su inter\u00e9s por el cine.<\/p>\n<p data-gtm-element-container=\"modulo-texto-link\" class=\"paragraph\">Recientemente, Ronaldo lanz\u00f3 su productora<strong> URMARV<\/strong> junto al director Matthew Vaughn, responsable de &#8216;X-Men: primera generaci\u00f3n&#8217; y esposo de Claudia Schiffer. Sobre esta nueva etapa, Cristiano afirm\u00f3: \u00ab<strong>Este es un cap\u00edtulo emocionante para m\u00ed, mientras me adentro en nuevas aventuras<\/strong>\u00ab, mostrando sus ganas por explorar el mundo del entretenimiento y combinar su imagen deportiva con proyectos cinematogr\u00e1ficos de gran alcance.<\/p>\n<p>                <img loading=\"lazy\" decoding=\"async\" data-full-src=\"https:\/\/www.mundodeportivo.com\/uploads\/2025\/11\/18\/691ccc6022071.jpeg\" alt=\"Portugal's Cristiano Ronaldo speaks during a press conference in Dublin, Ireland, Wednesday Nov. 12, 2025, ahead of Thursday's World Cup qualifying soccer match against Ireland. (Brian Lawless\/PA via AP)\" width=\"449\" height=\"299\" src=\"https:\/\/www.europesays.com\/es\/wp-content\/uploads\/2025\/12\/691ccc6022071.r_d.1750-1167.jpeg\" class=\"lazy\"\/><\/p>\n<p class=\"caption-title \">Cristiano Ronaldo<\/p>\n<p>                    Brian Lawless<\/p>\n<p>    Lee tambi\u00e9n<\/p>\n<p data-gtm-element-container=\"modulo-texto-link\" class=\"paragraph\">Vaughn tambi\u00e9n mostr\u00f3 su admiraci\u00f3n por Ronaldo: <strong>\u00abCristiano ha creado historias sobre el c\u00e9sped<\/strong> que yo nunca podr\u00eda haber escrito, y espero hacer cosas inspiradoras con \u00e9l. <strong>Es un superh\u00e9roe de la vida real\u00bb<\/strong>, palabras que destacan no solo la fama del futbolista, sino tambi\u00e9n su potencial como protagonista en la gran pantalla y su capacidad de inspirar fuera del deporte.<\/p>\n","protected":false},"excerpt":{"rendered":"La emoci\u00f3n se ha disparado entre los seguidores de &#8216;Fast &amp; Furious&#8217;. Vin Diesel comparti\u00f3 recientemente una imagen&hellip;\n","protected":false},"author":2,"featured_media":292260,"comment_status":"","ping_status":"","sticky":false,"template":"","format":"standard","meta":{"footnotes":""},"categories":[174],"tags":[255,146,147,25,24,256,23],"class_list":{"0":"post-292259","1":"post","2":"type-post","3":"status-publish","4":"format-standard","5":"has-post-thumbnail","7":"category-famosos","8":"tag-celebrities","9":"tag-entertainment","10":"tag-entretenimiento","11":"tag-es","12":"tag-espana","13":"tag-famosos","14":"tag-spain"},"share_on_mastodon":{"url":"https:\/\/pubeurope.com\/@es\/115733225118896307","error":""},"_links":{"self":[{"href":"https:\/\/www.europesays.com\/es\/wp-json\/wp\/v2\/posts\/292259","targetHints":{"allow":["GET"]}}],"collection":[{"href":"https:\/\/www.europesays.com\/es\/wp-json\/wp\/v2\/posts"}],"about":[{"href":"https:\/\/www.europesays.com\/es\/wp-json\/wp\/v2\/types\/post"}],"author":[{"embeddable":true,"href":"https:\/\/www.europesays.com\/es\/wp-json\/wp\/v2\/users\/2"}],"replies":[{"embeddable":true,"href":"https:\/\/www.europesays.com\/es\/wp-json\/wp\/v2\/comments?post=292259"}],"version-history":[{"count":0,"href":"https:\/\/www.europesays.com\/es\/wp-json\/wp\/v2\/posts\/292259\/revisions"}],"wp:featuredmedia":[{"embeddable":true,"href":"https:\/\/www.europesays.com\/es\/wp-json\/wp\/v2\/media\/292260"}],"wp:attachment":[{"href":"https:\/\/www.europesays.com\/es\/wp-json\/wp\/v2\/media?parent=292259"}],"wp:term":[{"taxonomy":"category","embeddable":true,"href":"https:\/\/www.europesays.com\/es\/wp-json\/wp\/v2\/categories?post=292259"},{"taxonomy":"post_tag","embeddable":true,"href":"https:\/\/www.europesays.com\/es\/wp-json\/wp\/v2\/tags?post=292259"}],"curies":[{"name":"wp","href":"https:\/\/api.w.org\/{rel}","templated":true}]}}