{"id":292261,"date":"2025-12-17T05:27:18","date_gmt":"2025-12-17T05:27:18","guid":{"rendered":"https:\/\/www.europesays.com\/es\/292261\/"},"modified":"2025-12-17T05:27:18","modified_gmt":"2025-12-17T05:27:18","slug":"una-soltera-se-queda-muerta-con-el-recibimiento-de-su-cita-de-first-datespero-esto-que-es","status":"publish","type":"post","link":"https:\/\/www.europesays.com\/es\/292261\/","title":{"rendered":"Una soltera se queda &#8216;muerta&#8217; con el recibimiento de su cita de &#8216;First Dates&#8217;:\u00ab\u00bfPero esto qu\u00e9 es?\u00bb"},"content":{"rendered":"<p style=\"\"><strong>Jes\u00fas<\/strong> (61) cree que \u00absi pasa la vida y no te has enamorado, es como si no hubieras vivido\u00bb. El problema es que las mujeres escasean en el pueblo de apenas 40 habitantes donde reside. El agricultor, natural de Cama\u00f1as (Teruel), lleva media vida  &#8230; sin pareja salvo por una novieta de juventud. Por ese motivo, <a href=\"https:\/\/www.abc.es\/play\/television\/noticias\/pinta-pp-soltero-sabe-meterse-cita-cuela-20251215214356-nt.html\" target=\"_self\" data-voc-vtm-id=\"in-text-traffic\" title=\"lleg\u00f3 a &#039;First Dates&#039;\" data-mrf-link=\"www.abc.es\" rel=\"nofollow noopener\">lleg\u00f3 a &#8216;First Dates&#8217;<\/a> este martes 16 de diciembre decidido a encontrar a su mujer ideal. \u00abUna chica sencilla, y sobre todo, &#8216;de ley&#8217;\u00bb, como canta <strong>Rosario Flores<\/strong>. <\/p>\n<p class=\"voc-p\" style=\"\"><strong>Carlos Sobera<\/strong> le present\u00f3 a <strong>Maite<\/strong> (60), una mujer \u00abun poco loquita\u00bb que buscaba en <a href=\"https:\/\/www.abc.es\/play\/television\/noticias\/desavenencias-dos-solteros-obligan-equipo-first-dates-20251212212204-nt.html\" target=\"_self\" data-voc-vtm-id=\"in-text-traffic\" title=\"el restaurante de Cuatro\" data-mrf-link=\"www.abc.es\" rel=\"nofollow noopener\">el restaurante de Cuatro<\/a> a un hombre que complementara su locura con un poco de cordura.<\/p>\n<p class=\"voc-p\" style=\"\">El soltero la esperaba con una bonita rosa blanca. Un detalle que <strong>Maite<\/strong> no se esperaba en absoluto y con el que <strong>Jes\u00fas<\/strong> hizo much\u00edsimos puntos. \u00abMe he quedado muerta, pero muerta. Digo &#8216;\u00bfpero esto que es?\u00bb, contaba con entusiasmo en los totales la empleada de hogar de Terrasa (Barcelona). Tanto le encant\u00f3 el regalo, que aunque no le gustara el campo estaba dispuesta a convertirse en la cuadrag\u00e9sima primera habitante de Cama\u00f1as.<\/p>\n<p>\nJes\u00fas y Maite no congenian m\u00e1s all\u00e1 de la amistad\n<\/p>\n<p class=\"voc-p\" style=\"\">El que no parec\u00eda muy por la labor era <strong>Jes\u00fas<\/strong>, pues f\u00edsicamente <strong>Maite<\/strong> no le entr\u00f3 por los ojos. \u00abFea fea no\u2026 Pero guapa guapa, tampoco\u00bb, coment\u00f3 en privado. <\/p>\n<p class=\"voc-p\" style=\"\">Precisamente, el turolense confes\u00f3 a su cita que le doler\u00eda mucho abandonar el pueblo en el que naci\u00f3 y se ha criado. Sin embargo, ante el equipo de <strong>&#8216;First Dates&#8217;<\/strong> no descart\u00f3 mudarse si se se diera el caso de que se enamorara locamente. Por su parte, la catalana le habl\u00f3 a <strong>Jes\u00fas<\/strong> de sus hobbies, bailar y la playa, dos aficiones dif\u00edciles de practicar en el pueblo de su pretendiente. De hecho, el agricultor no pisa la playa desde que hizo la mili en Castell\u00f3n, \u00abaunque tampoco salgo mucho\u00bb, apunt\u00f3.<\/p>\n<p><img decoding=\"async\" loading=\"lazy\" src=\"https:\/\/www.europesays.com\/es\/wp-content\/uploads\/2025\/12\/dates-U36138336858MZP-760x427@diario_abc.jpeg\" class=\"voc-img\" width=\"760\" height=\"427\" alt=\"Jes\u00fas recibiendo a Maite con una rosa blanca\" data-voc-vtm-id=\"in-text-traffic\"\/><\/p>\n<p>Jes\u00fas recibiendo a Maite con una rosa blanca<\/p>\n<p>Cuatro<\/p>\n<p class=\"voc-p\" style=\"\">El encantamiento de reconocer en <strong>Jes\u00fas<\/strong> a un hombre detallista como le encantan a ella se rompi\u00f3. Y es que <strong>Maite<\/strong> reconoci\u00f3 que \u00aba mi \u00e9l no me ha gustado\u00bb. Tampoco Jes\u00fas sinti\u00f3 que hubiera feeling entre ellos. Seg\u00fan \u00e9l, \u00abno la veo muy atractiva\u00bb. <\/p>\n<p class=\"voc-p\" style=\"\">Eso s\u00ed, se cayeron muy bien, tal y como los dos destacaron en la decisi\u00f3n final. As\u00ed las cosas, por m\u00e1s que la rosa que le regal\u00f3 Jes\u00fas le hubiera gustado tanto a<strong> Pilar<\/strong> que no quiso separarse de ella, la pareja solo congeni\u00f3 en el plano de la amistad. <\/p>\n","protected":false},"excerpt":{"rendered":"Jes\u00fas (61) cree que \u00absi pasa la vida y no te has enamorado, es como si no hubieras&hellip;\n","protected":false},"author":2,"featured_media":292262,"comment_status":"","ping_status":"","sticky":false,"template":"","format":"standard","meta":{"footnotes":""},"categories":[171],"tags":[7716,69987,146,147,25,24,2720,13470,3041,32736,7714,23,214],"class_list":{"0":"post-292261","1":"post","2":"type-post","3":"status-publish","4":"format-standard","5":"has-post-thumbnail","7":"category-tv","8":"tag-cita","9":"tag-datespero","10":"tag-entertainment","11":"tag-entretenimiento","12":"tag-es","13":"tag-espana","14":"tag-first","15":"tag-muerta","16":"tag-queda","17":"tag-recibimiento","18":"tag-soltera","19":"tag-spain","20":"tag-tv"},"share_on_mastodon":{"url":"https:\/\/pubeurope.com\/@es\/115733256544420157","error":""},"_links":{"self":[{"href":"https:\/\/www.europesays.com\/es\/wp-json\/wp\/v2\/posts\/292261","targetHints":{"allow":["GET"]}}],"collection":[{"href":"https:\/\/www.europesays.com\/es\/wp-json\/wp\/v2\/posts"}],"about":[{"href":"https:\/\/www.europesays.com\/es\/wp-json\/wp\/v2\/types\/post"}],"author":[{"embeddable":true,"href":"https:\/\/www.europesays.com\/es\/wp-json\/wp\/v2\/users\/2"}],"replies":[{"embeddable":true,"href":"https:\/\/www.europesays.com\/es\/wp-json\/wp\/v2\/comments?post=292261"}],"version-history":[{"count":0,"href":"https:\/\/www.europesays.com\/es\/wp-json\/wp\/v2\/posts\/292261\/revisions"}],"wp:featuredmedia":[{"embeddable":true,"href":"https:\/\/www.europesays.com\/es\/wp-json\/wp\/v2\/media\/292262"}],"wp:attachment":[{"href":"https:\/\/www.europesays.com\/es\/wp-json\/wp\/v2\/media?parent=292261"}],"wp:term":[{"taxonomy":"category","embeddable":true,"href":"https:\/\/www.europesays.com\/es\/wp-json\/wp\/v2\/categories?post=292261"},{"taxonomy":"post_tag","embeddable":true,"href":"https:\/\/www.europesays.com\/es\/wp-json\/wp\/v2\/tags?post=292261"}],"curies":[{"name":"wp","href":"https:\/\/api.w.org\/{rel}","templated":true}]}}