{"id":292275,"date":"2025-12-17T05:35:09","date_gmt":"2025-12-17T05:35:09","guid":{"rendered":"https:\/\/www.europesays.com\/es\/292275\/"},"modified":"2025-12-17T05:35:09","modified_gmt":"2025-12-17T05:35:09","slug":"la-violencia-cotidiana-en-ciudad-universitaria-casi-400-delitos-en-un-ano-dentro-del-mayor-campus-del-pais","status":"publish","type":"post","link":"https:\/\/www.europesays.com\/es\/292275\/","title":{"rendered":"La violencia cotidiana en Ciudad Universitaria: casi 400 delitos en un a\u00f1o dentro del mayor campus del pa\u00eds"},"content":{"rendered":"<p class=\"\">Asaltos, robos, venta de drogas, abuso y acoso sexual. Son parte de los 392 delitos registrados durante 2024 en <a href=\"https:\/\/elpais.com\/mexico\/2025-10-02\/el-ataque-en-cch-sur-destapa-una-crisis-de-seguridad-en-la-unam.html\" target=\"_self\" rel=\"nofollow noopener\" title=\"https:\/\/elpais.com\/mexico\/2025-10-02\/el-ataque-en-cch-sur-destapa-una-crisis-de-seguridad-en-la-unam.html\">Ciudad Universitaria, la sede principal de la Universidad Nacional Aut\u00f3noma de M\u00e9xico (UNAM)<\/a>, un espacio que combina parques, espacios abiertos, facultades, museos, estadios, institutos de investigaci\u00f3n y una comunidad de m\u00e1s de 300.000 estudiantes. La pol\u00edtica de puertas abiertas, uno de los pilares hist\u00f3ricos de la instituci\u00f3n, convive con problemas viejos que se hacen cada vez m\u00e1s visibles.<\/p>\n<p class=\"\">Solo hace falta una breve caminata para notarlo. Frente a la Facultad de Filosof\u00eda y Letras, en el coraz\u00f3n de Ciudad Universitaria, <a href=\"https:\/\/elpais.com\/internacional\/2018\/03\/03\/mexico\/1520053216_078503.html\" target=\"_self\" rel=\"nofollow noopener\" title=\"https:\/\/elpais.com\/internacional\/2018\/03\/03\/mexico\/1520053216_078503.html\">la venta de droga ocurre a plena luz del d\u00eda<\/a>, entre puestos de comida y las explanadas donde conviven miles de j\u00f3venes. Las paredes de la escuela est\u00e1n cubiertas de denuncias de acoso y violencia sexual. Hay papeles pegados con denuncias an\u00f3nimas, pintas y carteles colocados por colectivos feministas que han documentado agresiones dentro de las instalaciones. Los ba\u00f1os son, desde hace a\u00f1os, uno de los puntos rojos del campus. Tras m\u00faltiples protestas, las alumnas consiguieron que se instalaran botones de emergencia. La medida es insuficiente para muchas. Estefany, estudiante de Contadur\u00eda de 19 a\u00f1os, fue v\u00edctima de tocamientos dentro de un sal\u00f3n vac\u00edo, hace ocho meses. \u201cCuando eres v\u00edctima dentro de tu escuela, ya no te sientes segura en ning\u00fan lado\u201d, lamenta.<\/p>\n<p class=\"\">La UNAM, con m\u00e1s de un siglo de historia y la mayor universidad de Am\u00e9rica Latina, <a href=\"https:\/\/elpais.com\/sociedad\/2020\/02\/15\/actualidad\/1581775115_830122.html\" target=\"_self\" rel=\"nofollow noopener\" title=\"https:\/\/elpais.com\/sociedad\/2020\/02\/15\/actualidad\/1581775115_830122.html\">aprob\u00f3 hace apenas cinco a\u00f1os una reforma a su estatuto para incorporar la violencia de g\u00e9nero<\/a> como una infracci\u00f3n grave. Pero en facultades como Ciencias Pol\u00edticas, las alumnas aseguran que la norma rara vez se traduce en expulsiones. \u201cLos agresores pueden seguir en clase contigo. Siguen en los pasillos y en las clases como si nada, en muchos casos solo los cambian de grupo\u201d, denuncia una estudiante que forma parte de un colectivo feminista dentro de la facultad.<\/p>\n<p class=\"\">La percepci\u00f3n de inseguridad atraviesa la vida universitaria. \u201c<a href=\"https:\/\/elpais.com\/mexico\/2025-05-19\/entre-puestos-callejeros-comedores-y-tuppers-asi-comen-los-universitarios-de-la-unam.html\" target=\"_self\" rel=\"nofollow noopener\" title=\"https:\/\/elpais.com\/mexico\/2025-05-19\/entre-puestos-callejeros-comedores-y-tuppers-asi-comen-los-universitarios-de-la-unam.html\">Vamos siempre en grupo al metro<\/a>, o a donde sea, porque sabemos que hay asaltos y otras cosas. Nunca sabes qu\u00e9 te puedes encontrar\u201d, explica Tania Antonio, alumna de Arquitectura. Casi la mitad de los delitos registrados en 2024 son robos. Las zonas m\u00e1s concurridas por la comunidad son espacios como Las Islas o los caminos hacia las estaciones del metro de Universidad y Copilco, que de noche quedan pr\u00e1cticamente desiertas.<\/p>\n<p><img decoding=\"auto\" class=\"_re lazyload a_m-h\" height=\"277\"  width=\"414\"  src=\"https:\/\/www.europesays.com\/es\/wp-content\/uploads\/2025\/12\/ME6K4URIXFG4TBTYZ7TRWCO3F4.jpg\" loading=\"lazy\"\/>Vista a\u00e9rea de las islas de Ciudad Universitaria.Emiliano Molina<\/p>\n<p class=\"\">A esto se suma la desconfianza hacia los cuerpos de seguridad del propio campus, los llamados vigilantes o seguridad UNAM. \u201cEst\u00e1n coludidos y todos lo sabemos. No est\u00e1n aqu\u00ed para protegernos ni mucho menos\u201d, afirma otra estudiante de Arquitectura. Las acusaciones no son nuevas, pero se han intensificado tras casos recientes que han involucrado directamente a funcionarios de seguridad.<\/p>\n<p>Los casos que marcaron a la UNAM<\/p>\n<p class=\"\">A principios de noviembre, Rodrigo Mondrag\u00f3n, un aficionado del Cruz Azul, muri\u00f3 tras ser golpeado en el estacionamiento del Estadio Ol\u00edmpico Universitario, presuntamente a manos de trabajadores de la seguridad de la UNAM. El caso destap\u00f3 la existencia de un grupo de choque \u2014conocidos como porros\u2014, al interior de Protecci\u00f3n Civil de esta casa de estudios, que han hecho de la extorsi\u00f3n y sus actos violentos un sello distintivo en CU, de acuerdo con denuncias obtenidas por EL PA\u00cdS. No es el \u00fanico episodio grave que ha tocado al campus. En 2017, <a href=\"https:\/\/elpais.com\/sociedad\/2019\/10\/11\/actualidad\/1570758013_435152.html\" target=\"_self\" rel=\"nofollow noopener\" title=\"https:\/\/elpais.com\/sociedad\/2019\/10\/11\/actualidad\/1570758013_435152.html\">el feminicidio de Lesvy Berl\u00edn Osorio sacudi\u00f3 a la universidad<\/a>, cuando su cuerpo fue hallado en una caseta telef\u00f3nica dentro de CU.<\/p>\n<p class=\"\">En casos m\u00e1s recientes, el pasado septiembre, <a href=\"https:\/\/elpais.com\/mexico\/2025-09-24\/el-joven-encapuchado-que-llevo-la-violencia-de-los-foros-incels-al-cch-sur-de-ciudad-de-mexico.html\" target=\"_self\" rel=\"nofollow noopener\" title=\"https:\/\/elpais.com\/mexico\/2025-09-24\/el-joven-encapuchado-que-llevo-la-violencia-de-los-foros-incels-al-cch-sur-de-ciudad-de-mexico.html\">Lex Ashton asesin\u00f3 a un compa\u00f1ero e hiri\u00f3 a un trabajador en el Colegio de Ciencias y Humanidades (CCH) Sur<\/a>, un plantel conectado a CU por el jard\u00edn bot\u00e1nico. El ataque ocasion\u00f3 protestas estudiantiles y a m\u00e1s de dos meses, algunos planteles contin\u00faan en paro o clases en l\u00ednea, mientras esperan que se cumpla una serie de exigencias como torniquetes en las entradas, c\u00e1maras de seguridad, iluminaci\u00f3n y un protocolo claro para emergencias. En ese mismo plantel, una alumna denunci\u00f3 este a\u00f1o un intento de violaci\u00f3n dentro de los ba\u00f1os, una investigaci\u00f3n que los alumnos han empujado para que avance.<\/p>\n<p class=\"\">La Universidad ha insistido en que trabaja para fortalecer la seguridad y la atenci\u00f3n de casos de violencia de g\u00e9nero. Cada facultad cuenta ahora con una unidad en la materia, y se han creado rutas de acompa\u00f1amiento y asesor\u00eda legal. Pero para los colectivos que dan seguimiento a estas denuncias, hay una capacidad limitada para responder al volumen de denuncias. <\/p>\n","protected":false},"excerpt":{"rendered":"Asaltos, robos, venta de drogas, abuso y acoso sexual. Son parte de los 392 delitos registrados durante 2024&hellip;\n","protected":false},"author":2,"featured_media":292276,"comment_status":"","ping_status":"","sticky":false,"template":"","format":"standard","meta":{"footnotes":""},"categories":[42],"tags":[889,17,18,27959,13,14,11,61,62,63,64,19,20,1804,1906,9,10,15,16,12,21,22,6844,2845,8144,432,5224,69988,65,66,67],"class_list":{"0":"post-292275","1":"post","2":"type-post","3":"status-publish","4":"format-standard","5":"has-post-thumbnail","7":"category-internacional","8":"tag-america","9":"tag-breaking-news","10":"tag-breakingnews","11":"tag-ciudad-de-mexico","12":"tag-featured-news","13":"tag-featurednews","14":"tag-headlines","15":"tag-internacional","16":"tag-international","17":"tag-international-news","18":"tag-internationalnews","19":"tag-latest-news","20":"tag-latestnews","21":"tag-latinoamerica","22":"tag-mexico","23":"tag-news","24":"tag-noticias","25":"tag-noticias-destacadas","26":"tag-noticiasdestacadas","27":"tag-titulares","28":"tag-ultimas-noticias","29":"tag-ultimasnoticias","30":"tag-unam","31":"tag-universidad","32":"tag-universidades-publicas","33":"tag-violencia","34":"tag-violencia-callejera","35":"tag-violencia-escolar","36":"tag-world","37":"tag-world-news","38":"tag-worldnews"},"share_on_mastodon":{"url":"","error":"Validation failed: Text character limit of 500 exceeded"},"_links":{"self":[{"href":"https:\/\/www.europesays.com\/es\/wp-json\/wp\/v2\/posts\/292275","targetHints":{"allow":["GET"]}}],"collection":[{"href":"https:\/\/www.europesays.com\/es\/wp-json\/wp\/v2\/posts"}],"about":[{"href":"https:\/\/www.europesays.com\/es\/wp-json\/wp\/v2\/types\/post"}],"author":[{"embeddable":true,"href":"https:\/\/www.europesays.com\/es\/wp-json\/wp\/v2\/users\/2"}],"replies":[{"embeddable":true,"href":"https:\/\/www.europesays.com\/es\/wp-json\/wp\/v2\/comments?post=292275"}],"version-history":[{"count":0,"href":"https:\/\/www.europesays.com\/es\/wp-json\/wp\/v2\/posts\/292275\/revisions"}],"wp:featuredmedia":[{"embeddable":true,"href":"https:\/\/www.europesays.com\/es\/wp-json\/wp\/v2\/media\/292276"}],"wp:attachment":[{"href":"https:\/\/www.europesays.com\/es\/wp-json\/wp\/v2\/media?parent=292275"}],"wp:term":[{"taxonomy":"category","embeddable":true,"href":"https:\/\/www.europesays.com\/es\/wp-json\/wp\/v2\/categories?post=292275"},{"taxonomy":"post_tag","embeddable":true,"href":"https:\/\/www.europesays.com\/es\/wp-json\/wp\/v2\/tags?post=292275"}],"curies":[{"name":"wp","href":"https:\/\/api.w.org\/{rel}","templated":true}]}}