{"id":292277,"date":"2025-12-17T05:36:11","date_gmt":"2025-12-17T05:36:11","guid":{"rendered":"https:\/\/www.europesays.com\/es\/292277\/"},"modified":"2025-12-17T05:36:11","modified_gmt":"2025-12-17T05:36:11","slug":"el-nuevo-olivar-de-la-partija-mas-arboles-y-mas-agua","status":"publish","type":"post","link":"https:\/\/www.europesays.com\/es\/292277\/","title":{"rendered":"El nuevo olivar de La Partija: m\u00e1s \u00e1rboles y m\u00e1s agua"},"content":{"rendered":"<p>El Ayuntamiento iniciar\u00e1 en breve las obras de renaturalizaci\u00f3n del olivar de La Partija, un proyecto destinado a impulsar y mejorar este enclave, coraz\u00f3n natural del barrio Oeste donde viven 1.211 olivos. Con esta actuaci\u00f3n, cuya inversi\u00f3n asciende a 1,2 millones de euros y se prev\u00e9 finalizar a lo largo de la primavera, se completa el conjunto de las obras previstas dentro del proyecto Renatura Rivas, orientado a ampliar la disponibilidad de los espacios verdes urbanos y reforzar su valor ecol\u00f3gico.<\/p>\n<p>La intervenci\u00f3n permitir\u00e1 activar este entorno como ecosistema que favorece la presencia de naturaleza silvestre, al tiempo que mejora su integraci\u00f3n con la ciudad. El proyecto prepara al olivar, testigo del pasado, como protagonista para el futuro, potenci\u00e1ndolo como un espacio diverso y resiliente, adem\u00e1s de habilitar zonas de encuentro y contacto directo con la naturaleza para la vecindad.<\/p>\n<p>El dise\u00f1o contempla la creaci\u00f3n de zonas con distintos niveles de acceso y la adecuaci\u00f3n de caminos que permitan recorrer el olivar respetando las \u00e1reas destinadas a la regeneraci\u00f3n natural. Para ello, se sustituir\u00e1n los antiguos trazados agr\u00edcolas por senderos m\u00e1s sinuosos, pensados tambi\u00e9n para mejorar la gesti\u00f3n y distribuci\u00f3n del agua de lluvia, y favorecer la regeneraci\u00f3n ecol\u00f3gica del suelo, base del sistema.<\/p>\n<p>Asimismo, se habilitar\u00e1n \u00e1reas acotadas donde conocer y aprender sobre los h\u00e1bitats, la flora y la fauna caracter\u00edsticas de Rivas, garantizando siempre el respeto a sus ciclos biol\u00f3gicos. La actuaci\u00f3n incluye un mejor aprovechamiento del agua de lluvia, la instalaci\u00f3n de cajas nido y la introducci\u00f3n de especies vegetales aut\u00f3ctonas que atraigan aves, polinizadores y otra fauna silvestre.<\/p>\n<p><strong>ARBOLADO<\/strong><br \/>Se plantar\u00e1n 896 unidades arb\u00f3reas, todas de peque\u00f1o porte en alv\u00e9olo forestal para su posterior crecimiento, menos 94 que ya van en formato de contenedor o cepell\u00f3n. Las especies m\u00e1s abundantes son la coscoja (160), el almendro silvestre (147) y el alce de Montpellier (143). En total, 13 especies arb\u00f3reas, m\u00e1s otras seis de arbolillos. La repoblaci\u00f3n se completa con 6.328 arbustos. El nuevo olivar dispondr\u00e1 de zonas espec\u00edficas de observaci\u00f3n de flora y fauna: por ejemplo, un observatorio de aves y dos torres mirador distribuidos estrat\u00e9gicamente.<\/p>\n<p>La superficie acu\u00e1tica, de car\u00e1cter estacional y cuyo abastecimiento se pretende incrementar con un mejor aprovechamiento del agua de lluvia, ampliar\u00e1 su tama\u00f1o, de 1.252 m2 a 1.904 m2. Y modificar\u00e1 su morfolog\u00eda para acoger m\u00e1s biodiversidad. En sus orillas se plantar\u00e1n vegetaci\u00f3n que servir\u00e1 de refugio y espacio de nidificaci\u00f3n.<\/p>\n<p>El conjunto se completa con una zona estancial con gradas (730 m2) como potencial espacio para eventos culturales, un \u00e1rea de juegos din\u00e1micos (trepa, cuerda y equilibrio) y p\u00e9rgolas. El conjunto servir\u00e1 como espacio de descanso y aula al aire libre.<\/p>\n<p><strong>PASO A PASO<\/strong><br \/>El Ayuntamiento invita a la ciudadan\u00eda a descubrir, paso a paso, los nuevos rincones que ofrecer\u00e1 este espacio, concebido como lugar vivo donde disfrutar del paseo, del respeto ambiental y del encuentro vecinal en plena naturaleza.<\/p>\n","protected":false},"excerpt":{"rendered":"El Ayuntamiento iniciar\u00e1 en breve las obras de renaturalizaci\u00f3n del olivar de La Partija, un proyecto destinado a&hellip;\n","protected":false},"author":2,"featured_media":292278,"comment_status":"","ping_status":"","sticky":false,"template":"","format":"standard","meta":{"footnotes":""},"categories":[8],"tags":[17,18,25,24,13,14,11,19,20,9,10,15,16,23,12,21,22],"class_list":{"0":"post-292277","1":"post","2":"type-post","3":"status-publish","4":"format-standard","5":"has-post-thumbnail","7":"category-espana","8":"tag-breaking-news","9":"tag-breakingnews","10":"tag-es","11":"tag-espana","12":"tag-featured-news","13":"tag-featurednews","14":"tag-headlines","15":"tag-latest-news","16":"tag-latestnews","17":"tag-news","18":"tag-noticias","19":"tag-noticias-destacadas","20":"tag-noticiasdestacadas","21":"tag-spain","22":"tag-titulares","23":"tag-ultimas-noticias","24":"tag-ultimasnoticias"},"share_on_mastodon":{"url":"https:\/\/pubeurope.com\/@es\/115733291527561843","error":""},"_links":{"self":[{"href":"https:\/\/www.europesays.com\/es\/wp-json\/wp\/v2\/posts\/292277","targetHints":{"allow":["GET"]}}],"collection":[{"href":"https:\/\/www.europesays.com\/es\/wp-json\/wp\/v2\/posts"}],"about":[{"href":"https:\/\/www.europesays.com\/es\/wp-json\/wp\/v2\/types\/post"}],"author":[{"embeddable":true,"href":"https:\/\/www.europesays.com\/es\/wp-json\/wp\/v2\/users\/2"}],"replies":[{"embeddable":true,"href":"https:\/\/www.europesays.com\/es\/wp-json\/wp\/v2\/comments?post=292277"}],"version-history":[{"count":0,"href":"https:\/\/www.europesays.com\/es\/wp-json\/wp\/v2\/posts\/292277\/revisions"}],"wp:featuredmedia":[{"embeddable":true,"href":"https:\/\/www.europesays.com\/es\/wp-json\/wp\/v2\/media\/292278"}],"wp:attachment":[{"href":"https:\/\/www.europesays.com\/es\/wp-json\/wp\/v2\/media?parent=292277"}],"wp:term":[{"taxonomy":"category","embeddable":true,"href":"https:\/\/www.europesays.com\/es\/wp-json\/wp\/v2\/categories?post=292277"},{"taxonomy":"post_tag","embeddable":true,"href":"https:\/\/www.europesays.com\/es\/wp-json\/wp\/v2\/tags?post=292277"}],"curies":[{"name":"wp","href":"https:\/\/api.w.org\/{rel}","templated":true}]}}