{"id":292305,"date":"2025-12-17T06:16:12","date_gmt":"2025-12-17T06:16:12","guid":{"rendered":"https:\/\/www.europesays.com\/es\/292305\/"},"modified":"2025-12-17T06:16:12","modified_gmt":"2025-12-17T06:16:12","slug":"la-administracion-trump-amplia-a-39-paises-la-prohibicion-de-viajes-de-sus-ciudadanos-a-estados-unidos-inmigracion-en-estados-unidos","status":"publish","type":"post","link":"https:\/\/www.europesays.com\/es\/292305\/","title":{"rendered":"La Administraci\u00f3n Trump ampl\u00eda a 39 pa\u00edses la prohibici\u00f3n de viajes de sus ciudadanos a Estados Unidos | Inmigraci\u00f3n en Estados Unidos"},"content":{"rendered":"<p class=\"\">El Gobierno de Donald Trump ha ampliado este martes la lista de los pa\u00edses cuyos ciudadanos tienen prohibida su entrada en Estados Unidos para incluir cinco m\u00e1s: Burkina Faso, Mali, N\u00edger, Sud\u00e1n del Sur y Siria. Adem\u00e1s, otras 15 naciones se a\u00f1aden a la lista de restricciones parciales y se proh\u00edbe ingresar a Estados Unidos a las personas con documentos de viaje emitidos por la Autoridad Palestina, aunque los impedimentos actuales ya hac\u00edan casi imposible la obtenci\u00f3n de visados para los palestinos. Con la nueva ampliaci\u00f3n hay en total 39 pa\u00edses con restricciones para viajar a EE UU.<\/p>\n<p class=\"\">\u201cLas restricciones y limitaciones impuestas por la Proclamaci\u00f3n son necesarias para impedir la entrada de ciudadanos extranjeros sobre los cuales Estados Unidos no cuenta con suficiente informaci\u00f3n para evaluar los riesgos que representan, obtener la cooperaci\u00f3n de gobiernos extranjeros, hacer cumplir nuestras leyes de inmigraci\u00f3n y promover otros objetivos importantes de pol\u00edtica exterior, seguridad nacional y lucha contra el terrorismo\u201d, justifica la Casa Blanca<a href=\"https:\/\/www.whitehouse.gov\/fact-sheets\/2025\/12\/fact-sheet-president-donald-j-trump-further-restricts-and-limits-the-entry-of-foreign-nationals-to-protect-the-security-of-the-united-states\/\" target=\"_blank\" rel=\"nofollow noopener\" title=\"https:\/\/www.whitehouse.gov\/fact-sheets\/2025\/12\/fact-sheet-president-donald-j-trump-further-restricts-and-limits-the-entry-of-foreign-nationals-to-protect-the-security-of-the-united-states\/\"> en un comunicado.<\/a><\/p>\n<p class=\"\">Las nuevas prohibiciones se a\u00f1aden a las medidas impuestas contra ciudadanos de 19 pa\u00edses en respuesta <a href=\"https:\/\/elpais.com\/us\/migracion\/2025-11-29\/trump-utiliza-el-ataque-a-la-guardia-nacional-para-redoblar-su-ofensiva-contra-los-migrantes.html\" target=\"_self\" rel=\"nofollow noopener\" title=\"https:\/\/elpais.com\/us\/migracion\/2025-11-29\/trump-utiliza-el-ataque-a-la-guardia-nacional-para-redoblar-su-ofensiva-contra-los-migrantes.html\">al ataque que sufrieron dos guardias nacionales en Washington D. C. <\/a>el mes pasado, que se cobr\u00f3 la vida de una agente y dej\u00f3 malherido al otro, que se recupera favorablemente. El atacante, que se ha <a href=\"https:\/\/elpais.com\/us\/2025-12-02\/el-acusado-de-atacar-a-dos-soldados-de-la-guardia-nacional-en-washington-se-declara-inocente.html\" target=\"_self\" rel=\"nofollow noopener\" title=\"https:\/\/elpais.com\/us\/2025-12-02\/el-acusado-de-atacar-a-dos-soldados-de-la-guardia-nacional-en-washington-se-declara-inocente.html\">declarado inocente,<\/a> es <a href=\"https:\/\/elpais.com\/internacional\/2025-11-27\/el-detenido-por-disparar-a-dos-soldados-de-la-guardia-nacional-en-washington-es-un-refugiado-que-colaboro-con-la-cia-en-afganistan.html\" target=\"_self\" rel=\"nofollow noopener\" title=\"https:\/\/elpais.com\/internacional\/2025-11-27\/el-detenido-por-disparar-a-dos-soldados-de-la-guardia-nacional-en-washington-es-un-refugiado-que-colaboro-con-la-cia-en-afganistan.html\">de origen afgano<\/a>, lo que propici\u00f3 la paralizaci\u00f3n de todas las visas otorgadas a ciudadanos de Afganist\u00e1n. Luego, el Departamento de Seguridad Nacional (DHS) anunci\u00f3 tambi\u00e9n l<a href=\"https:\/\/www.uscis.gov\/newsroom\/news-releases\/uscis-implements-additional-national-security-measures-in-the-wake-of-national-guard-shooting-by\" target=\"_blank\" rel=\"nofollow noopener\" title=\"https:\/\/www.uscis.gov\/newsroom\/news-releases\/uscis-implements-additional-national-security-measures-in-the-wake-of-national-guard-shooting-by\">a revisi\u00f3n de los permisos de residencia<\/a> concedidos a los ciudadanos de los pa\u00edses a los que se les aplic\u00f3 el veto para viajar.<\/p>\n<p class=\"\">\u201cMuchos de los pa\u00edses con restricciones sufren de corrupci\u00f3n generalizada, documentos civiles y antecedentes penales fraudulentos o poco fiables, y sistemas de registro de nacimientos inexistentes, lo que impide sistem\u00e1ticamente una verificaci\u00f3n precisa de los datos\u201d, dijo la Casa Blanca. <\/p>\n<p class=\"\">En junio, <a href=\"https:\/\/elpais.com\/internacional\/2025-06-05\/trump-prohibe-la-entrada-en-estados-unidos-a-ciudadanos-de-12-paises.html\" target=\"_self\" rel=\"nofollow noopener\" title=\"https:\/\/elpais.com\/internacional\/2025-06-05\/trump-prohibe-la-entrada-en-estados-unidos-a-ciudadanos-de-12-paises.html\">Trump anunci\u00f3 que se prohibir\u00eda la entrada a Estados Unidos a ciudadanos de 12 pa\u00edses<\/a> y que los de otros siete se enfrentar\u00edan a restricciones. La prohibici\u00f3n inclu\u00eda a Afganist\u00e1n, Myanmar, Chad, la Rep\u00fablica del Congo, Guinea Ecuatorial, Eritrea, Hait\u00ed, Ir\u00e1n, Libia, Somalia, Sud\u00e1n y Yemen. Para los visitantes de Burundi, Cuba, Laos, Sierra Leona, Togo, Turkmenist\u00e1n y Venezuela se ampliaron las restricciones.<\/p>\n<p class=\"\">Laos y Sierra Leona pasan desde este martes a tener una prohibici\u00f3n total, mientras que se levanta el veto para las visas de no inmigrantes de los ciudadanos de Turkmenist\u00e1n \u201cdado que ha colaborado de forma productiva con Estados Unidos y ha demostrado un progreso significativo desde la anterior proclamaci\u00f3n\u201d. Angola, Antigua y Barbuda, Ben\u00edn, Costa de Marfil, Dominica, Gab\u00f3n, Gambia, Malawi, Mauritania, Nigeria, Senegal, Tanzania, Tonga, Zambia y Zimbabue se suman a la lista de pa\u00edses con restricciones parciales. <\/p>\n<p class=\"\">Las nuevas restricciones incluyen excepciones para los residentes permanentes legales, los titulares de visados \u200b\u200bexistentes, ciertas categor\u00edas de visados \u200b\u200bcomo los de deportistas y diplom\u00e1ticos, y las personas cuya entrada sirva a los intereses nacionales de Estados Unidos.<\/p>\n<p class=\"\">La secretaria de Seguridad Nacional, <a href=\"https:\/\/www.youtube.com\/watch?v=2xl6_Zc8vdY\" target=\"_blank\" rel=\"nofollow noopener\" title=\"https:\/\/www.youtube.com\/watch?v=2xl6_Zc8vdY\">Kristi Noem<\/a>, ya hab\u00eda adelantado este mes que el ataque a la Guardia Nacional traer\u00eda m\u00e1s consecuencias y la prohibici\u00f3n de viajes de otros pa\u00edses. \u201cSi no tienen un gobierno estable, si no tienen un pa\u00eds que pueda sostenerse a s\u00ed mismo y que nos diga qui\u00e9nes son esas personas y nos ayude a investigarlas, \u00bfpor qu\u00e9 deber\u00edamos permitir que personas de ese pa\u00eds vengan a Estados Unidos?\u201d, dijo Noem en una entrevista con la cadena Fox el 4 de diciembre.<\/p>\n<p class=\"\">Haciendo uso de una expresi\u00f3n ya anacr\u00f3nica, Trump se ha referido a los pa\u00edses con los que hab\u00eda restricciones de viajes como <a href=\"https:\/\/elpais.com\/us\/migracion\/2025-11-28\/trump-promete-suspender-permanentemente-la-migracion-de-todos-los-paises-del-tercer-mundo.html\" target=\"_self\" rel=\"nofollow noopener\" title=\"https:\/\/elpais.com\/us\/migracion\/2025-11-28\/trump-promete-suspender-permanentemente-la-migracion-de-todos-los-paises-del-tercer-mundo.html\">\u201cdel Tercer Mundo\u201d<\/a> y ha acusado a sus ciudadanos sin ofrecer pruebas de ser delincuentes.<\/p>\n<p class=\"\">\u201cLa presencia de terroristas, la actividad delictiva y la actividad extremista en varios de los pa\u00edses [restringidos] provocan una falta general de estabilidad y control gubernamental, lo que da lugar a deficiencias en los procesos de verificaci\u00f3n de antecedentes y representa riesgos directos para los ciudadanos e intereses estadounidenses cuando se permite la entrada a Estados Unidos a nacionales de estos pa\u00edses\u201d, afirman desde el Gobierno en el comunicado de este martes.<\/p>\n<p class=\"\">En cuanto a los palestinos, la Casa Blanca se\u00f1al\u00f3 que \u201cgrupos terroristas designados por Estados Unidos operan activamente en Cisjordania o la Franja de Gaza y han asesinado a ciudadanos estadounidenses\u201d. <\/p>\n","protected":false},"excerpt":{"rendered":"El Gobierno de Donald Trump ha ampliado este martes la lista de los pa\u00edses cuyos ciudadanos tienen prohibida&hellip;\n","protected":false},"author":2,"featured_media":292306,"comment_status":"","ping_status":"","sticky":false,"template":"","format":"standard","meta":{"footnotes":""},"categories":[5],"tags":[10051,889,17,18,894,893,25,24,629,13,14,11,590,895,891,19,20,892,890,9,10,15,16,897,23,12,21,22,226,14383],"class_list":{"0":"post-292305","1":"post","2":"type-post","3":"status-publish","4":"format-standard","5":"has-post-thumbnail","7":"category-titulares","8":"tag-afganistan","9":"tag-america","10":"tag-breaking-news","11":"tag-breakingnews","12":"tag-crisis-migratoria","13":"tag-deportacion","14":"tag-es","15":"tag-espana","16":"tag-estados-unidos","17":"tag-featured-news","18":"tag-featurednews","19":"tag-headlines","20":"tag-inmigracion","21":"tag-inmigracion-irregular","22":"tag-inmigrantes","23":"tag-latest-news","24":"tag-latestnews","25":"tag-migracion","26":"tag-migrantes","27":"tag-news","28":"tag-noticias","29":"tag-noticias-destacadas","30":"tag-noticiasdestacadas","31":"tag-politica-migratoria-ee-uu","32":"tag-spain","33":"tag-titulares","34":"tag-ultimas-noticias","35":"tag-ultimasnoticias","36":"tag-viajes","37":"tag-visados"},"share_on_mastodon":{"url":"","error":"Validation failed: Text character limit of 500 exceeded"},"_links":{"self":[{"href":"https:\/\/www.europesays.com\/es\/wp-json\/wp\/v2\/posts\/292305","targetHints":{"allow":["GET"]}}],"collection":[{"href":"https:\/\/www.europesays.com\/es\/wp-json\/wp\/v2\/posts"}],"about":[{"href":"https:\/\/www.europesays.com\/es\/wp-json\/wp\/v2\/types\/post"}],"author":[{"embeddable":true,"href":"https:\/\/www.europesays.com\/es\/wp-json\/wp\/v2\/users\/2"}],"replies":[{"embeddable":true,"href":"https:\/\/www.europesays.com\/es\/wp-json\/wp\/v2\/comments?post=292305"}],"version-history":[{"count":0,"href":"https:\/\/www.europesays.com\/es\/wp-json\/wp\/v2\/posts\/292305\/revisions"}],"wp:featuredmedia":[{"embeddable":true,"href":"https:\/\/www.europesays.com\/es\/wp-json\/wp\/v2\/media\/292306"}],"wp:attachment":[{"href":"https:\/\/www.europesays.com\/es\/wp-json\/wp\/v2\/media?parent=292305"}],"wp:term":[{"taxonomy":"category","embeddable":true,"href":"https:\/\/www.europesays.com\/es\/wp-json\/wp\/v2\/categories?post=292305"},{"taxonomy":"post_tag","embeddable":true,"href":"https:\/\/www.europesays.com\/es\/wp-json\/wp\/v2\/tags?post=292305"}],"curies":[{"name":"wp","href":"https:\/\/api.w.org\/{rel}","templated":true}]}}