{"id":292315,"date":"2025-12-17T06:26:07","date_gmt":"2025-12-17T06:26:07","guid":{"rendered":"https:\/\/www.europesays.com\/es\/292315\/"},"modified":"2025-12-17T06:26:07","modified_gmt":"2025-12-17T06:26:07","slug":"la-autocritica-de-guillermina-valdes-tras-enterarse-de-la-orientacion-sexual-de-su-hija-no-me-gusto-no-haberme-dado-cuenta-infobae","status":"publish","type":"post","link":"https:\/\/www.europesays.com\/es\/292315\/","title":{"rendered":"La autocr\u00edtica de Guillermina Vald\u00e9s tras enterarse de la orientaci\u00f3n sexual de su hija: \u201cNo me gust\u00f3 no haberme dado cuenta\u201d &#8211; Infobae"},"content":{"rendered":"<ol>\n<li><a href=\"https:\/\/news.google.com\/rss\/articles\/CBMi-wFBVV95cUxQNVhnSUpNQjZFbEQxWFpXeGN2OWc5dDZaOUZYdU9hWDNmTGd6M24wdEl5TnZheUxqSklzTE1xbjc0VDZTdUNLZjFrMHQyZ2xhY21ZbDFyVTF3OHZUUVQ4QVo2YlhXbXZzbHhrUDNuYmI4MXZPc0ZtZjR1SzJlYk1HOTJCa19oTlAzeWdXTFFjMk54Y3hod2dsaUhWZmtWZjRLTUp6cy1nX3pIM2F1SW9ZVF9DOFA4UW1mM0RpM010WmthQk9mN3g2a3RIbTdYT1R6R0VFdnhSUFhGc2RmbnlHSF9Sai1iVjhwOXV5TUk3X1hfUjBHM1ZITlNsOA?oc=5\" target=\"_blank\" rel=\"nofollow noopener\">La autocr\u00edtica de Guillermina Vald\u00e9s tras enterarse de la orientaci\u00f3n sexual de su hija: \u201cNo me gust\u00f3 no haberme dado cuenta\u201d<\/a>&nbsp;&nbsp;Infobae<\/li>\n<li><a href=\"https:\/\/news.google.com\/rss\/articles\/CBMixwFBVV95cUxQNklQcGRGemcwb3E2RnI4RXMxWW9OdlBId3BPUjJlMGlSaWxoWktVVzFraEFLV3VHMWVSWG1jVGo4cUN4RUNMODU3cjY5RXlUcjdXaFZ1T1l5RmFyYWdSanhCaGJ0ZnY2MWp3MEpBLVhVbkdacFJrTmR1azNDdEdMMzRKYUloeV8xVEI4Z1VTd2gyS05Nby1oV29XM21SNTJ0RDk4VU1Eb05NVTJXTXdGUnlhOEEyeThmMEJrb2E3X3pmRTNybi1Z0gHMAUFVX3lxTE13TFg2S2tDbzFScEwzamRwTmUwTnJXYXE4bXdhRWItc1MxZnBrZUt0aDBBc25MajdFNGpCRXo5dkVtYjAtV1p4cVBaTFVEalh2ZGp5NGM5YWkyM0ZZbzUxbGM1WXdxQWpRSS1SOGlZZG5LSDdVenJTLW9id0tERHc0VE95bkZrWG1ISjRkOXNkU21WMVBYakR1djlEYWtRMEluV2tsZ0JtRXhyTDczcXJmQTNYeHpWVFlVcGt4bnh6N2NMcHBkS0RXelJqMQ?oc=5\" target=\"_blank\" rel=\"nofollow noopener\">Guillermina Vald\u00e9s se sincer\u00f3 sobre la sexualidad de su hija Paloma Ortega: \u00abNo me gust\u00f3 no haberme dado cuenta antes\u00bb<\/a>&nbsp;&nbsp;Clarin.com<\/li>\n<li><a href=\"https:\/\/news.google.com\/rss\/articles\/CBMi8AFBVV95cUxPaDVpYlR5RVJDTHFvdmxjUkJkcEs5WDlXTElpeTRhamRhUG1wbFY4aVc1dVdhRDZqaDlIOF8wNkJDLUNGZm9meHM1SmJ1c3FXaWlZWEtPSTNwVXZMVXdpQWFnT253bzQybWl3QmpKajlSc2twelFKUERTUGtYVFFZa3dBVS1ycVpkMXVSdnlMUVpBUWFYRkdzZUQ2THQyam84V0sweXJXcnNFVU5UYmh0enFqbHFiOHBZaDJxZ3gzdDdlcHJIRmJVeU90RzdiMUVqcjVxMHgzTDlaLWJGX3Y2VkdFZlluSTR0TUxvYThRd2zSAfABQVVfeXFMT2g1aWJUeUVSQ0xxb3ZsY1JCZHBLOVg5V0xJaXk0YWpkYVBtcGxWOGlXNXVXYUQ2amg5SDhfMDZCQy1DRmZvZnhzNUpidXNxV2lpWVhLT0kzcFV2TFV3aUFhZ09ud280Mm1pd0JqSmo5UnNrcHpRSlBEU1BrWFRRWWt3QVUtcnFaZDF1UnZ5TFFaQVFhWEZHc2VENkx0MmpvOFdLMHlyV3JzRVVOVGJodHpxamxxYjhwWWgycWd4M3Q3ZXBySEZiVXlPdEc3YjFFanI1cTB4M0w5Wi1iRl92NlZHRWZZbkk0dE1Mb2E4UXds?oc=5\" target=\"_blank\" rel=\"nofollow noopener\">Guillermina Vald\u00e9s revel\u00f3 c\u00f3mo fue el d\u00eda en que su hija Paloma le habl\u00f3 de su orientaci\u00f3n sexual<\/a>&nbsp;&nbsp;pronto.com.ar<\/li>\n<li><a href=\"https:\/\/news.google.com\/rss\/articles\/CBMiwgFBVV95cUxNQjZxeFBIbG1zR1Q1NTVTMnZBbThWOWRBRkRuWlNlem02Mnlvd08zdFUyVjBLOTF1dEZZNkRXejBCYkE2eFNVaVVFZ0t0bjU2NC1uZlNrazI5RC0zMUNkOUs3LWU1am1US2VPNjR2Zi00Q25SQkQwdGNfRjI5WkJfTkMwU3N1X3dCSWYxR01WY2JNU3dtV0ZDaTVoRGMzNW1GVEFKcU81RzFYd3dsdGVCUmVwbW04bnV2RFNSaEZldXZ1Z9IBxwFBVV95cUxQZHc2R0ZHTXFyeXVoYkxGTzR4VkRleW9fT3hudUtsZWRCQ194Q3BhSlJRa2p4Z1g5aExGZzVaby1SX0lid2JHVzRFWFJUTUZjZWFXNXhtanVuXzJNSzNKRm1xUWV4OXZmNmhvT09OUTdMbDFTaVdKUGdFMEx3bkFPUE5naDMwc0xvYXQ4azhqRERYbzVrblRzeld4RFVZYTlfRDRYMTNJLUo3YW80eU5PWlhwNVNtSG9xMWdqdVNwSGkyTlV1NFNR?oc=5\" target=\"_blank\" rel=\"nofollow noopener\">La profunda reflexi\u00f3n de Guillermina Vald\u00e9s tras la confesi\u00f3n de su hija<\/a>&nbsp;&nbsp;Cadena 3 Argentina<\/li>\n<li><a href=\"https:\/\/news.google.com\/rss\/articles\/CBMi8wFBVV95cUxNZ3RpN2VHZzdRY1YzdWRlMXhUYV9iOWJoY3pFSTE0WGtKZEJrak50TWZSNEwyOWxsai1aSmE4MFRlb1ZIcENzQXhWY2xNZ2JHQ3JjVklpVXFsT3BYc3NmOWN6bmpOd1plUDV2WDAta1hFa1cybkJlTUJ1SERJc2FhZ2NCeHJEYjNrQmw5XzYwVXpnaTF1aWxmSFdWTmJBM2kyLU9GZTNJMlloa2NLZzdBRWY2YUhReVRSVzZYSUZlVEp3WU9kUDBEY0pPU2oySGNwaW9QTUZ3bnotZ3ZaMVM3RVVXVXBQNGNlZ1FHcG5hTE5rd3fSAYcCQVVfeXFMTWhDSF9ITVc5czdZWXlHWFNqb0JPVXpPNlVlWUZ4cVE0aEJGY29yYUc5bzB0ZVp5bnlHRWw2NG1mcDN0empGd0JtRDJJMjctU3J5c0xUWExhVHZXcDZ0dGNyVFBLVWZSQnlhQ2tSZ0tlekg3cHFkTGNNZkxIWTg0Ukt2eHA2aXJ1UmpUSU5US1c4aUZIanNSMG12RC1hZGRsZmVCbkdILVFWVTV2U2NCOVBKMS1YNnFGMW4tTS05UVJGd1ZlUTFxZUd4QUs1YVVrandSZi1aOXRyZmVhOXdOYWxKYk9KMHZ0SGJDbHFGWHFCcFlkMnBpSHpIZm5DLTM4WGk1aDhvU0k?oc=5\" target=\"_blank\" rel=\"nofollow noopener\">Guillermina Vald\u00e9s se sincer\u00f3 sobre la elecci\u00f3n sexual de su hija Paloma: \u201cNo me gust\u00f3 no darme cuenta\u201d<\/a>&nbsp;&nbsp;eltrecetv<\/li>\n<\/ol>\n","protected":false},"excerpt":{"rendered":"La autocr\u00edtica de Guillermina Vald\u00e9s tras enterarse de la orientaci\u00f3n sexual de su hija: \u201cNo me gust\u00f3 no&hellip;\n","protected":false},"author":2,"featured_media":286036,"comment_status":"","ping_status":"","sticky":false,"template":"","format":"standard","meta":{"footnotes":""},"categories":[174],"tags":[255,146,147,25,24,256,23],"class_list":{"0":"post-292315","1":"post","2":"type-post","3":"status-publish","4":"format-standard","5":"has-post-thumbnail","7":"category-famosos","8":"tag-celebrities","9":"tag-entertainment","10":"tag-entretenimiento","11":"tag-es","12":"tag-espana","13":"tag-famosos","14":"tag-spain"},"share_on_mastodon":{"url":"https:\/\/pubeurope.com\/@es\/115733488542625633","error":""},"_links":{"self":[{"href":"https:\/\/www.europesays.com\/es\/wp-json\/wp\/v2\/posts\/292315","targetHints":{"allow":["GET"]}}],"collection":[{"href":"https:\/\/www.europesays.com\/es\/wp-json\/wp\/v2\/posts"}],"about":[{"href":"https:\/\/www.europesays.com\/es\/wp-json\/wp\/v2\/types\/post"}],"author":[{"embeddable":true,"href":"https:\/\/www.europesays.com\/es\/wp-json\/wp\/v2\/users\/2"}],"replies":[{"embeddable":true,"href":"https:\/\/www.europesays.com\/es\/wp-json\/wp\/v2\/comments?post=292315"}],"version-history":[{"count":0,"href":"https:\/\/www.europesays.com\/es\/wp-json\/wp\/v2\/posts\/292315\/revisions"}],"wp:featuredmedia":[{"embeddable":true,"href":"https:\/\/www.europesays.com\/es\/wp-json\/wp\/v2\/media\/286036"}],"wp:attachment":[{"href":"https:\/\/www.europesays.com\/es\/wp-json\/wp\/v2\/media?parent=292315"}],"wp:term":[{"taxonomy":"category","embeddable":true,"href":"https:\/\/www.europesays.com\/es\/wp-json\/wp\/v2\/categories?post=292315"},{"taxonomy":"post_tag","embeddable":true,"href":"https:\/\/www.europesays.com\/es\/wp-json\/wp\/v2\/tags?post=292315"}],"curies":[{"name":"wp","href":"https:\/\/api.w.org\/{rel}","templated":true}]}}