{"id":292326,"date":"2025-12-17T06:34:44","date_gmt":"2025-12-17T06:34:44","guid":{"rendered":"https:\/\/www.europesays.com\/es\/292326\/"},"modified":"2025-12-17T06:34:44","modified_gmt":"2025-12-17T06:34:44","slug":"todo-tuyo-53x-teatro-gayarre","status":"publish","type":"post","link":"https:\/\/www.europesays.com\/es\/292326\/","title":{"rendered":"TODO TUYO (53X) &#8211; Teatro Gayarre"},"content":{"rendered":"<p>La <strong>nueva producci\u00f3n de la compa\u00f1\u00eda navarra Tdiferencia<\/strong>, escrita y dirigida por Maite Red\u00edn, est\u00e1 inspirada en el lenguaje y los personajes de las series que marcan a toda una generaci\u00f3n. <strong>Retrata con humor, emoci\u00f3n y verdad a un grupo de j\u00f3venes<\/strong> que se enfrenta al amor, la presi\u00f3n social, el sexo, el miedo y la incertidumbre, en un mundo que parece no tener rumbo.<\/p>\n<p>Con el ritmo de la ficci\u00f3n audiovisual y la fuerza del teatro en vivo, el espect\u00e1culo combina comedia y drama, participaci\u00f3n del p\u00fablico y recursos multimedia para crear una experiencia cercana, din\u00e1mica y llena de energ\u00eda.<\/p>\n<p>El p\u00fablico no solo mira, sino que forma parte de la historia.<\/p>\n<p>Una funci\u00f3n que late, r\u00ede, escucha y nos invita a mirarnos de frente y reconocernos en ella.<\/p>\n","protected":false},"excerpt":{"rendered":"La nueva producci\u00f3n de la compa\u00f1\u00eda navarra Tdiferencia, escrita y dirigida por Maite Red\u00edn, est\u00e1 inspirada en el&hellip;\n","protected":false},"author":2,"featured_media":292327,"comment_status":"","ping_status":"","sticky":false,"template":"","format":"standard","meta":{"footnotes":""},"categories":[91],"tags":[146,147,25,24,23,1651,39393],"class_list":{"0":"post-292326","1":"post","2":"type-post","3":"status-publish","4":"format-standard","5":"has-post-thumbnail","7":"category-entretenimiento","8":"tag-entertainment","9":"tag-entretenimiento","10":"tag-es","11":"tag-espana","12":"tag-spain","13":"tag-teatro","14":"tag-teatro-gayarre"},"share_on_mastodon":{"url":"https:\/\/pubeurope.com\/@es\/115733520078480735","error":""},"_links":{"self":[{"href":"https:\/\/www.europesays.com\/es\/wp-json\/wp\/v2\/posts\/292326","targetHints":{"allow":["GET"]}}],"collection":[{"href":"https:\/\/www.europesays.com\/es\/wp-json\/wp\/v2\/posts"}],"about":[{"href":"https:\/\/www.europesays.com\/es\/wp-json\/wp\/v2\/types\/post"}],"author":[{"embeddable":true,"href":"https:\/\/www.europesays.com\/es\/wp-json\/wp\/v2\/users\/2"}],"replies":[{"embeddable":true,"href":"https:\/\/www.europesays.com\/es\/wp-json\/wp\/v2\/comments?post=292326"}],"version-history":[{"count":0,"href":"https:\/\/www.europesays.com\/es\/wp-json\/wp\/v2\/posts\/292326\/revisions"}],"wp:featuredmedia":[{"embeddable":true,"href":"https:\/\/www.europesays.com\/es\/wp-json\/wp\/v2\/media\/292327"}],"wp:attachment":[{"href":"https:\/\/www.europesays.com\/es\/wp-json\/wp\/v2\/media?parent=292326"}],"wp:term":[{"taxonomy":"category","embeddable":true,"href":"https:\/\/www.europesays.com\/es\/wp-json\/wp\/v2\/categories?post=292326"},{"taxonomy":"post_tag","embeddable":true,"href":"https:\/\/www.europesays.com\/es\/wp-json\/wp\/v2\/tags?post=292326"}],"curies":[{"name":"wp","href":"https:\/\/api.w.org\/{rel}","templated":true}]}}