{"id":292335,"date":"2025-12-17T06:39:08","date_gmt":"2025-12-17T06:39:08","guid":{"rendered":"https:\/\/www.europesays.com\/es\/292335\/"},"modified":"2025-12-17T06:39:08","modified_gmt":"2025-12-17T06:39:08","slug":"habia-que-ganar-y-se-gano-por-unai-valverde","status":"publish","type":"post","link":"https:\/\/www.europesays.com\/es\/292335\/","title":{"rendered":"Hab\u00eda que ganar y se gan\u00f3, por Unai Valverde"},"content":{"rendered":"<p>                    <img loading=\"lazy\" decoding=\"async\" width=\"120\" height=\"120\" alt=\"Hab\u00eda que ganar y se gan\u00f3\" title=\"\" src=\"\/files\/image_120_120\/uploads\/2022\/06\/07\/629f958930684.png\" class=\"lazy\"\/><\/p>\n<p data-gtm-element-container=\"modulo-texto-link\" class=\"paragraph\">Es m\u00e1s que posible que dentro de 20 a\u00f1os poca gente recuerde el debut como entrenador de la Real de <strong>Jon Ansotegi<\/strong>, quiz\u00e1 tras una segunda etapa posterior ya sin interinidad (qui\u00e9n sabe), como un partido malo, flojo y en el que se sufri\u00f3 sobremanera hasta el gol sobre la bocina pese a jugar con titulares contra un equipo de Primera RFEF intenso pero justito a excepci\u00f3n de su extremo suplente. Se recordar\u00e1, como mucho, que debut\u00f3 otro canterano como <strong>Astiazar\u00e1n <\/strong>adem\u00e1s de que gan\u00f3 en su estreno. Que realmente es lo importante tanto en la situaci\u00f3n precaria y resultadista actual de la Real, como en general en estas rondas iniciales de Copa en las que rara vez un equipo de Primera deja satisfecha a su afici\u00f3n con el encuentro realizado. Aunque de ah\u00ed a ser extremadamente flojos haya un paso grande, claro. Era un d\u00eda de no seguir cayendo a los infiernos, hab\u00eda que ganar y punto. Y se gan\u00f3. Con un golazo de <strong>Mar\u00edn<\/strong>, que bien necesitaba un buen d\u00eda, con un buen gol de <strong>Sucic <\/strong>en su regreso al equipo que no celebr\u00f3, y con un gran l\u00edder futbol\u00edstico como <strong>Gon\u00e7alo Guedes<\/strong>, que es el fichaje del verano en la Real y el que salva de una nota a\u00fan peor a la planificaci\u00f3n deportiva de <strong>Bretos <\/strong>y <strong>Aperribay<\/strong>. La cara del presidente en Elda con 1-1 era un poema y seguro que respir\u00f3 aliviado igual que el resto con el gol de equipo \u2018grande\u2019 en el descuento, algo habitual en la Copa. Que sirva la victoria para frenar la ca\u00edda, para coger impulso de cara al s\u00e1bado y para cambiar ciertas caras. Aunque de mejorar todo lo dem\u00e1s deber\u00e1 encargarse con urgencia el nuevo t\u00e9cnico que llegue. <strong>Ansotegi<\/strong> no estaba para eso y<strong>\u00a0<\/strong>ya hizo parte, la mitad, de lo que se le encomend\u00f3.<\/p>\n<p>Cargando siguiente contenido&#8230;\n                <\/p>\n","protected":false},"excerpt":{"rendered":"Es m\u00e1s que posible que dentro de 20 a\u00f1os poca gente recuerde el debut como entrenador de la&hellip;\n","protected":false},"author":2,"featured_media":66658,"comment_status":"","ping_status":"","sticky":false,"template":"","format":"standard","meta":{"footnotes":""},"categories":[5],"tags":[17,18,25,24,13,14,11,19,20,9,10,15,16,23,12,21,22],"class_list":{"0":"post-292335","1":"post","2":"type-post","3":"status-publish","4":"format-standard","5":"has-post-thumbnail","7":"category-titulares","8":"tag-breaking-news","9":"tag-breakingnews","10":"tag-es","11":"tag-espana","12":"tag-featured-news","13":"tag-featurednews","14":"tag-headlines","15":"tag-latest-news","16":"tag-latestnews","17":"tag-news","18":"tag-noticias","19":"tag-noticias-destacadas","20":"tag-noticiasdestacadas","21":"tag-spain","22":"tag-titulares","23":"tag-ultimas-noticias","24":"tag-ultimasnoticias"},"share_on_mastodon":{"url":"https:\/\/pubeurope.com\/@es\/115733539600754028","error":""},"_links":{"self":[{"href":"https:\/\/www.europesays.com\/es\/wp-json\/wp\/v2\/posts\/292335","targetHints":{"allow":["GET"]}}],"collection":[{"href":"https:\/\/www.europesays.com\/es\/wp-json\/wp\/v2\/posts"}],"about":[{"href":"https:\/\/www.europesays.com\/es\/wp-json\/wp\/v2\/types\/post"}],"author":[{"embeddable":true,"href":"https:\/\/www.europesays.com\/es\/wp-json\/wp\/v2\/users\/2"}],"replies":[{"embeddable":true,"href":"https:\/\/www.europesays.com\/es\/wp-json\/wp\/v2\/comments?post=292335"}],"version-history":[{"count":0,"href":"https:\/\/www.europesays.com\/es\/wp-json\/wp\/v2\/posts\/292335\/revisions"}],"wp:featuredmedia":[{"embeddable":true,"href":"https:\/\/www.europesays.com\/es\/wp-json\/wp\/v2\/media\/66658"}],"wp:attachment":[{"href":"https:\/\/www.europesays.com\/es\/wp-json\/wp\/v2\/media?parent=292335"}],"wp:term":[{"taxonomy":"category","embeddable":true,"href":"https:\/\/www.europesays.com\/es\/wp-json\/wp\/v2\/categories?post=292335"},{"taxonomy":"post_tag","embeddable":true,"href":"https:\/\/www.europesays.com\/es\/wp-json\/wp\/v2\/tags?post=292335"}],"curies":[{"name":"wp","href":"https:\/\/api.w.org\/{rel}","templated":true}]}}