{"id":292342,"date":"2025-12-17T06:49:06","date_gmt":"2025-12-17T06:49:06","guid":{"rendered":"https:\/\/www.europesays.com\/es\/292342\/"},"modified":"2025-12-17T06:49:06","modified_gmt":"2025-12-17T06:49:06","slug":"despues-del-gol-se-hizo-un-silencio-y-me-acorde-de-mis-seres-queridos","status":"publish","type":"post","link":"https:\/\/www.europesays.com\/es\/292342\/","title":{"rendered":"Despu\u00e9s del gol se hizo un silencio y me acord\u00e9 de mis seres queridos"},"content":{"rendered":"<p>El deportivismo supera su trauma de 2019 contra el Mallorca con una <strong>victoria por 1-0 con sabor a Abegondo<\/strong> que clasifica a los blanquiazules para los octavos de final de la Copa del Rey.<strong> No\u00e9 Carrillo<\/strong>, canterano nacido en Teo, <strong>debut\u00f3<\/strong> con el primer equipo del Deportivo <strong>por todo lo alto.<\/strong> Diez minutos en el campo le bastaron para demostrar el tipo de mediocentro que es. Inici\u00f3 la jugada del gol abriendo a banda y empuj\u00f3 el bal\u00f3n a placer para dar el triunfo a los locales y el pase a la siguiente ronda. Una noche que nunca olvidar\u00e1 y que ejemplifica que \u00abcon lucha y suerte se puede llegar\u00bb.<\/p>\n<p>Sus sentimientos tras su debut con el D\u00e9por<\/p>\n<p>\u201cTengo que darle las gracias al m\u00edster por los minutos de hoy. Entr\u00e9 al campo para darlo todo y correrlas todas. Tuve la suerte de meter el gol y en ese momento se me hizo un silencio para acordarme de mis seres queridos. Mi padre, mis abuelos y tambi\u00e9n mi madre, que hoy no ha podido venir al estadio\u201d.<\/p>\n<p>Sobre la acci\u00f3n del gol<\/p>\n<p>\u201cEs una jugada por banda con centro de Luismi. Bil es fuerte y va bien arriba, de hecho pensaba que la iba a meter \u00e9l. Yo sigo la jugada y tengo la suerte de que me cae a m\u00ed para meterla a porter\u00eda vac\u00eda\u201d.<\/p>\n<p>Una victoria necesaria<\/p>\n<p>\u201cEl vestuario est\u00e1 muy contento. Hac\u00eda tiempo que no jug\u00e1bamos contra un Primera. Ven\u00edamos de dos partidos perdiendo y esto refuerza al equipo para seguir creyendo y trabajando\u201d.<\/p>\n<p>Abegondo responde a la apuesta del club<\/p>\n<p>\u201cLos chicos de Abegondo trabajamos muy bien. El club apuesta fuerte por nosotros y eso se ve reflejado en la reforma de Abegondo. Yo personalmente tengo que seguir trabajando porque con lucha y suerte se puede llegar al primer equipo\u201d.<\/p>\n<p>Arropado por sus amigos<\/p>\n<p>\u00abMis amigos est\u00e1n ah\u00ed desde que tendo 5 a\u00f1os, son de la escuela. El otro d\u00eda tambi\u00e9n vinieron al partido porque estaba convocado y agradecerles todo el apoyo que me dan siempre\u00bb.<\/p>\n","protected":false},"excerpt":{"rendered":"El deportivismo supera su trauma de 2019 contra el Mallorca con una victoria por 1-0 con sabor a&hellip;\n","protected":false},"author":2,"featured_media":292343,"comment_status":"","ping_status":"","sticky":false,"template":"","format":"standard","meta":{"footnotes":""},"categories":[268],"tags":[168,25,24,280,282,281,23,167],"class_list":{"0":"post-292342","1":"post","2":"type-post","3":"status-publish","4":"format-standard","5":"has-post-thumbnail","7":"category-futbol","8":"tag-deportes","9":"tag-es","10":"tag-espana","11":"tag-football","12":"tag-futbol","13":"tag-soccer","14":"tag-spain","15":"tag-sports"},"share_on_mastodon":{"url":"https:\/\/pubeurope.com\/@es\/115733578850931724","error":""},"_links":{"self":[{"href":"https:\/\/www.europesays.com\/es\/wp-json\/wp\/v2\/posts\/292342","targetHints":{"allow":["GET"]}}],"collection":[{"href":"https:\/\/www.europesays.com\/es\/wp-json\/wp\/v2\/posts"}],"about":[{"href":"https:\/\/www.europesays.com\/es\/wp-json\/wp\/v2\/types\/post"}],"author":[{"embeddable":true,"href":"https:\/\/www.europesays.com\/es\/wp-json\/wp\/v2\/users\/2"}],"replies":[{"embeddable":true,"href":"https:\/\/www.europesays.com\/es\/wp-json\/wp\/v2\/comments?post=292342"}],"version-history":[{"count":0,"href":"https:\/\/www.europesays.com\/es\/wp-json\/wp\/v2\/posts\/292342\/revisions"}],"wp:featuredmedia":[{"embeddable":true,"href":"https:\/\/www.europesays.com\/es\/wp-json\/wp\/v2\/media\/292343"}],"wp:attachment":[{"href":"https:\/\/www.europesays.com\/es\/wp-json\/wp\/v2\/media?parent=292342"}],"wp:term":[{"taxonomy":"category","embeddable":true,"href":"https:\/\/www.europesays.com\/es\/wp-json\/wp\/v2\/categories?post=292342"},{"taxonomy":"post_tag","embeddable":true,"href":"https:\/\/www.europesays.com\/es\/wp-json\/wp\/v2\/tags?post=292342"}],"curies":[{"name":"wp","href":"https:\/\/api.w.org\/{rel}","templated":true}]}}