{"id":292366,"date":"2025-12-17T07:04:14","date_gmt":"2025-12-17T07:04:14","guid":{"rendered":"https:\/\/www.europesays.com\/es\/292366\/"},"modified":"2025-12-17T07:04:14","modified_gmt":"2025-12-17T07:04:14","slug":"asi-queda-la-clasificacion-de-la-euroliga-tras-los-triunfos-de-barca-valencia-y-el-reves-del-madrid","status":"publish","type":"post","link":"https:\/\/www.europesays.com\/es\/292366\/","title":{"rendered":"As\u00ed queda la clasificaci\u00f3n de la Euroliga tras los triunfos de Bar\u00e7a, Valencia y el rev\u00e9s del Madrid"},"content":{"rendered":"<p>                        &#8216;Taronja&#8217; y azulgrana se consolidan en el Top 3 de la Euroliga tras ganar fuera de casa\n<\/p>\n<p><img src=\"https:\/\/www.mundodeportivo.com\/files\/image_449_220\/uploads\/2025\/12\/16\/6941d925143c9.jpeg\" data-full-src=\"https:\/\/www.europesays.com\/es\/wp-content\/uploads\/2025\/12\/6941d925143c9.jpeg\" alt=\"Willy Hernang\u00f3mez ha vuelto a jugar un buen partido.\" width=\"449\" height=\"220\" class=\"nolazy\" decoding=\"async\" fetchpriority=\"high\"\/><\/p>\n<p class=\"caption-title \">Willy Hernang\u00f3mez ha vuelto a jugar un buen partido.<\/p>\n<p>FC BARCELONA<\/p>\n<p>\n                        Actualizado a  16\/12\/2025 23:24 CET\n                    <\/p>\n<p data-gtm-element-container=\"modulo-texto-link\" class=\"paragraph\">Nueva victoria del Bar\u00e7a de Xavi Pascual, y van ya siete seguidas. La sumada este martes en Par\u00eds (69-85) consolida a los azulgrana en la tercera posici\u00f3n de la Euroliga con 11 triunfos y 5 derrotas, mismo balance que el Valencia Basket, que se ha impuesto en la dif\u00edcil cancha del Olympiacos por 92-99 y es segundo por su mejor &#8216;basket average&#8217;. Por delante solo est\u00e1 el Hapoel Tel Aviv, que ha sufrido pero ha acabado ganando al Estrella Roja por 84-78.<\/p>\n<p>                         Ampliar<\/p>\n<p>                <img loading=\"lazy\" decoding=\"async\" data-full-src=\"https:\/\/www.mundodeportivo.com\/uploads\/2025\/12\/16\/6941da8503ff6.png\" alt=\"Clasificaci\u00f3n tras los primeros partidos de la jornada 16 de la Euroliga\" width=\"449\" height=\"514\" src=\"https:\/\/www.europesays.com\/es\/wp-content\/uploads\/2025\/12\/6941da8503ff6.png\" class=\"lazy\"\/><\/p>\n<p class=\"caption-title \">Clasificaci\u00f3n tras los primeros partidos de la jornada 16 de la Euroliga<\/p>\n<p>                    EUROLIGA<\/p>\n<p data-gtm-element-container=\"modulo-texto-link\" class=\"paragraph\">Peor le ha ido al Real Madrid, que ha ca\u00eddo en su visita al Armani Milan. El equipo italiano ha dominado casi en todo momento para llevarse la victoria por 89-82. Los blancos son ahora novenos con un balance de 9-7.<\/p>\n<p data-gtm-element-container=\"modulo-texto-link\" class=\"paragraph\">El Baskonia no juega hasta este mi\u00e9rcoles, cuando resibe el el Buesa Arena al AS M\u00f3naco.<\/p>\n<p>\n        Mostrar comentarios\n    <\/p>\n<p>{\u00aballowComment\u00bb:\u00bballowed\u00bb,\u00bbarticleId\u00bb:\u00bbarticle-1002588183&#8243;,\u00bburl\u00bb:\u00bbhttps:\\\/\\\/www.mundodeportivo.com\\\/baloncesto\\\/euroliga\\\/20251216\\\/1002588183\\\/asi-queda-clasificacion-euroliga-triunfos-barca-valncia-reves-madrid.html\u00bb,\u00bblivefyre-url\u00bb:\u00bbarticle-1002588183&#8243;}<\/p>\n<p>\n                 Cerrar\n            <\/p>\n<p>            <img decoding=\"async\" src=\"\" alt=\"\" class=\"img-fluid lazy\"\/><\/p>\n<p>Cargando siguiente contenido&#8230;\n                <\/p>\n","protected":false},"excerpt":{"rendered":"&#8216;Taronja&#8217; y azulgrana se consolidan en el Top 3 de la Euroliga tras ganar fuera de casa Willy&hellip;\n","protected":false},"author":2,"featured_media":292367,"comment_status":"","ping_status":"","sticky":false,"template":"","format":"standard","meta":{"footnotes":""},"categories":[5],"tags":[17,18,25,24,13,14,11,19,20,9,10,15,16,23,12,21,22],"class_list":{"0":"post-292366","1":"post","2":"type-post","3":"status-publish","4":"format-standard","5":"has-post-thumbnail","7":"category-titulares","8":"tag-breaking-news","9":"tag-breakingnews","10":"tag-es","11":"tag-espana","12":"tag-featured-news","13":"tag-featurednews","14":"tag-headlines","15":"tag-latest-news","16":"tag-latestnews","17":"tag-news","18":"tag-noticias","19":"tag-noticias-destacadas","20":"tag-noticiasdestacadas","21":"tag-spain","22":"tag-titulares","23":"tag-ultimas-noticias","24":"tag-ultimasnoticias"},"share_on_mastodon":{"url":"https:\/\/pubeurope.com\/@es\/115733638034068795","error":""},"_links":{"self":[{"href":"https:\/\/www.europesays.com\/es\/wp-json\/wp\/v2\/posts\/292366","targetHints":{"allow":["GET"]}}],"collection":[{"href":"https:\/\/www.europesays.com\/es\/wp-json\/wp\/v2\/posts"}],"about":[{"href":"https:\/\/www.europesays.com\/es\/wp-json\/wp\/v2\/types\/post"}],"author":[{"embeddable":true,"href":"https:\/\/www.europesays.com\/es\/wp-json\/wp\/v2\/users\/2"}],"replies":[{"embeddable":true,"href":"https:\/\/www.europesays.com\/es\/wp-json\/wp\/v2\/comments?post=292366"}],"version-history":[{"count":0,"href":"https:\/\/www.europesays.com\/es\/wp-json\/wp\/v2\/posts\/292366\/revisions"}],"wp:featuredmedia":[{"embeddable":true,"href":"https:\/\/www.europesays.com\/es\/wp-json\/wp\/v2\/media\/292367"}],"wp:attachment":[{"href":"https:\/\/www.europesays.com\/es\/wp-json\/wp\/v2\/media?parent=292366"}],"wp:term":[{"taxonomy":"category","embeddable":true,"href":"https:\/\/www.europesays.com\/es\/wp-json\/wp\/v2\/categories?post=292366"},{"taxonomy":"post_tag","embeddable":true,"href":"https:\/\/www.europesays.com\/es\/wp-json\/wp\/v2\/tags?post=292366"}],"curies":[{"name":"wp","href":"https:\/\/api.w.org\/{rel}","templated":true}]}}