{"id":292374,"date":"2025-12-17T07:13:14","date_gmt":"2025-12-17T07:13:14","guid":{"rendered":"https:\/\/www.europesays.com\/es\/292374\/"},"modified":"2025-12-17T07:13:14","modified_gmt":"2025-12-17T07:13:14","slug":"el-articulo-4-del-reglamento-uefa-clave-del-caso-negreira","status":"publish","type":"post","link":"https:\/\/www.europesays.com\/es\/292374\/","title":{"rendered":"El art\u00edculo 4 del reglamento UEFA, clave del \u2018Caso Negreira\u2019"},"content":{"rendered":"<p class=\"\">El <b>sistema sancionador del f\u00fatbol mundial<\/b> est\u00e1 orquestado para que en las competiciones locales y a nivel continental sean precisamente las <b>confederaciones las que puedan aplicar castigos <\/b>ante casos demostrados de irregularidad que ata\u00f1en a la integridad deportiva de la competici\u00f3n. El Caso Negreira, con el paso de Laporta por el juzgado y su declaraci\u00f3n, ha adquirido relevancia de nuevo ante la petici\u00f3n clara y directa del Real Madrid de que <a href=\"\" rel=\"\" title=\"\">se haga justicia por los pagos realizados por el Barcelona al que fuera segundo del Comit\u00e9 T\u00e9cnico de \u00c1rbitros<\/a>. <\/p>\n<p class=\"\">El <a href=\"https:\/\/as.com\/futbol\/primera\/real-madrid-y-barcelona-el-idilio-termino-f202512-n\/\" target=\"_self\" rel=\"nofollow noopener\" title=\"https:\/\/as.com\/futbol\/primera\/real-madrid-y-barcelona-el-idilio-termino-f202512-n\/\"><b>paso adelante del club blanco<\/b><\/a> ha dejado claro y manifiesto que el orden del f\u00fatbol espa\u00f1ol vuelve a ser el de siempre, y no con esa amistad interesada entre los grandes clubes espa\u00f1oles de los \u00faltimos a\u00f1os. Se habla de que <b>la FIFA va a intervenir<\/b>, pero, seg\u00fan ha sabido AS, la posible sanci\u00f3n <b>es un asunto de la UEFA al tratarse de una competici\u00f3n local<\/b>.<\/p>\n<p class=\"\">En concreto es el<a href=\"https:\/\/es.uefa.com\/news-media\/news\/0209-0f8870713c25-994150e1a6c8-1000--reglamento-disciplinario\/\" target=\"_self\" rel=\"nofollow noopener\" title=\"https:\/\/es.uefa.com\/news-media\/news\/0209-0f8870713c25-994150e1a6c8-1000--reglamento-disciplinario\/\"> art\u00edculo cuatro del reglamento disciplinario de la UEFA<\/a> el que se\u00f1ala que queda en manos del organismo continental apartar a cualquier equipo que pueda poner en peligro la integridad de la competici\u00f3n. <\/p>\n<p><a title=\"El citado art\u00edculo afirma:\" href=\"\" rel=\"\">El citado art\u00edculo afirma:<\/a><\/p>\n<p>Si, sobre las base de todas las circunstancias y la informaci\u00f3n disponible a la UEFA, la UEFA concluye a su entera satisfacci\u00f3n que un club ha sido directa y\/o indirectamente involucrado desde la entrada en vigor del art\u00edculo 50 (3) de los Estatutos de la UEFA, es decir, del 27 de abril de 2007, en <strong>cualquier actividad dirigida a arreglar o influir en el resultado de un partido a nivel nacional o internacional, la UEFA declarar\u00e1 que dicho club no podr\u00e1 participar en la competici\u00f3n<\/strong>. Esta inelegibilidad es eficaz <strong>s\u00f3lo para una temporada de f\u00fatbol<\/strong>.<\/p>\n<p>Al tomar su decisi\u00f3n, <strong>la UEFA puede confiar, pero no est\u00e1 obligada<\/strong> <strong>por una decisi\u00f3n de un organismo deportivo nacional o internacional, tribunal arbitral o un tribunal estata<\/strong>l. La UEFA puede abstenerse a declarar que un club no pueda participar en la competici\u00f3n si la UEFA est\u00e1 satisfecha del impacto de la decisi\u00f3n adoptada en relaci\u00f3n con las mismas circunstancias de hecho por un organismo deportivo nacional o internacional, tribunal arbitral o tribunal estatal ya ha tenido el efecto para evitar que el club participe en una competici\u00f3n de clubes de la UEFA.<\/p>\n<p class=\"\">De hecho, <b>la UEFA no ha cerrado nunca el caso que en su d\u00eda fue declarado el <\/b><a href=\"https:\/\/as.com\/futbol\/internacional\/ceferin-el-barcelona-la-situacion-es-sumamente-grave-n\/\" target=\"_self\" rel=\"nofollow noopener\" title=\"https:\/\/as.com\/futbol\/internacional\/ceferin-el-barcelona-la-situacion-es-sumamente-grave-n\/\"><b>mayor esc\u00e1ndalo del f\u00fatbol <\/b><\/a><b>por su propio presidente Aleksander Ceferin<\/b>. No necesariamente una sanci\u00f3n se debe apoyar en un fallo judicial, pero el m\u00e1ximo organismo del f\u00fatbol europeo decidi\u00f3 esperar a que los tribunales hablaran.<\/p>\n<p>\u00bfQu\u00e9 papel juega la FIFA en todo ello? <\/p>\n<p class=\"\">De momento el de <b>observador<\/b>. FIFA s\u00ed que interviene cuando hay un caso que salpica a una Federaci\u00f3n respecto a ama\u00f1os o situaciones fraudulentas. En este caso se encuentra a la expectativa de lo que suceda, pero siempre teniendo en cuenta que el car\u00e1cter sancionador lo debe aplicar la UEFA. Con el art\u00edculo en la mano, <b>el Barcelona podr\u00eda ser excluido de la competici\u00f3n durante un a\u00f1o <\/b>sin necesidad de un fallo judicial, algo que el paso del tiempo est\u00e1 demostrando que no va a suceder.<\/p>\n<p class=\"\">La relaci\u00f3n entre el Real Madrid y la FIFA es excelente, pero en este caso <b>lo m\u00e1s que puede hacer el m\u00e1ximo organismo mundial es <\/b><b>presionar <\/b><b>pol\u00edticamente hablando<\/b>. <\/p>\n<p>Noticias relacionadas<a href=\"https:\/\/as.com\/opinion\/florentino-pasa-al-ataque-f202512-n\/\" class=\"s_m_w\" title=\"Laporta se entreg\u00f3 a Ceferin y el presidente ha optado por abandonar la Guerra Fr\u00eda y sacar los tanques a la calle para ir a por todas con el esc\u00e1ndalo Negreira.\" data-tb-link=\"\" rel=\"nofollow noopener\" target=\"_blank\"><img decoding=\"async\" src=\"https:\/\/www.europesays.com\/es\/wp-content\/uploads\/2025\/12\/WQOQ6256F5GOFOKHGUXF5QXKHI.JPG\" alt=\"Florentino pasa al ataque\" class=\"\" height=\"9\" width=\"16\"   loading=\"lazy\" data-tb-thumbnail=\"\"\/><\/a><a href=\"https:\/\/as.com\/futbol\/primera\/florentino-sobre-el-caso-negreira-los-informes-mas-caros-del-mundo-nunca-llegaron-a-sus-entrenadores-f202512-n\/\" class=\"s_m_w\" title=\"El presidente del Real Madrid ha realizado el tradicional discurso ante la prensa y ha hablado del caso Negreira y del penalti no pitado ayer sobre Vinicius ante el Alav\u00e9s. \" data-tb-link=\"\" rel=\"nofollow noopener\" target=\"_blank\"><img decoding=\"async\" src=\"https:\/\/www.europesays.com\/es\/wp-content\/uploads\/2025\/12\/K347LORCWRJR3MCX6LROOCBUUA.jpg\" alt=\"Florentino, sobre el caso Negreira: \u201cLos informes m\u00e1s caros del mundo nunca llegaron a sus entrenadores\u201d \" class=\"\" height=\"9\" width=\"16\"   loading=\"lazy\" data-tb-thumbnail=\"\"\/><\/a><\/p>\n<p class=\"\">En cuanto al famoso informe que est\u00e1 en proceso de enviar el club blanco hacia la FIFA respecto al arbitraje, ser\u00e1 examinado, pero como sucede en el anterior supuesto es un <b>tema local y de complicada intervenci\u00f3n por parte del m\u00e1ximo organismo del f\u00fatbol mundial<\/b>. Eso s\u00ed, si se demuestra que es un sistema que entra de lleno en lo considerado como corrupci\u00f3n, ah\u00ed s\u00ed que pod\u00eda entrar.<\/p>\n<p class=\"\"><b>\u00a1Tus opiniones importan!<\/b> Comenta en los art\u00edculos y suscr\u00edbete gratis a nuestra <a href=\"https:\/\/asfan.as.com\/newsletters\/\" target=\"_blank\" rel=\"nofollow noopener\" title=\"https:\/\/asfan.as.com\/newsletters\/\">newsletter<\/a> y a las alertas informativas en la <a href=\"https:\/\/as.com\/aplicacion-de-as-n\/\" target=\"_blank\" rel=\"nofollow noopener\" title=\"https:\/\/as.com\/aplicacion-de-as-n\/\">App<\/a> o el canal de <a href=\"https:\/\/www.whatsapp.com\/channel\/0029VaAasdA7j6g745nz9M10\" target=\"_blank\" rel=\"nofollow noopener\" title=\"https:\/\/www.whatsapp.com\/channel\/0029VaAasdA7j6g745nz9M10\">WhatsApp<\/a>. \u00bfBuscas licenciar contenido? Haz clic <a href=\"https:\/\/profesional.elpais.com\/soluciones-sindicacion?utm_medium=interno&amp;utm_source=crosslinking&amp;utm_campaign=sindicacion_as_pie_articulos\" target=\"_blank\" rel=\"nofollow noopener\" title=\"https:\/\/profesional.elpais.com\/soluciones-sindicacion?utm_medium=interno&amp;utm_source=crosslinking&amp;utm_campaign=sindicacion_as_pie_articulos\">aqu\u00ed<\/a><\/p>\n","protected":false},"excerpt":{"rendered":"El sistema sancionador del f\u00fatbol mundial est\u00e1 orquestado para que en las competiciones locales y a nivel continental&hellip;\n","protected":false},"author":2,"featured_media":292375,"comment_status":"","ping_status":"","sticky":false,"template":"","format":"standard","meta":{"footnotes":""},"categories":[268],"tags":[168,25,24,280,282,281,23,167],"class_list":{"0":"post-292374","1":"post","2":"type-post","3":"status-publish","4":"format-standard","5":"has-post-thumbnail","7":"category-futbol","8":"tag-deportes","9":"tag-es","10":"tag-espana","11":"tag-football","12":"tag-futbol","13":"tag-soccer","14":"tag-spain","15":"tag-sports"},"share_on_mastodon":{"url":"https:\/\/pubeurope.com\/@es\/115733673806569112","error":""},"_links":{"self":[{"href":"https:\/\/www.europesays.com\/es\/wp-json\/wp\/v2\/posts\/292374","targetHints":{"allow":["GET"]}}],"collection":[{"href":"https:\/\/www.europesays.com\/es\/wp-json\/wp\/v2\/posts"}],"about":[{"href":"https:\/\/www.europesays.com\/es\/wp-json\/wp\/v2\/types\/post"}],"author":[{"embeddable":true,"href":"https:\/\/www.europesays.com\/es\/wp-json\/wp\/v2\/users\/2"}],"replies":[{"embeddable":true,"href":"https:\/\/www.europesays.com\/es\/wp-json\/wp\/v2\/comments?post=292374"}],"version-history":[{"count":0,"href":"https:\/\/www.europesays.com\/es\/wp-json\/wp\/v2\/posts\/292374\/revisions"}],"wp:featuredmedia":[{"embeddable":true,"href":"https:\/\/www.europesays.com\/es\/wp-json\/wp\/v2\/media\/292375"}],"wp:attachment":[{"href":"https:\/\/www.europesays.com\/es\/wp-json\/wp\/v2\/media?parent=292374"}],"wp:term":[{"taxonomy":"category","embeddable":true,"href":"https:\/\/www.europesays.com\/es\/wp-json\/wp\/v2\/categories?post=292374"},{"taxonomy":"post_tag","embeddable":true,"href":"https:\/\/www.europesays.com\/es\/wp-json\/wp\/v2\/tags?post=292374"}],"curies":[{"name":"wp","href":"https:\/\/api.w.org\/{rel}","templated":true}]}}