{"id":292386,"date":"2025-12-17T07:21:13","date_gmt":"2025-12-17T07:21:13","guid":{"rendered":"https:\/\/www.europesays.com\/es\/292386\/"},"modified":"2025-12-17T07:21:13","modified_gmt":"2025-12-17T07:21:13","slug":"tiempo-espera-medico-de-familia-comunitat-valenciana-centro-de-salud","status":"publish","type":"post","link":"https:\/\/www.europesays.com\/es\/292386\/","title":{"rendered":"Tiempo espera m\u00e9dico de familia Comunitat Valenciana centro de salud"},"content":{"rendered":"<p class=\"ft-text ft-helper-closenews\">La <strong>espera media para conseguir cita previa con el m\u00e9dico de familia es de entre dos y tres semanas<\/strong>, pero hay quien solo ha conseguido cita a partir de enero (por ejemplo, en centros de salud de Mislata, Alfafar o Requena) lo que demora la atenci\u00f3n en casi un mes. De hecho,<a class=\"ft-link ft-link--decoration\" href=\"https:\/\/www.levante-emv.com\/comunitat-valenciana\/2025\/01\/08\/demora-citas-medico-centros-de-salud-pico-gripe-113184415.html\" target=\"_blank\" rel=\"nofollow noopener\"> conseguir cita previa en el m\u00e9dico de familia<\/a> en 24 o 48 horas es algo que califican de \u00abanecd\u00f3tico\u00bb en unos centros de salud saturados, con una gripe imparable y las plantillas mermadas.<\/p>\n<p class=\"ft-text\">\u00abLa <strong>falta de m\u00e9dicos es una realidad porque tenemos unas plantillas infradotadas<\/strong>. El tiempo medio de espera es de entre dos y tres semanas, y es una demora que est\u00e1 re\u00f1ida con la atenci\u00f3n primaria. Nosotros nos debemos caracterizar por la accesibilidad, aunque es cierto que<strong> la poblaci\u00f3n confunde accesibilidad con inmediatez<\/strong> y esto, con los recursos que tenemos no es posible. Hay que tener en cuenta que <strong>a los m\u00e9dicos nadie nos sustituye<\/strong>. Ni cuando enfermamos, ni en vacaciones, ni cuando salimos de una guardia. Los m\u00e9dicos nos sustituimos entre nosotros, es decir, atendemos a los pacientes del compa\u00f1ero y los sumamos a los nuestros. Hay centros que se gestionan mejor y es todo un logro que tengan menos tiempo de demora, pero es algo anecd\u00f3tico. Y, al final, o es ahora por la <a class=\"ft-link ft-link--decoration\" href=\"https:\/\/www.levante-emv.com\/tags\/gripe\/\" target=\"_blank\" rel=\"nofollow noopener\">gripe <\/a>o es en verano por las vacaciones, pero estamos hablando de algo estructural\u00bb, explica la presidenta de la Societat de Medicina Familiar i Comunitaria (Sovamfic), M\u00aa \u00c1ngeles Medina, tras recalcar que, <strong>como sociedad cient\u00edfica<\/strong>, su labor se centra \u00aben la calidad asistencial y de atenci\u00f3n al paciente\u00bb.<\/p>\n<p>Un virus antiguo y listo<\/p>\n<p class=\"ft-text\">Y as\u00ed, con unas plantillas mermadas, <strong>llega el invierno, llega la gripe y todo se complica<\/strong>. \u00abEl virus de la gripe es muy antiguo y, adem\u00e1s, es muy listo. Siempre ha estado ah\u00ed y todos los inviernos hay gripe. \u00bfQu\u00e9 ha pasado este a\u00f1o? Pues que<a class=\"ft-link ft-link--decoration\" href=\"https:\/\/www.levante-emv.com\/comunitat-valenciana\/2025\/12\/13\/gripe-valencia-cuatro-posibles-escenarios-cepa-k-124687476.html\" target=\"_blank\" rel=\"nofollow noopener\"> ha empezado a circular antes y se ha adelantado<\/a>. Por eso es posible que el pico de la epidemia sea estas navidades y que tengamos un segundo pico tras las fiestas, como consecuencia de contagios masivos por tanta interacci\u00f3n\u00bb, apunta Medina.<\/p>\n<p class=\"ft-text\">Los contagios de la gripe van a m\u00e1s. Los \u00faltimos datos del\u00a0<a href=\"https:\/\/www.san.gva.es\/es\/web\/salut-publica\/sivira\" class=\"ft-link ft-link--decoration\" rel=\"nofollow noopener\" target=\"_blank\">Sistema de Vigilancia de Infecciones Respiratorias (Sivira)<\/a>\u00a0de la Comunitat Valenciana sit\u00faan la incidencia en la cifra m\u00e1xima registrada todo el invierno pasado (<strong>1.192,5 puntos), <\/strong>lo que muestra la &#8216;explosividad&#8217; del virus en estas primeras semanas de diciembre. Ah\u00ed entra en juego una nueva variante<strong>, la &#8216;K&#8217;, que ha escapado a la vacuna<\/strong> porque hac\u00eda muchos a\u00f1os que no circulaba y la vacuna se formul\u00f3 sin tenerla en cuenta porque <strong>el virus de la gripe es muy listo<\/strong>. Por eso nos ha acompa\u00f1ado toda la vida\u00bb, destacan desde Sovamfic tras recalcar la importancia de la vacunaci\u00f3n y de suprimir el bulo que hace referencia a que \u00abpor llevar mascarilla estamos menos inmunizados\u00bb. \u00abOjo con esto porque es <strong>una afirmaci\u00f3n muy peligrosa porque es, adem\u00e1s, mentira<\/strong>\u00ab, insiste Medina.<\/p>\n<p class=\"ft-text\">El vir\u00f3logo y catedr\u00e1tico de microbiolog\u00eda, Jos\u00e9 Antonio L\u00f3pez Guerrero, tambi\u00e9n destaca <a class=\"ft-link ft-link--decoration\" href=\"https:\/\/www.levante-emv.com\/comunitat-valenciana\/2025\/12\/06\/gripe-covid-siguen-alza-sanidad-124486818.html\" target=\"_blank\" rel=\"nofollow noopener\">la importancia de la vacunaci\u00f3n<\/a> y niega una inmunidad menor por el uso de la mascarilla. \u00abEl haber pasado m\u00e1s de un a\u00f1o con mascarilla nos protegi\u00f3 de un gran n\u00famero de pat\u00f3genos aerotransportados respiratorios, no solo covid, sino gripe, catarros&#8230; e incluso procesos bacterianos como la tuberculosis. Eso hizo que luego, cuando nos quitamos las mascarillas, algunos sectores de la poblaci\u00f3n hubieran perdido contacto inmunol\u00f3gico justo al a\u00f1o siguiente. Pero han pasado ya cuatro a\u00f1os desde que nos quitamos las mascarillas y <strong>volvimos a un sistema de inmunidad grupal para virus catarrales<\/strong>\u00ab, explica el experto y autor del libro \u00abLos buenos virus\u00bb. \u00abLa vacunaci\u00f3n es la medida m\u00e1s eficaz y sigue siendo la m\u00e1s v\u00e1lida\u00bb, afirma L\u00f3pez Guerrero.<\/p>\n<p>Consejos aprendidos<\/p>\n<p class=\"ft-text\">Teniendo en cuenta del aumento de casos de gripe en la Comunitat Valenciana, los expertos recalcan la importancia de <strong>aplicar consejos aprendidos en la pandemia de la Covid 19<\/strong> y que, sin embargo, \u00abnos dan pereza\u00bb. \u00abExiste un cansancio pospand\u00e9mico evidente y nos negamos a aplicar lo que ya aprendimos. Lavarse las manos, toser o estornudar en el hueco del codo, llevar <a class=\"ft-link ft-link--decoration\" href=\"https:\/\/www.levante-emv.com\/espana\/2025\/11\/26\/gobierno-plantea-imponer-mascarillas-espacios-124162778.html\" target=\"_blank\" rel=\"nofollow noopener\">mascarilla si hay s\u00edntomas<\/a> y por supuesto, llevarla siempre que uno acude al centro de salud. Tanto para protegerse como para proteger al resto\u00bb.<\/p>\n<p class=\"ft-text\">Desde la Conselleria de Sanidad, por su parte, recalcan que<strong> a principios de diciembre se activ\u00f3 un refuerzo de 273 contrataciones en el Sistema Valenciano de Salud<\/strong> para que los departamentos de salud dispusieran de m\u00e1s profesionales \u00aben funci\u00f3n de la incidencia de las infecciones respiratorias y la situaci\u00f3n en cada uno de ellos\u00bb. \u00abEl objetivo de este refuerzo, cuyo presupuesto es superior a 1,5 millones de euros, es prevenir posibles sobrecargas de aquellas \u00e1reas que puedan verse m\u00e1s afectadas por la incidencia, fundamentalmente de la gripe, como son los servicios de urgencias, las \u00e1reas de observaci\u00f3n y las unidades de hospitalizaci\u00f3n\u00bb, aseguraron desde la conselleria.<\/p>\n<p data-close=\"closedContent\" class=\"subscribeHideForDisplay\">Suscr\u00edbete para seguir leyendo<\/p>\n","protected":false},"excerpt":{"rendered":"La espera media para conseguir cita previa con el m\u00e9dico de familia es de entre dos y tres&hellip;\n","protected":false},"author":2,"featured_media":292387,"comment_status":"","ping_status":"","sticky":false,"template":"","format":"standard","meta":{"footnotes":""},"categories":[92],"tags":[4114,12189,16980,23295,25,24,367,7749,165,51096,11237,166,70012,23,2275],"class_list":{"0":"post-292386","1":"post","2":"type-post","3":"status-publish","4":"format-standard","5":"has-post-thumbnail","7":"category-salud","8":"tag-centros","9":"tag-comunitat-valenciana","10":"tag-contagio","11":"tag-contagios","12":"tag-es","13":"tag-espana","14":"tag-familia","15":"tag-gripe","16":"tag-health","17":"tag-listas-de-espera","18":"tag-rapido","19":"tag-salud","20":"tag-satura","21":"tag-spain","22":"tag-virus"},"share_on_mastodon":{"url":"https:\/\/pubeurope.com\/@es\/115733704424455257","error":""},"_links":{"self":[{"href":"https:\/\/www.europesays.com\/es\/wp-json\/wp\/v2\/posts\/292386","targetHints":{"allow":["GET"]}}],"collection":[{"href":"https:\/\/www.europesays.com\/es\/wp-json\/wp\/v2\/posts"}],"about":[{"href":"https:\/\/www.europesays.com\/es\/wp-json\/wp\/v2\/types\/post"}],"author":[{"embeddable":true,"href":"https:\/\/www.europesays.com\/es\/wp-json\/wp\/v2\/users\/2"}],"replies":[{"embeddable":true,"href":"https:\/\/www.europesays.com\/es\/wp-json\/wp\/v2\/comments?post=292386"}],"version-history":[{"count":0,"href":"https:\/\/www.europesays.com\/es\/wp-json\/wp\/v2\/posts\/292386\/revisions"}],"wp:featuredmedia":[{"embeddable":true,"href":"https:\/\/www.europesays.com\/es\/wp-json\/wp\/v2\/media\/292387"}],"wp:attachment":[{"href":"https:\/\/www.europesays.com\/es\/wp-json\/wp\/v2\/media?parent=292386"}],"wp:term":[{"taxonomy":"category","embeddable":true,"href":"https:\/\/www.europesays.com\/es\/wp-json\/wp\/v2\/categories?post=292386"},{"taxonomy":"post_tag","embeddable":true,"href":"https:\/\/www.europesays.com\/es\/wp-json\/wp\/v2\/tags?post=292386"}],"curies":[{"name":"wp","href":"https:\/\/api.w.org\/{rel}","templated":true}]}}