{"id":292388,"date":"2025-12-17T07:27:10","date_gmt":"2025-12-17T07:27:10","guid":{"rendered":"https:\/\/www.europesays.com\/es\/292388\/"},"modified":"2025-12-17T07:27:10","modified_gmt":"2025-12-17T07:27:10","slug":"la-aemet-detalla-como-evolucionara-el-tiempo-en-canarias-tras-ampliar-los-avisos","status":"publish","type":"post","link":"https:\/\/www.europesays.com\/es\/292388\/","title":{"rendered":"La Aemet detalla c\u00f3mo evolucionar\u00e1 el tiempo en Canarias tras ampliar los avisos"},"content":{"rendered":"<p>La Agencia Estatal de Meteorolog\u00eda (<a href=\"https:\/\/www.aemet.es\/es\/eltiempo\/prediccion\/avisos?w=mna&amp;a=can\" rel=\"nofollow noopener\" target=\"_blank\">Aemet<\/a>) mantiene activado el <strong>aviso amarillo por fen\u00f3menos costeros<\/strong> en Lanzarote y Fuerteventura debido a mar combinado del norte o noroeste con olas de <strong>entre 4 y 5 metros<\/strong>.<\/p>\n<p>En el caso de Lanzarote, el aviso estar\u00e1 vigente hasta las <strong>16.00 horas <\/strong>de este mi\u00e9rcoles, mientras que en Fuerteventura afectar\u00e1 hasta las <strong>12:00 horas<\/strong>.<\/p>\n<p>En este contexto, el Gobierno de Canarias, a trav\u00e9s de la Direcci\u00f3n General de Emergencias, mantiene activa la <strong>prealerta por fen\u00f3menos costeros<\/strong> en todo el Archipi\u00e9lago, atendiendo a la informaci\u00f3n facilitada por la Aemet y dentro del marco del Plan Espec\u00edfico de Emergencias de Canarias por Riesgos de Fen\u00f3menos Meteorol\u00f3gicos Adversos (PEFMA).<\/p>\n<p>La prealerta afecta al <strong>litoral norte y oeste de El Hierro, La Palma, Fuerteventura y Lanzarote<\/strong>, as\u00ed como a la <strong>costa norte de La Gomera, Tenerife y Gran Canaria<\/strong>.<\/p>\n<p>El tiempo en Canarias este mi\u00e9rcoles<\/p>\n<p>La previsi\u00f3n meteorol\u00f3gica para este mi\u00e9rcoles, 17 de diciembre, indica un predominio de los cielos nubosos, con claros ocasionales en el sur, y <strong>lluvias <\/strong>d\u00e9biles a moderadas<strong> <\/strong>en la vertiente norte, que <strong>podr\u00edan ser persistentes<\/strong> en median\u00edas y zonas altas. En las vertientes sur, la probabilidad de lluvias ser\u00e1 baja y de car\u00e1cter ocasional.<\/p>\n<p>Las temperaturas m\u00ednimas registrar\u00e1n pocos cambios y las m\u00e1ximas experimentar\u00e1n un ligero descenso, con valores que oscilar\u00e1n entre los 21 grados de m\u00e1xima en Tenerife y los <strong>13 grados <\/strong>de m\u00ednima en El Hierro. <\/p>\n<p>El viento soplar\u00e1 del noreste moderado, con <strong>intervalos de fuerte<\/strong> en los extremos sureste y oeste. No se descartan <strong>rachas localmente muy fuertes<\/strong>. En cumbres, se espera <strong>viento fuerte del norte<\/strong> con probables rachas muy fuertes.<\/p>\n<p>Nueva vaguada<\/p>\n<p>Adem\u00e1s, el tiempo continuar\u00e1 inestable en los pr\u00f3ximos d\u00edas tras el paso de la <strong><a href=\"https:\/\/diariodeavisos.elespanol.com\/2025\/12\/borrasca-records-canarias\/\" rel=\"nofollow noopener\" target=\"_blank\">borrasca Emilia<\/a><\/strong>, debido a la entrada de una peque\u00f1a vaguada, que favorecer\u00e1 la presencia de <strong>lluvias, un ligero descenso t\u00e9rmico y episodios de viento<\/strong>, especialmente en las islas de mayor relieve.<\/p>\n<p>Las precipitaciones se concentrar\u00e1n principalmente en el <strong>norte de las islas y zonas de interior<\/strong>. En el <strong>norte de Gran Canaria<\/strong>, los acumulados podr\u00edan superar los <strong>30 litros por metro cuadrado<\/strong> en puntos concretos, mientras que en el <strong>norte de Tenerife<\/strong> podr\u00edan rebasarse los <strong>10 litros<\/strong>. <\/p>\n<p>Tambi\u00e9n se prev\u00e9n lluvias puntuales en <strong>Fuerteventura y Lanzarote<\/strong>, especialmente en sectores del oeste. En <strong>El Hierro<\/strong>, las precipitaciones podr\u00edan afectar al noreste de la isla, con registros en torno a los <strong>4 litros por metro cuadrado<\/strong>, especialmente en <strong>Valverde<\/strong>.<\/p>\n<p>El <strong>viento de componente norte<\/strong> ser\u00e1 otro de los factores a vigilar, con <strong>rachas fuertes o muy fuertes<\/strong> entre la tarde del martes y la jornada del mi\u00e9rcoles, especialmente en las <strong>cumbres centrales de Tenerife<\/strong> y en zonas elevadas de <strong>Gran Canaria y La Gomera<\/strong>.<\/p>\n","protected":false},"excerpt":{"rendered":"La Agencia Estatal de Meteorolog\u00eda (Aemet) mantiene activado el aviso amarillo por fen\u00f3menos costeros en Lanzarote y Fuerteventura&hellip;\n","protected":false},"author":2,"featured_media":292389,"comment_status":"","ping_status":"","sticky":false,"template":"","format":"standard","meta":{"footnotes":""},"categories":[8],"tags":[17,18,25,24,13,14,11,19,20,9,10,15,16,23,12,21,22],"class_list":{"0":"post-292388","1":"post","2":"type-post","3":"status-publish","4":"format-standard","5":"has-post-thumbnail","7":"category-espana","8":"tag-breaking-news","9":"tag-breakingnews","10":"tag-es","11":"tag-espana","12":"tag-featured-news","13":"tag-featurednews","14":"tag-headlines","15":"tag-latest-news","16":"tag-latestnews","17":"tag-news","18":"tag-noticias","19":"tag-noticias-destacadas","20":"tag-noticiasdestacadas","21":"tag-spain","22":"tag-titulares","23":"tag-ultimas-noticias","24":"tag-ultimasnoticias"},"share_on_mastodon":{"url":"https:\/\/pubeurope.com\/@es\/115733728079366621","error":""},"_links":{"self":[{"href":"https:\/\/www.europesays.com\/es\/wp-json\/wp\/v2\/posts\/292388","targetHints":{"allow":["GET"]}}],"collection":[{"href":"https:\/\/www.europesays.com\/es\/wp-json\/wp\/v2\/posts"}],"about":[{"href":"https:\/\/www.europesays.com\/es\/wp-json\/wp\/v2\/types\/post"}],"author":[{"embeddable":true,"href":"https:\/\/www.europesays.com\/es\/wp-json\/wp\/v2\/users\/2"}],"replies":[{"embeddable":true,"href":"https:\/\/www.europesays.com\/es\/wp-json\/wp\/v2\/comments?post=292388"}],"version-history":[{"count":0,"href":"https:\/\/www.europesays.com\/es\/wp-json\/wp\/v2\/posts\/292388\/revisions"}],"wp:featuredmedia":[{"embeddable":true,"href":"https:\/\/www.europesays.com\/es\/wp-json\/wp\/v2\/media\/292389"}],"wp:attachment":[{"href":"https:\/\/www.europesays.com\/es\/wp-json\/wp\/v2\/media?parent=292388"}],"wp:term":[{"taxonomy":"category","embeddable":true,"href":"https:\/\/www.europesays.com\/es\/wp-json\/wp\/v2\/categories?post=292388"},{"taxonomy":"post_tag","embeddable":true,"href":"https:\/\/www.europesays.com\/es\/wp-json\/wp\/v2\/tags?post=292388"}],"curies":[{"name":"wp","href":"https:\/\/api.w.org\/{rel}","templated":true}]}}