{"id":292400,"date":"2025-12-17T07:38:10","date_gmt":"2025-12-17T07:38:10","guid":{"rendered":"https:\/\/www.europesays.com\/es\/292400\/"},"modified":"2025-12-17T07:38:10","modified_gmt":"2025-12-17T07:38:10","slug":"feijoo-dice-que-los-andaluces-no-saben-contar-y-alejandro-sanz-le-da-la-replica-del-dia-del-mes-y-del-ano","status":"publish","type":"post","link":"https:\/\/www.europesays.com\/es\/292400\/","title":{"rendered":"Feij\u00f3o dice que los andaluces &#8216;no saben contar&#8217; y Alejandro Sanz le da la r\u00e9plica del d\u00eda, del mes y del a\u00f1o"},"content":{"rendered":"<p>El reconocido cantante Alejandro Sanz, ganador de 24 Premios Grammy Latino y 4 Premios Grammy estadounidense, adem\u00e1s de contar con su propia estrella en el Paseo de la Fama de Hollywood, ha respondido a las pol\u00e9micas palabras del presidente del <a href=\"https:\/\/www.huffingtonpost.es\/politica\/ayuso-habla-herencia-recibira-pp-avisa-jovenes-que-hay-trabajar-fuerte-f202512.html\" rel=\"nofollow noopener\" target=\"_blank\">PP<\/a> y l\u00edder de la oposici\u00f3n, <a href=\"https:\/\/www.huffingtonpost.es\/virales\/la-frase-feijoo-sobre-andaluces-le-vuelve-minuto-no-contarbr-f202512.html\" rel=\"nofollow noopener\" target=\"_blank\">Alberto N\u00fa\u00f1ez Feij\u00f3o<\/a>, sobre los andaluces.<\/p>\n<p>En un intento de hacer una broma este martes durante la cena de Navidad del Partido Popular del Madrid, hizo un comentario que es el mejor ejemplo de la frase \u00abescupir hacia arriba\u00bb sobre un debate que ha surgido recientemente en el que andaluces y gallegos discuten sobre qui\u00e9n tiene los mayores kil\u00f3metros de costa de Espa\u00f1a.<\/p>\n<p>Feij\u00f3o afirmaba que \u00abGalicia es un bosque, el 47% de la madera de Espa\u00f1a regada por agua dulce. 600 r\u00edos interiores y circunvalada por agua salada, <b>tenemos los mayores kil\u00f3metros de costa de Espa\u00f1a<\/b>\u00ab.\u00a0<\/p>\n<p>El chascarrillo del final es justo lo que se le ha venido en contra: \u00ab<b>Los andaluces no est\u00e1n de acuerdo, pero no saben contar<\/b>. Las r\u00edas tienen doble costa, por lo tanto, es el lugar con m\u00e1s kil\u00f3metros de costa en Espa\u00f1a\u00bb.<\/p>\n<p>La reacci\u00f3n de Alejandro Sanz<\/p>\n<p>El cantante, que siempre ha tenido una conexi\u00f3n muy poderosa con Andaluc\u00eda, ha superado los 2.000 &#8216;me gusta&#8217; en apenas una hora tras su respuesta a Feij\u00f3o en un tuit publicado en su perfil oficial de X.<\/p>\n<p><b>\u00abUn dos tres, cuatro cinco seis, siete ocho, nueve diez. Un dos. As\u00ed se cuenta en Andaluc\u00eda\u00bb<\/b>, ha afirmado Sanz en la publicaci\u00f3n, e la que ya han sido testigo m\u00e1s de 40.000 personas (y subiendo).<\/p>\n<p>Hasta el PSOE de Andaluc\u00eda ha reaccionado en redes sociales: \u00abPues ya hemos perdido la cuenta de contar las barbaridades que dicen \u00e9l y su alma mater en Andaluc\u00eda, el de la er\u00f3tica del poder&#8230;\u00bb.<\/p>\n<p>La costa gallega y andaluza<\/p>\n<p>Tal y como se\u00f1ala el Ministerio para la Transici\u00f3n Ecol\u00f3gica y el Reto Demogr\u00e1fico, conocida como <a href=\"https:\/\/www.miteco.gob.es\/content\/dam\/miteco\/images\/es\/perfilamb2006_marcogral_tcm30-185487.pdf\" rel=\"nofollow noopener\" target=\"_blank\">MITECO<\/a>, la costa gallega se extiende a lo largo de 1.498 kil\u00f3metros, \u00abel \u00fanico tramo de la costa espa\u00f1ola articulada por numerosas r\u00edas\u00bb.<\/p>\n<p>Por otro lado, se\u00f1ala que la franja litoral de Andaluc\u00eda se extiende a lo largo de 1.000 kil\u00f3metros, en el que existe \u00abuna gran diversidad de espacios naturales\u00bb.<\/p>\n","protected":false},"excerpt":{"rendered":"El reconocido cantante Alejandro Sanz, ganador de 24 Premios Grammy Latino y 4 Premios Grammy estadounidense, adem\u00e1s de&hellip;\n","protected":false},"author":2,"featured_media":292401,"comment_status":"","ping_status":"","sticky":false,"template":"","format":"standard","meta":{"footnotes":""},"categories":[174],"tags":[6069,10842,259,255,146,147,25,24,256,23],"class_list":{"0":"post-292400","1":"post","2":"type-post","3":"status-publish","4":"format-standard","5":"has-post-thumbnail","7":"category-famosos","8":"tag-alberto-nunez-feijoo","9":"tag-alejandro-sanz","10":"tag-andalucia","11":"tag-celebrities","12":"tag-entertainment","13":"tag-entretenimiento","14":"tag-es","15":"tag-espana","16":"tag-famosos","17":"tag-spain"},"share_on_mastodon":{"url":"https:\/\/pubeurope.com\/@es\/115733771741564611","error":""},"_links":{"self":[{"href":"https:\/\/www.europesays.com\/es\/wp-json\/wp\/v2\/posts\/292400","targetHints":{"allow":["GET"]}}],"collection":[{"href":"https:\/\/www.europesays.com\/es\/wp-json\/wp\/v2\/posts"}],"about":[{"href":"https:\/\/www.europesays.com\/es\/wp-json\/wp\/v2\/types\/post"}],"author":[{"embeddable":true,"href":"https:\/\/www.europesays.com\/es\/wp-json\/wp\/v2\/users\/2"}],"replies":[{"embeddable":true,"href":"https:\/\/www.europesays.com\/es\/wp-json\/wp\/v2\/comments?post=292400"}],"version-history":[{"count":0,"href":"https:\/\/www.europesays.com\/es\/wp-json\/wp\/v2\/posts\/292400\/revisions"}],"wp:featuredmedia":[{"embeddable":true,"href":"https:\/\/www.europesays.com\/es\/wp-json\/wp\/v2\/media\/292401"}],"wp:attachment":[{"href":"https:\/\/www.europesays.com\/es\/wp-json\/wp\/v2\/media?parent=292400"}],"wp:term":[{"taxonomy":"category","embeddable":true,"href":"https:\/\/www.europesays.com\/es\/wp-json\/wp\/v2\/categories?post=292400"},{"taxonomy":"post_tag","embeddable":true,"href":"https:\/\/www.europesays.com\/es\/wp-json\/wp\/v2\/tags?post=292400"}],"curies":[{"name":"wp","href":"https:\/\/api.w.org\/{rel}","templated":true}]}}