{"id":292417,"date":"2025-12-17T07:49:09","date_gmt":"2025-12-17T07:49:09","guid":{"rendered":"https:\/\/www.europesays.com\/es\/292417\/"},"modified":"2025-12-17T07:49:09","modified_gmt":"2025-12-17T07:49:09","slug":"caracas-resignada-ante-un-bombardeo-de-trump","status":"publish","type":"post","link":"https:\/\/www.europesays.com\/es\/292417\/","title":{"rendered":"Caracas, resignada ante un bombardeo de Trump"},"content":{"rendered":"<p data-gtm-element-container=\"modulo-texto-link\" class=\"paragraph\">\u00a0Caracas vive un extra\u00f1o dilema. La mayor\u00eda quiere un cambio despu\u00e9s de 13 a\u00f1os de Nicol\u00e1s Maduro y 25 del chavismo en versi\u00f3n pura o degenerada. Pero no todos quieren el mismo cambio y la mayor\u00eda\u00a0 rechaza \u2014el 55% en contra frente al 20% a favor\u2014 una intervenci\u00f3n militar estadounidense para lograrlo.<\/p>\n<p data-gtm-element-container=\"modulo-texto-link\" class=\"paragraph\">De ah\u00ed emerge una suerte de resignaci\u00f3n estoica ante un ataque a\u00e9reo estadounidense que muchos analistas en Washington creen inevitable.<\/p>\n<p data-gtm-element-container=\"modulo-texto-link\" class=\"paragraph\">Los caraque\u00f1os miran sus tel\u00e9fonos m\u00f3viles por si ha llegado el momento, y luego vuelven al trabajo. Como Antonio, que coloca y retira las toallas sin usar en la piscina del vaciado hotel Altamira Suites. \u201cVan a llegar y \u00a1pum! \u00a1pum! Yo me quedar\u00e9 en casa; porque aqu\u00ed estamos cerca&#8217;\u201d, dice sin mostrar ning\u00fan indicio de miedo o zozobra.<\/p>\n<p>        Lee tambi\u00e9n<\/p>\n<p>    Agencias<\/p>\n<p>             <img loading=\"lazy\" decoding=\"async\" data-full-src=\"https:\/\/www.lavanguardia.com\/uploads\/2025\/12\/17\/6941fc87d945e.jpeg\" alt=\"Horizontal\" width=\"104\" height=\"108\" src=\"https:\/\/www.europesays.com\/es\/wp-content\/uploads\/2025\/12\/6941fc87d945e.r_d.2611-1763.jpeg\" class=\"lazy\"\/><\/p>\n<p data-gtm-element-container=\"modulo-texto-link\" class=\"paragraph\">Efectivamente, cuando los expertos en Washington emplean el eufemismo de \u201celiminar infraestructura militar\u201d, puede parecer un ataque contra aparatos de guerra\u00a0 y alg\u00fan hombre en uniforme. Pero la base a\u00e9rea militar m\u00e1s importante de Caracas, la Carlota, est\u00e1 a un kil\u00f3metro del hotel en una zona residencial y comercial. Parad\u00f3jicamente, este posible blanco para los misiles estadounidenses est\u00e1\u00a0 situado en\u00a0 el barrio de Altamira, el adinerado feudo de la oposici\u00f3n m\u00e1s beligerante de Leopoldo L\u00f3pez, Juan Guaid\u00f3 y Mar\u00eda Corina Machado.<\/p>\n<p data-gtm-element-container=\"modulo-texto-link\" class=\"paragraph\">Para rematar la iron\u00eda, es la base donde Guaid\u00f3 y\u00a0 L\u00f3pez se hicieron una foto con un grupo de militares en abril del 2019 para anunciar un inexistente golpe de Estado contra Maduro.\u00a0<\/p>\n<p data-gtm-element-container=\"modulo-texto-link\" class=\"paragraph\">Hay una suerte de zen caribe\u00f1o y una moderaci\u00f3n de lenguaje en Caracas que contrasta con la ret\u00f3rica rimbombante y, a la vez,\u00a0 incendiaria que resuena en Florida e, incre\u00edblemente, Oslo.\u00a0<\/p>\n<p>Una suerte de zen caribe\u00f1o contrasta con la ret\u00f3rica que resuena en Miami y en Oslo<\/p>\n<p data-gtm-element-container=\"modulo-texto-link\" class=\"paragraph\">Si el mundo fuera al rev\u00e9s y Caracas estuviera a punto de bombardear Miami, los votantes de Marco Rubio, el secretario de Estado y senador por Florida, ya habr\u00edan agotado los stocks de bunkers antibomba y ansiol\u00edticos.\u00a0<\/p>\n<p data-gtm-element-container=\"modulo-texto-link\" class=\"paragraph\">Pero en Caracas, basta con tomar un par de cervezas Polar con un cachito de queso paiva. \u201cHay una mezcla de estoicismo y escepticismo; muchos creen que es un bluff de Trump\u201d, dice un encuestador independiente que no quiere que se publique su nombre en una entrevista mantenida en su agradable apartamento en los altos de Altamira.<\/p>\n<p data-gtm-element-container=\"modulo-texto-link\" class=\"paragraph\">Las advertencias alarmantes que llegan desde Estados Unidos se toman con filosof\u00eda. \u201cYo tengo familiares en Texas y Nueva York; me llaman y me dicen: &#8216;\u00a1Amor m\u00edo! \u00bfTe est\u00e1n tirando bombas?&#8217; Y yo digo que no, que todo est\u00e1 bien y que estoy cenando algo sabroso\u201d, comenta Tatiana dependienta en una  boutique de moda en Altamira llamada Domus.\u00a0\u00a0<\/p>\n<p data-gtm-element-container=\"modulo-texto-link\" class=\"paragraph\">Los expatriados son los venezolanos que defienden con m\u00e1s fervor a la trumpista\u00a0 Corina Machado cuya popularidad cae, en parte, porque se niega a condenar el plan de\u00a0 invasi\u00f3n estadounidense. Tatiana tiene una respuesta clara\u00a0 para sus familiares en EE.UU cuando hablan del tema: \u201cYo les digo  que si quieren los ataques, que vengan aqu\u00ed a verlos\u201d.<\/p>\n<p data-gtm-element-container=\"modulo-texto-link\" class=\"paragraph\">A diferencia de Corina Machado, que tampoco estar\u00e1 en Caracas si llegan los misiles Lockheed Martin, la mayor\u00eda de los caraque\u00f1os rechazan la polarizaci\u00f3n en  blanco y negro de la\u00a0 pol\u00edtica entre la derecha radical venezolana y parte del chavismo en el poder. \u201cAqu\u00ed somos grises\u201d, dice Tatiana, que vende zapatillas por 500 d\u00f3lares a clientes de la oposici\u00f3n y del chavismo tambi\u00e9n.\u00a0<\/p>\n<p data-gtm-element-container=\"modulo-texto-link\" class=\"paragraph\">Si la ret\u00f3rica de guerra y venganza de Corina Machado no convence a la mayor\u00eda de los caraque\u00f1os, tampoco hay mucho entusiasmo por la ret\u00f3rica\u00a0 trasnochada de \u201cpatria o muerte\u201d del gobierno. Parad\u00f3jicamente,\u00a0 Corina Machado y Maduro tienen algo en com\u00fan: la demagogia sobre la guerra es necesaria para su supervivencia pol\u00edtica. Pero en las calles de Caracas, reina la pol\u00edtica del avestruz. \u201cYo no escucho las noticias en la radio; me atormentan\u201d, dice Cesar, un conductor de Ridery, la excelente versi\u00f3n venezolana de Uber,  y cambia a la cadena de salsa.<\/p>\n<p data-gtm-element-container=\"modulo-texto-link\" class=\"paragraph\">\u201cMuchos se autobloquean, algunos porque no creen que esto puede pasar y que vamos a volver a repetir la misma historia, otros porque saben que no pueden hacer nada\u201d,\u00a0 a\u00f1ade el encuestador en Altamira.  \u201c\u00bfQu\u00e9 va a hacer la poblaci\u00f3n venezolana cuando tiene enfrente a la flota de los Estados Unidos?\u201d\u00a0<\/p>\n<p>\u201c\u00bfQu\u00e9 va a hacer el pueblo venezolano cuando tiene en frente a la flota de EE.UU?\u201d<\/p>\n<p data-gtm-element-container=\"modulo-texto-link\" class=\"paragraph\">Efectivamente, el sobrecogedor despliegue de la US Navy en el Caribe ya ha sumado dos buques m\u00e1s, el San Antonio y el Fort Lauderdale, para convertirse en la m\u00e1s grande desde la primera guerra del Golfo.\u00a0<\/p>\n<p data-gtm-element-container=\"modulo-texto-link\" class=\"paragraph\">Solo a los creyentes del viejo chavismo se les ocurre hablar de resistir. \u201cYo tengo 75 a\u00f1os, pero morir\u00e9 por la patria; y mi arma principal es mi convicci\u00f3n\u201d, exclama un diputado chavista afrovenezolano en el barrio de San Agust\u00edn. No es la reacci\u00f3n m\u00e1s com\u00fan, y menos en gente joven.<\/p>\n<p data-gtm-element-container=\"modulo-texto-link\" class=\"paragraph\">Una parte de la sangre fr\u00eda que corre por las venas de Caracas en la cuenta atr\u00e1s al bombardeo obedece a una peligrosa falacia. Aquello del\u00a0 \u201cataque quir\u00fargico\u201d.   \u201cSi hay bombas, que sean bombas all\u00e1 donde tienen que estar. \u00a1Aqu\u00ed no!\u201d, dice una joven camarera en la panader\u00eda Flor de Altamira, donde los caraque\u00f1os com\u00edan arepas asadas y huevos con perico,\u00a0 un manjar interrumpido solo por las miradas al tel\u00e9fono y a las redes sociales. \u201cLa mayor\u00eda de la gente espera que no sea un bombardeo como tal, sino que sea quir\u00fargico. O que manden un equipo, un comando, que lo agarre (a Maduro) y que lo detenga\u201d, explica Wilmer Gonz\u00e1lez, que espera que Trump no estropee la Navidad.<\/p>\n","protected":false},"excerpt":{"rendered":"\u00a0Caracas vive un extra\u00f1o dilema. La mayor\u00eda quiere un cambio despu\u00e9s de 13 a\u00f1os de Nicol\u00e1s Maduro y&hellip;\n","protected":false},"author":2,"featured_media":292418,"comment_status":"","ping_status":"","sticky":false,"template":"","format":"standard","meta":{"footnotes":""},"categories":[42],"tags":[17,18,13,14,11,61,62,63,64,19,20,9,10,15,16,12,21,22,65,66,67],"class_list":{"0":"post-292417","1":"post","2":"type-post","3":"status-publish","4":"format-standard","5":"has-post-thumbnail","7":"category-internacional","8":"tag-breaking-news","9":"tag-breakingnews","10":"tag-featured-news","11":"tag-featurednews","12":"tag-headlines","13":"tag-internacional","14":"tag-international","15":"tag-international-news","16":"tag-internationalnews","17":"tag-latest-news","18":"tag-latestnews","19":"tag-news","20":"tag-noticias","21":"tag-noticias-destacadas","22":"tag-noticiasdestacadas","23":"tag-titulares","24":"tag-ultimas-noticias","25":"tag-ultimasnoticias","26":"tag-world","27":"tag-world-news","28":"tag-worldnews"},"share_on_mastodon":{"url":"https:\/\/pubeurope.com\/@es\/115733814992389965","error":""},"_links":{"self":[{"href":"https:\/\/www.europesays.com\/es\/wp-json\/wp\/v2\/posts\/292417","targetHints":{"allow":["GET"]}}],"collection":[{"href":"https:\/\/www.europesays.com\/es\/wp-json\/wp\/v2\/posts"}],"about":[{"href":"https:\/\/www.europesays.com\/es\/wp-json\/wp\/v2\/types\/post"}],"author":[{"embeddable":true,"href":"https:\/\/www.europesays.com\/es\/wp-json\/wp\/v2\/users\/2"}],"replies":[{"embeddable":true,"href":"https:\/\/www.europesays.com\/es\/wp-json\/wp\/v2\/comments?post=292417"}],"version-history":[{"count":0,"href":"https:\/\/www.europesays.com\/es\/wp-json\/wp\/v2\/posts\/292417\/revisions"}],"wp:featuredmedia":[{"embeddable":true,"href":"https:\/\/www.europesays.com\/es\/wp-json\/wp\/v2\/media\/292418"}],"wp:attachment":[{"href":"https:\/\/www.europesays.com\/es\/wp-json\/wp\/v2\/media?parent=292417"}],"wp:term":[{"taxonomy":"category","embeddable":true,"href":"https:\/\/www.europesays.com\/es\/wp-json\/wp\/v2\/categories?post=292417"},{"taxonomy":"post_tag","embeddable":true,"href":"https:\/\/www.europesays.com\/es\/wp-json\/wp\/v2\/tags?post=292417"}],"curies":[{"name":"wp","href":"https:\/\/api.w.org\/{rel}","templated":true}]}}