{"id":292419,"date":"2025-12-17T07:50:16","date_gmt":"2025-12-17T07:50:16","guid":{"rendered":"https:\/\/www.europesays.com\/es\/292419\/"},"modified":"2025-12-17T07:50:16","modified_gmt":"2025-12-17T07:50:16","slug":"rivas-un-espacio-para-la-inversion-y-para-la-generacion-de-oportunidades","status":"publish","type":"post","link":"https:\/\/www.europesays.com\/es\/292419\/","title":{"rendered":"Rivas, un espacio para la inversi\u00f3n y para la generaci\u00f3n de oportunidades"},"content":{"rendered":"<p>M\u00e1s informaci\u00f3n<\/p>\n<p> <a href=\"https:\/\/www.rivasciudad.es\/noticias\/hacienda\/2025\/11\/27\/el-pleno-da-luz-verde-al-presupuesto-municipal-para-2026-que-crece-hasta-los-15773-millones-de-euros\/862600264435\/\" rel=\"nofollow noopener\" target=\"_blank\"> <img loading=\"lazy\" decoding=\"async\" src=\"https:\/\/www.europesays.com\/es\/wp-content\/uploads\/2025\/12\/Ayuntamiento-fachada-posterior-alargada-600x400.jpg\" width=\"600\" height=\"400\" alt=\"El Pleno da luz verde al presupuesto municipal para 2026, que crece hasta los 157,53 millones de euros\"\/> <\/a> <a href=\"https:\/\/www.rivasciudad.es\/noticias\/empresas-y-comercios\/2025\/10\/28\/si-tienes-una-idea-de-negocio-el-programa-rivas-emprende-te-acompana-para-crearlo\/862600262768\/\" rel=\"nofollow noopener\" target=\"_blank\"> <img loading=\"lazy\" decoding=\"async\" src=\"https:\/\/www.europesays.com\/es\/wp-content\/uploads\/2025\/12\/Rivas-emprende-reportaje-3-600x400.jpg\" width=\"600\" height=\"400\" alt=\"Si tienes una idea de negocio, Rivas Emprende te acompa\u00f1a para hacerla viable\"\/> <\/a><\/p>\n<p>La alcaldesa de Rivas, A\u00edda Castillejo, se ha reunido esta ma\u00f1ana con medio centenar de empresas para presentarles algunos de los proyectos de futuro en que trabaja el Gobierno municipal y que convierten a Rivas en un espacio ideal para la inversi\u00f3n y la generaci\u00f3n de oportunidades.<\/p>\n<p>En el marco de la iniciativa Rivas Business Meet Up, Castillejo ha ido desgranando algunos de los proyectos singulares y motores de la ciudad, como el Plan Estrat\u00e9gico de Vivienda, el proyecto de cubrimiento del metro o el proyecto de la plaza de Lolo Rico, con la creaci\u00f3n de una zona dotacional de uso comercial y de referencia para los vecinos y las vecinas del barrio de La Luna.<\/p>\n<p>Al encuentro han asistido representantes de distintos sectores, como el de la construcci\u00f3n, el hotelero o el comercial. Todos ellos han podido conocer la Agenda Urbana Rivas 2030, como eje vertebrador del proyecto de ciudad de Rivas, participado por la ciudadan\u00eda y lleno de oportunidades para la generaci\u00f3n de riqueza y empleo.<\/p>\n<p>Las personas asistentes han podido conocer la situaci\u00f3n de las distintas parcelas que a\u00fan est\u00e1n por urbanizar y el uso que tiene cada una de ellas, en un momento en el que Rivas est\u00e1 revisando su Plan General de Ordenaci\u00f3n Urbana para adaptarlo a las necesidades actuales de la ciudad.<\/p>\n<p><strong>PROYECTO HORIZONTE: CUBRIMIENTO DEL METRO\u00a0<\/strong><\/p>\n<p>Uno de los proyectos en que m\u00e1s ha insistido Castillejo es en el Proyecto Horizonte para el cubrimiento del metro a su paso por la ciudad. \u201cSe trata de un proyecto que transformar\u00e1 la ciudad y que romper\u00e1 la brecha que abren las v\u00edas entre la zona residencial y la zona productiva\u201d, ha dicho este martes la alcaldesa.<\/p>\n<p>El soterramiento del metro servir\u00e1 para construir un gran corredor verde de 2,5 km de longitud y 30 metros de ancho, accesible y con servicios de proximidad, que servir\u00e1 para cohesionar la ciudad desde el punto de vista territorial y que unir\u00e1 ambas zonas de la ciudad a pie o en bicicleta. Incluye tambi\u00e9n la construcci\u00f3n de una cuarta estaci\u00f3n de metro.<\/p>\n<p>El encuentro ha estado coordinado por la Secretar\u00eda T\u00e9cnica de Ciudad (STEC), el departamento municipal encargado de detectar nuevos nichos de desarrollo y de promover y generar espacios de oportunidad no solo para las empresas, sino para el conjunto de la ciudadan\u00eda.<\/p>\n<p>En definitiva, el encuentro celebrado esta ma\u00f1ana pretende abrir un espacio de reflexi\u00f3n compartida con los agentes econ\u00f3micos que son clave en el tejido productivo de Rivas en torno a proyectos municipales que son estrat\u00e9gicos de la ciudad y fundamentales para abordar sus retos de futuro.<\/p>\n<p>Tras este encuentro, en el que tambi\u00e9n ha participado de forma activa ASEARCO, representante de la Confederaci\u00f3n Empresarial de Madrid (CEIM) en el sureste madrile\u00f1o, se conformar\u00e1n mesas sectoriales de trabajo en relaci\u00f3n con el desarrollo econ\u00f3mico y el empleo: la construcci\u00f3n, la vivienda o las dotaciones. Por parte del sector productivo, el encuentro ha sido acogido con inter\u00e9s, agradeciendo la iniciativa y la puesta en marcha del proceso de di\u00e1logo.<\/p>\n<p><img loading=\"lazy\" decoding=\"async\" class=\"aligncenter wp-image-862600265524 size-full\" src=\"https:\/\/www.europesays.com\/es\/wp-content\/uploads\/2025\/12\/Rivas-Business-Meet-Up-2-e1765885279173.jpg\" alt=\"\" width=\"800\" height=\"533\"  \/><\/p>\n<p><strong>1.200 EMPRESAS ACTIVAS<\/strong><\/p>\n<p>Rivas cuenta en la actualidad con 1.200 empresas activas, con un incremento del 23% en los \u00faltimos cinco a\u00f1os. Los principales sectores de la econom\u00eda ripense son el comercio, los servicios, la log\u00edstica y la industria ligera. \u201cHablamos de una ciudad referente, que lidera la tasa de actividad en Espa\u00f1a en los \u00faltimos siete a\u00f1os y que se sit\u00faa entre los municipios espa\u00f1oles con una menor brecha de renta\u201d, ha dicho la alcaldesa, A\u00edda Castillejo.<\/p>\n<p>Hay otros indicadores que se\u00f1alan a Rivas como una ciudad pensada para el bienestar. Con 105.000 habitantes (un cuarto de esa poblaci\u00f3n es menor de 20 a\u00f1os), la ciudad suma 86 centros p\u00fablicos, entre los que destacan una red educativa, cultural y deportiva que son una referencia en el sureste de la Comunidad de Madrid. Por algo, Rivas es una de las ciudades madrile\u00f1as con mejor calidad de vida seg\u00fan el INE.<\/p>\n","protected":false},"excerpt":{"rendered":"M\u00e1s informaci\u00f3n La alcaldesa de Rivas, A\u00edda Castillejo, se ha reunido esta ma\u00f1ana con medio centenar de empresas&hellip;\n","protected":false},"author":2,"featured_media":292420,"comment_status":"","ping_status":"","sticky":false,"template":"","format":"standard","meta":{"footnotes":""},"categories":[8],"tags":[17,18,25,24,13,14,11,19,20,9,10,15,16,23,12,21,22],"class_list":{"0":"post-292419","1":"post","2":"type-post","3":"status-publish","4":"format-standard","5":"has-post-thumbnail","7":"category-espana","8":"tag-breaking-news","9":"tag-breakingnews","10":"tag-es","11":"tag-espana","12":"tag-featured-news","13":"tag-featurednews","14":"tag-headlines","15":"tag-latest-news","16":"tag-latestnews","17":"tag-news","18":"tag-noticias","19":"tag-noticias-destacadas","20":"tag-noticiasdestacadas","21":"tag-spain","22":"tag-titulares","23":"tag-ultimas-noticias","24":"tag-ultimasnoticias"},"share_on_mastodon":{"url":"https:\/\/pubeurope.com\/@es\/115733818813559922","error":""},"_links":{"self":[{"href":"https:\/\/www.europesays.com\/es\/wp-json\/wp\/v2\/posts\/292419","targetHints":{"allow":["GET"]}}],"collection":[{"href":"https:\/\/www.europesays.com\/es\/wp-json\/wp\/v2\/posts"}],"about":[{"href":"https:\/\/www.europesays.com\/es\/wp-json\/wp\/v2\/types\/post"}],"author":[{"embeddable":true,"href":"https:\/\/www.europesays.com\/es\/wp-json\/wp\/v2\/users\/2"}],"replies":[{"embeddable":true,"href":"https:\/\/www.europesays.com\/es\/wp-json\/wp\/v2\/comments?post=292419"}],"version-history":[{"count":0,"href":"https:\/\/www.europesays.com\/es\/wp-json\/wp\/v2\/posts\/292419\/revisions"}],"wp:featuredmedia":[{"embeddable":true,"href":"https:\/\/www.europesays.com\/es\/wp-json\/wp\/v2\/media\/292420"}],"wp:attachment":[{"href":"https:\/\/www.europesays.com\/es\/wp-json\/wp\/v2\/media?parent=292419"}],"wp:term":[{"taxonomy":"category","embeddable":true,"href":"https:\/\/www.europesays.com\/es\/wp-json\/wp\/v2\/categories?post=292419"},{"taxonomy":"post_tag","embeddable":true,"href":"https:\/\/www.europesays.com\/es\/wp-json\/wp\/v2\/tags?post=292419"}],"curies":[{"name":"wp","href":"https:\/\/api.w.org\/{rel}","templated":true}]}}