{"id":292421,"date":"2025-12-17T07:51:10","date_gmt":"2025-12-17T07:51:10","guid":{"rendered":"https:\/\/www.europesays.com\/es\/292421\/"},"modified":"2025-12-17T07:51:10","modified_gmt":"2025-12-17T07:51:10","slug":"ter-stegen-solo-jugara-este-partido","status":"publish","type":"post","link":"https:\/\/www.europesays.com\/es\/292421\/","title":{"rendered":"Ter Stegen s\u00f3lo jugar\u00e1 este partido"},"content":{"rendered":"<p data-gtm-element-container=\"modulo-texto-link\" class=\"paragraph\">En los proleg\u00f3menos del <strong>Guadalajara-Bar\u00e7a<\/strong> de los 1\/16 de final de la Copa del Rey, <strong>Hansi Flick <\/strong>explic\u00f3 el porqu\u00e9 de sus decisiones al componer el once inicial azulgrana. Ante la pregunta en Movistar + de si<strong> Marc ter Stegen <\/strong>es el n\u00famero 2 por delante de <strong>Wojciech Szczcesny<\/strong>, el t\u00e9cnico alem\u00e1n asegur\u00f3 que\u00a0 su titularidad \u00abes s\u00f3lo para hoy\u00bb y a\u00f1adi\u00f3 que \u00abest\u00e1 en forma y puede demostrar que est\u00e1 listo\u00bb.\u00a0 De esta manera, aunque no lo dijo expl\u00edcitamente, puede sobreentenderse que la idea es que se visualice que <strong>Ter Stegen<\/strong> est\u00e1 recuperado despu\u00e9s de cuatro meses de baja de cara a poder decidir su futuro en el inminente mercado de enero.<\/p>\n<p data-gtm-element-container=\"modulo-texto-link\" class=\"paragraph\"><strong>Flick <\/strong>sorprendi\u00f3 al situar a <strong>Marc Casad\u00f3 <\/strong>de lateral derecho, donde ya jug\u00f3 en el <strong>Bar\u00e7a Atl\u00e8tic <\/strong>con <strong>Rafa M\u00e1rquez<\/strong>, pese a que ayer dijo que le ve\u00eda m\u00e1s de 6 o de 8. El t\u00e9cnico lo reiter\u00f3: \u00ab<strong>Casad\u00f3 <\/strong>jugar\u00e1 de lateral, para m\u00ed es m\u00e1s 6 o 8, pero quer\u00eda dar un descanso a Jules y es importante que tenga minutos\u00bb.<\/p>\n<p>    Lee tambi\u00e9n<\/p>\n<p data-gtm-element-container=\"modulo-texto-link\" class=\"paragraph\">Por \u00faltimo, el entrenador barcelonista lament\u00f3 que el encuentro empiece media hora despu\u00e9s de lo previsto, es decir, a las 21.30 horas, debido a razones de seguridad del estadio <strong>Pedro Escart\u00edn<\/strong>: \u00abEl retraso no es bueno, pero los jugadores tienen que adaptarse a las circunstancias\u00bb.<\/p>\n","protected":false},"excerpt":{"rendered":"En los proleg\u00f3menos del Guadalajara-Bar\u00e7a de los 1\/16 de final de la Copa del Rey, Hansi Flick explic\u00f3&hellip;\n","protected":false},"author":2,"featured_media":292422,"comment_status":"","ping_status":"","sticky":false,"template":"","format":"standard","meta":{"footnotes":""},"categories":[5],"tags":[17,18,25,24,13,14,11,19,20,9,10,15,16,23,12,21,22],"class_list":{"0":"post-292421","1":"post","2":"type-post","3":"status-publish","4":"format-standard","5":"has-post-thumbnail","7":"category-titulares","8":"tag-breaking-news","9":"tag-breakingnews","10":"tag-es","11":"tag-espana","12":"tag-featured-news","13":"tag-featurednews","14":"tag-headlines","15":"tag-latest-news","16":"tag-latestnews","17":"tag-news","18":"tag-noticias","19":"tag-noticias-destacadas","20":"tag-noticiasdestacadas","21":"tag-spain","22":"tag-titulares","23":"tag-ultimas-noticias","24":"tag-ultimasnoticias"},"share_on_mastodon":{"url":"https:\/\/pubeurope.com\/@es\/115733822406557501","error":""},"_links":{"self":[{"href":"https:\/\/www.europesays.com\/es\/wp-json\/wp\/v2\/posts\/292421","targetHints":{"allow":["GET"]}}],"collection":[{"href":"https:\/\/www.europesays.com\/es\/wp-json\/wp\/v2\/posts"}],"about":[{"href":"https:\/\/www.europesays.com\/es\/wp-json\/wp\/v2\/types\/post"}],"author":[{"embeddable":true,"href":"https:\/\/www.europesays.com\/es\/wp-json\/wp\/v2\/users\/2"}],"replies":[{"embeddable":true,"href":"https:\/\/www.europesays.com\/es\/wp-json\/wp\/v2\/comments?post=292421"}],"version-history":[{"count":0,"href":"https:\/\/www.europesays.com\/es\/wp-json\/wp\/v2\/posts\/292421\/revisions"}],"wp:featuredmedia":[{"embeddable":true,"href":"https:\/\/www.europesays.com\/es\/wp-json\/wp\/v2\/media\/292422"}],"wp:attachment":[{"href":"https:\/\/www.europesays.com\/es\/wp-json\/wp\/v2\/media?parent=292421"}],"wp:term":[{"taxonomy":"category","embeddable":true,"href":"https:\/\/www.europesays.com\/es\/wp-json\/wp\/v2\/categories?post=292421"},{"taxonomy":"post_tag","embeddable":true,"href":"https:\/\/www.europesays.com\/es\/wp-json\/wp\/v2\/tags?post=292421"}],"curies":[{"name":"wp","href":"https:\/\/api.w.org\/{rel}","templated":true}]}}